{"id":1035,"date":"2019-11-19T13:14:12","date_gmt":"2019-11-19T12:14:12","guid":{"rendered":"https:\/\/cristinaorozbajo.com\/los-estimulos-musicales-afectan-el-procesamiento-emocional-de-las-palabras-y-las-expresiones-faciales\/"},"modified":"2019-11-19T13:14:12","modified_gmt":"2019-11-19T12:14:12","slug":"els-estimuls-musicals-afecten-el-processament-emocional-de-les-paraules-i-les-expressions-facials","status":"publish","type":"post","link":"https:\/\/cristinaorozbajo.com\/ca\/els-estimuls-musicals-afecten-el-processament-emocional-de-les-paraules-i-les-expressions-facials\/","title":{"rendered":"Musica, Emoci\u00f3 i Llenguatge: Els est\u00edmuls musicals afecten el processament emocional de les paraules i les expressions facials."},"content":{"rendered":"<p>La m\u00fasica, l&#039;emoci\u00f3 i el llenguatge demostren estar units i relacionats directament. Sempre al punt de mira de la investigaci\u00f3 cient\u00edfica\u2026 per qu\u00e8 ser\u00e0? <strong>Com podem dubtar el poder de la m\u00fasica al paper del llenguatge i la comunicaci\u00f3, no \u00e9s emoci\u00f3 pura?<\/strong><\/p>\n\n\n\n<p>Un estudi a la Universitat de Calif\u00f2rnia va utilitzar el paradigma de \u201cpriming\u201d per estudiar com funciona el <strong>proc\u00e9s de memoritzaci\u00f3 del llenguatge i les emocions<\/strong> per mesurar l\u201fefic\u00e0cia del potencial dels est\u00edmuls musicals. La m\u00fasica t\u00e9 el poder d&#039;afectar el processament emocional en la modalitat ling\u00fc\u00edstica i expressiva. Van poder demostrar que els est\u00edmuls musicals afecten el processament emocional de les paraules i les expressions facials.<\/p>\n\n\n\n<p>Es va avaluar a trav\u00e9s de dos experiments; <strong>el primer experiment va presentar paraules i el segon experiment va presentar expressions facials<\/strong> <strong>(emocions).<\/strong> Van avaluar:<\/p>\n\n\n\n<ul class=\"wp-block-list\"><li><em>El processament objectiu de paraules comparat amb les expressions facials en pres\u00e8ncia i abs\u00e8ncia de m\u00fasica.<\/em><\/li><li><em>Limpacte del processament de paraules i cares amb progressions dacords afectivament congruents amb acords afectivament incongruents.<\/em><\/li><\/ul>\n\n\n\n<p>Els resultats suggereixen novament que <strong>la m\u00fasica facilita el processament emocional<\/strong> sempre que compti amb una <strong>congru\u00e8ncia musical<\/strong> afectiva amb all\u00f2 que es presenta. Aix\u00f2 determina la import\u00e0ncia de la intervenci\u00f3 musical sobre el potencial atencional emocional en el processament dadquisici\u00f3 de paraules i expressions facials.<a href=\"\/ca\/\"http:>.<\/a><\/p>\n\n\n\n<p><em>\u00abLa m\u00fasica \u00e9s l?art m\u00e9s directe, entra per l?orella i va al cor.\u00bb<\/em> -Magdalena Mart\u00ednez-<\/p>\n\n\n\n<p>\u00c9s innegable la capacitat de la m\u00fasica d&#039;actuar com<strong> disciplina terap\u00e8utica <\/strong>i permet:<\/p>\n\n\n\n<ul class=\"wp-block-list\"><li>Millorar el nivell d&#039;afectivitat i de conducta.<\/li><li>Desenvolupar la comunicaci\u00f3 i els mitjans d&#039;expressi\u00f3.<\/li><li>Alliberar energia reprimida.<\/li><li>Desenvolupar la sensibilitzaci\u00f3 afectiva-emocional.<\/li><li>Dotar les persones de viv\u00e8ncies musicals enriquidores que ajudin a motivar-se.<\/li><li>Refor\u00e7ar l&#039;autoestima i la personalitat.<\/li><li>Rehabilitar, socialitzar i educar.<\/li><\/ul>\n\n\n\n<p><strong>El so i la m\u00fasica produeixen emocions<\/strong>, i aquestes modifiquen la fisiologia, les nostres hormones, alteren el ritme card\u00edac i pulsacions. Tenir en compte tamb\u00e9 que<strong> les<a href=\"\/ca\/\"https:> \u00e0rees cerebrals<\/a> que activen m\u00fasica i emocions s\u00f3n pr\u00e0cticament les mateixes<\/strong>. Quan el cervell percep les ones sonores es produeixen certes reaccions psicofisiol\u00f2giques. Responem amb emocions i provoquen alteracions fisiol\u00f2giques com l&#039;augment de la segregaci\u00f3 de neurotransmissors i altres hormones, que actuen sobre el sistema nervi\u00f3s central.<\/p>\n\n\n\n<p><strong>La m\u00fasica pot modificar els nostres ritmes fisiol\u00f2gics, alterar el nostre estat emocional<\/strong> i ser capa\u00e7 de canviar la nostra actitud mental, aportant pau i harmonia al nostre esperit. La m\u00fasica exerceix una influ\u00e8ncia poderosa sobre l&#039;\u00e9sser hum\u00e0 a tots els nivells.<\/p>\n\n\n\n<p><em>Sembla que m\u00fasica, emoci\u00f3 i llenguatge s\u00f3n els encarregats d&#039;activar la mem\u00f2ria en l&#039;aprenentatge i l&#039;estimulaci\u00f3. La<strong> mem\u00f2ria musical<\/strong> s\u00f3n processats en <\/em><strong>les<a href=\"\/ca\/\"https:> \u00e0rees cerebrals<\/a><\/strong><em> que no s\u00f3n les que habitualment s&#039;associen amb la mem\u00f2ria epis\u00f2dica, la sem\u00e0ntica o l&#039;autobiogr\u00e0fica<\/em>. Qui no recorda les can\u00e7ons del col\u00b7legi, encara que tinguin a veure amb les preposicions per una melodia enganxosa que va acompanyar el proc\u00e9s de l&#039;aprenentatge?<\/p>\n\n\n\n<p class=\"\\\"has-text-align-center\\\"\"><em>\u00ab<strong>Els records que m\u00e9s perduren s\u00f3n els que estan lligats a una viv\u00e8ncia emocional intensa<\/strong>\u00a0i just\u00a0<strong>la m\u00fasica amb el que est\u00e0 m\u00e9s lligat \u00e9s amb les emocions<\/strong>\u00a0i l?emoci\u00f3 \u00e9s una porta al record\u00bb.<\/em><br>(F., Perez-Robledo)<\/p>\n\n\n\n<p>Enlla\u00e7os d&#039;inter\u00e8s:<\/p>\n\n\n\n<p><a href=\"\/ca\/\"https:>Aplicacions de la Musicoter\u00e0pia neurol\u00f2gica a la neurorehabilitaci\u00f3 cognitiva. <\/a><\/p>\n\n\n\n<p><a href=\"\/ca\/\"https:>Autisme_ Factors relacionals en Musicoter\u00e0pia.<\/a><\/p>\n\n\n\n<p><a href=\"\/ca\/\"https:>Parlant musicalment: Autisme, M\u00fasica i Tecnologia.<\/a><\/p>\n\n\n\n<p><a href=\"\/ca\/\"https:>La Musicoter\u00e0pia ajuda a parlar un nen amb autisme.<\/a><\/p>\n\n\n\n<p>Jauset Berrocal, Jordi A. (2008). M\u00fasica i neuroci\u00e8ncia: la musicoter\u00e0pia. Els seus fonaments, efectes i aplicacions terap\u00e8utiques. Barcelona: Editorial UOC.<\/p>\n\n\n\n<p><a href=\"\/ca\/\"https:>M\u00fasica i emocions<\/a><\/p>\n\n\n\n<p><\/p>","protected":false},"excerpt":{"rendered":"<p>La m\u00fasica, la emoci\u00f3n y el lenguaje demuestran estar unidos y directamente relacionados. Siempre en el punto de mira de [&hellip;]<\/p>\n","protected":false},"author":1,"featured_media":1043,"comment_status":"open","ping_status":"open","sticky":false,"template":"","format":"standard","meta":{"site-sidebar-layout":"default","site-content-layout":"","ast-site-content-layout":"default","site-content-style":"default","site-sidebar-style":"default","ast-global-header-display":"","ast-banner-title-visibility":"","ast-main-header-display":"","ast-hfb-above-header-display":"","ast-hfb-below-header-display":"","ast-hfb-mobile-header-display":"","site-post-title":"","ast-breadcrumbs-content":"","ast-featured-img":"","footer-sml-layout":"","ast-disable-related-posts":"","theme-transparent-header-meta":"","adv-header-id-meta":"","stick-header-meta":"","header-above-stick-meta":"","header-main-stick-meta":"","header-below-stick-meta":"","astra-migrate-meta-layouts":"default","ast-page-background-enabled":"default","ast-page-background-meta":{"desktop":{"background-color":"","background-image":"","background-repeat":"repeat","background-position":"center center","background-size":"auto","background-attachment":"scroll","background-type":"","background-media":"","overlay-type":"","overlay-color":"","overlay-opacity":"","overlay-gradient":""},"tablet":{"background-color":"","background-image":"","background-repeat":"repeat","background-position":"center center","background-size":"auto","background-attachment":"scroll","background-type":"","background-media":"","overlay-type":"","overlay-color":"","overlay-opacity":"","overlay-gradient":""},"mobile":{"background-color":"","background-image":"","background-repeat":"repeat","background-position":"center center","background-size":"auto","background-attachment":"scroll","background-type":"","background-media":"","overlay-type":"","overlay-color":"","overlay-opacity":"","overlay-gradient":""}},"ast-content-background-meta":{"desktop":{"background-color":"var(--ast-global-color-5)","background-image":"","background-repeat":"repeat","background-position":"center center","background-size":"auto","background-attachment":"scroll","background-type":"","background-media":"","overlay-type":"","overlay-color":"","overlay-opacity":"","overlay-gradient":""},"tablet":{"background-color":"var(--ast-global-color-5)","background-image":"","background-repeat":"repeat","background-position":"center center","background-size":"auto","background-attachment":"scroll","background-type":"","background-media":"","overlay-type":"","overlay-color":"","overlay-opacity":"","overlay-gradient":""},"mobile":{"background-color":"var(--ast-global-color-5)","background-image":"","background-repeat":"repeat","background-position":"center center","background-size":"auto","background-attachment":"scroll","background-type":"","background-media":"","overlay-type":"","overlay-color":"","overlay-opacity":"","overlay-gradient":""}},"footnotes":""},"categories":[18],"tags":[],"class_list":["post-1035","post","type-post","status-publish","format-standard","has-post-thumbnail","hentry","category-investigacion"],"_links":{"self":[{"href":"https:\/\/cristinaorozbajo.com\/ca\/wp-json\/wp\/v2\/posts\/1035","targetHints":{"allow":["GET"]}}],"collection":[{"href":"https:\/\/cristinaorozbajo.com\/ca\/wp-json\/wp\/v2\/posts"}],"about":[{"href":"https:\/\/cristinaorozbajo.com\/ca\/wp-json\/wp\/v2\/types\/post"}],"author":[{"embeddable":true,"href":"https:\/\/cristinaorozbajo.com\/ca\/wp-json\/wp\/v2\/users\/1"}],"replies":[{"embeddable":true,"href":"https:\/\/cristinaorozbajo.com\/ca\/wp-json\/wp\/v2\/comments?post=1035"}],"version-history":[{"count":0,"href":"https:\/\/cristinaorozbajo.com\/ca\/wp-json\/wp\/v2\/posts\/1035\/revisions"}],"wp:featuredmedia":[{"embeddable":true,"href":"https:\/\/cristinaorozbajo.com\/ca\/wp-json\/wp\/v2\/media\/1043"}],"wp:attachment":[{"href":"https:\/\/cristinaorozbajo.com\/ca\/wp-json\/wp\/v2\/media?parent=1035"}],"wp:term":[{"taxonomy":"category","embeddable":true,"href":"https:\/\/cristinaorozbajo.com\/ca\/wp-json\/wp\/v2\/categories?post=1035"},{"taxonomy":"post_tag","embeddable":true,"href":"https:\/\/cristinaorozbajo.com\/ca\/wp-json\/wp\/v2\/tags?post=1035"}],"curies":[{"name":"wp","href":"https:\/\/api.w.org\/{rel}","templated":true}]}}