{"id":1037,"date":"2019-11-05T11:12:05","date_gmt":"2019-11-05T10:12:05","guid":{"rendered":"https:\/\/cristinaorozbajo.com\/tu-nino-con-autismo-tira-del-pelo-muerde-lanza-objetos-rompe-cosas-tira-la-comida-mete-la-mano-en-el-plato-mientras-come-escupe-se-quita-la-ropa-fuera-de-casa-se-golpea-continuamente\/"},"modified":"2019-11-05T11:12:05","modified_gmt":"2019-11-05T10:12:05","slug":"el-teu-nen-amb-autisme-tira-dels-cabells-mossega-llanca-objectes-trenca-coses-llenca-el-menjar-fica-la-ma-al-plat-mentre-menja-escup-es-treu-la-roba-fora-de-casa-es-colpeja-continuament","status":"publish","type":"post","link":"https:\/\/cristinaorozbajo.com\/ca\/el-teu-nen-amb-autisme-tira-dels-cabells-mossega-llanca-objectes-trenca-coses-llenca-el-menjar-fica-la-ma-al-plat-mentre-menja-escup-es-treu-la-roba-fora-de-casa-es-colpeja-continuament\/","title":{"rendered":"El teu nen amb autisme estira els cabells, mossega, llan\u00e7a objectes, trenca coses, llen\u00e7a el menjar, fica la m\u00e0 al plat mentre menja, escup, es treu la roba fora de casa, es colpeja cont\u00ednuament\u2026 No saps com fer que desapareguin?"},"content":{"rendered":"<p>Hi ha multitud de conductes que en principi integrem per\u00f2 que alguna cosa ens diu al nostre interior que hem de treballar perqu\u00e8 no s\u00f3n beneficioses per al nen ni per a<strong>la correcta integraci\u00f3 del nostre nen amb ell mateix, a casa ia l&#039;entorn social. <\/strong><\/p>\n\n\n\n<p>Quan eduquem els nostres nens t\u00edpics tenim molt clar els l\u00edmits i les exig\u00e8ncies que determinem per a la seva educaci\u00f3 per\u00f2 quan els nostres nens tenen algun tipus de dificultat, trastorn o condici\u00f3 de desigualtat els patrons aquesta realitat canvia i apareixen situacions que no haurien estat imaginables. <strong>\u00c9s una situaci\u00f3 natural i no ens hem de culpar per aix\u00f2 sin\u00f3 seguir la nostra intu\u00efci\u00f3 i reconduir aquestes situacions on ens dicta el nostre cor pel b\u00e9 dels nostres infants.<\/strong> En aquests casos el pla d&#039;acci\u00f3 \u00e9s molt m\u00e9s necessari perqu\u00e8 en determinar\u00e0 l&#039;\u00e8xit individual i social i, en conseq\u00fc\u00e8ncia, la felicitat.<\/p>\n\n\n\n<p>De vegades sembla divertit, curi\u00f3s o cosa de nens quan aquestes conductes apareixen que gaireb\u00e9 ni ens adonem i que no semblen rellevants. Una eina per avaluar la gravetat de la conducta? <strong>imaginem el nostre nen amb 10 anys m\u00e9s en plena adolesc\u00e8ncia i de la mida d&#039;un adult fent aix\u00f2 en p\u00fablic<\/strong>. Aqu\u00ed tenim la l\u00ednia per avaluar si ens hem de posar a treballar o realment no t\u00e9 import\u00e0ncia i podem seguir sense establir un pla d&#039;acci\u00f3.<\/p>\n\n\n\n<p>Abans de comen\u00e7ar el Pla d&#039;Acci\u00f3 \u00e9s molt important tenir en compte que <strong>no hi hagi cap dolor, problema m\u00e8dic o de salut <\/strong>que estigui provocant aquesta conducta, de vegades d&#039;una malaltia pot haver-hi una intensa expressi\u00f3 conductual que \u00e9s senyal de prendre les accions m\u00e8diques oportunes.<\/p>\n\n\n\n<p>Per realitzar aquesta avaluaci\u00f3 quan tenim nens \\&quot;conductuals\\&quot; (que presenten quantitat significativa de conductes disruptives o inadequades) el <strong>PRIMER CONSELL<\/strong> \u00e9s utilitzar un <strong>\\\u00bbQuadern de comportament<\/strong>\\\u00bb. L&#039;ideal seria registrar-hi la data, hora, lloc, antecedents (que va passar abans), descripci\u00f3 de la conducta, com el nen se sentia realitzant-la i com la gent va respondre a aquesta conducta.<\/p>\n\n\n\n<p>El <strong>SEGON CONSELL<\/strong> \u00e9s marcar-te <strong>un objectiu alhora<\/strong>, com a m\u00e0xim dues per\u00f2 que siguin de dues \u00e0rees diferents i que actu\u00efn de forma independent. Cal ser <strong>realistes<\/strong> i marcar objectius assolibles, aix\u00f2 va per al nen i per als pares, <strong>els canvis del comportament no succeeixen de la nit al dia i si no pot ser frustrant!<\/strong><\/p>\n\n\n\n<p>El <strong>TERCER CONSELL<\/strong> \u00e9s \\\u00bb<strong>som un equip i hem d&#039;actuar junts<\/strong>\u00bb germans, avis\u2026fam\u00edlia, escola i terapeutes hem de ser consistents perqu\u00e8 aqu\u00ed rau la nostra for\u00e7a i efectivitat. Tots hem d&#039;estar informats i hem de tenir els mateixos objectius i reaccions pel que fa a la conducta.<\/p>\n\n\n\n<p>El <strong>QUART CONSELL<\/strong> \u00e9s el <strong>Pla d&#039;acci\u00f3<\/strong>, les estrat\u00e8gies s\u00f3n les seg\u00fcents, <strong><em>tenir en compte que cada conducta \u00e9s particular i t\u00e9 una funci\u00f3 a cada nen<\/em><\/strong> aix\u00ed que aquestes s\u00f3n orientacions generals, cada equip pot fer el pla d&#039;acci\u00f3 individual adaptat a la conducta i al nen. Les estrat\u00e8gies s\u00f3n:<\/p>\n\n\n\n<ul class=\"wp-block-list\"><li><strong>Prevenci\u00f3<\/strong>: hem de baixar la freq\u00fc\u00e8ncia de la conducta aix\u00ed que hem de prevenir sempre les situacions on aquesta apareix fins que siguem capa\u00e7os de manejar-la i reconduir-la amb objectius constructius i funcionalitzar-la.<\/li><li><strong>Refor\u00e7ar conductes apropiades<\/strong>: hi ha moltes situacions on aquesta conducta podria aparcer i no ho fa aix\u00ed que posarem la nostra atenci\u00f3 aqu\u00ed, en la seva <strong>esfor\u00e7 i positivitat<\/strong>, hi ha molts moments que ja s\u00f3n \u00e8xits per als nostres nens i els passem per alt i normalitzem quan s\u00f3n extraordin\u00e0riament positius i potents per potenciar les conductes apropiades en el vostre nen, <strong><em>&quot;aix\u00f2 \u00e9s el que vull que facis en comptes d&#039;aix\u00f2 no vull que ho facis&quot;.<\/em><\/strong><\/li><li><strong>Extinci\u00f3<\/strong>: L&#039;extinci\u00f3 \u00e9s seguir com si res, no \u00e9s fer un silenci, mirar el nen i despr\u00e9s seguir caminant amb cara descomposta. Es tracta que la conducta no segueixi exercint impacte en el dia a dia, eliminant estr\u00e8s, incomoditat, desorientaci\u00f3\u2026 <strong><em>\\\u00bbm\u00e9s nervi\u00f3s tu m\u00e9s tranquil\u00b7la jo\\\u00bb<\/em><\/strong> aix\u00f2 \u00e9s molt \u00fatil quan no tenim temps per reconduir-la, <strong><em>&quot;tot el que no veus no existeix&quot;,<\/em> <\/strong>i en el dia a dia hi ha molts moments que aix\u00f2 passa i no tenim ni les forces ni el temps de portar correctament la conting\u00e8ncia aix\u00ed que segueix caminant i respira profund, en un altre moment ser\u00e0!<\/li><li><strong>Acci\u00f3<\/strong>: Determinem la funci\u00f3 que aquesta conducta t\u00e9 i aconseguim <strong>pensar en alternatives funcionals per donar-li sortida, de manera constructiva.<\/strong> Aqu\u00ed en tenim alguns exemples: si tenim nens que mosseguen, utilitzar mossegadors i estimulaci\u00f3 bocal; si tenim nens que estiren els cabells, utilitzem teles, nines, massatges on el contacte i la part sensorial sigui fort, si tenim nens que es despullen provocar-lo intencionalment m\u00e9s vegades al dia per\u00f2 de manera controlada per exemple per a un bany i vigilar la roba i la temperatura que no hi hagi res que molesti; si hi ha nens que fiquen cont\u00ednuament al menjar, cercadors d&#039;aigua i l\u00edquids orientarem el joc a l&#039;aigua, fang, escumes\u2026 Segur que hi haur\u00e0 una manera de reconduir la conducta cap a una altra de m\u00e9s \u00fatil, apropiada i que serveix d&#039;autoregulaci\u00f3 efectiva per al nen. Pensar que \\\u00bb<strong>no \u00e9s que no vulgui sin\u00f3 que no pot actuar d&#039;una altra manera\u201d<\/strong>, aqu\u00ed <em>el llenguatge hi t\u00e9 molt a veure perqu\u00e8 \u00e9s directament proporcional a l&#039;abs\u00e8ncia de conductes.<\/em><\/li><li><strong>Consist\u00e8ncia<\/strong>: solen dir que <em><strong>abans que una conducta desaparegui puja en freq\u00fc\u00e8ncia i intensitat<\/strong><\/em><strong>, <\/strong>i t\u00e9 molta ra\u00f3, si sempre que hem trucat al timbre d&#039;una porta ens han obert, quan aix\u00f2 no passa. qu\u00e8 fem? Seguir trucant fins que ens resignem al fet que no hi ha ning\u00fa a casa i anar-nos o escollir una altra manera per aconseguir accedir a l&#039;interior. Aix\u00ed que aqu\u00ed \u00e9s on els 3 primers punts han d&#039;estar forts i inamovibles. <strong>(Prevenci\u00f3+Refor\u00e7ar+Extinci\u00f3)<\/strong><\/li><\/ul>\n\n\n\n<p>Amb totes aquestes pautes podem tenir una efectiva acci\u00f3 davant d&#039;aquestes conductes, <strong>sempre dotant i fomentant la comunicaci\u00f3 dels nostres fills<\/strong> perqu\u00e8 puguin fer servir un altre tipus d&#039;expressivitat per a aquests moments que nosaltres naturalitzem a trav\u00e9s de la comunicaci\u00f3. Tenir <strong>Paci\u00e8ncia, serenitat i acompanyar<\/strong> als vostres fills i recolzar-vos en <strong>professionals experts<\/strong> per poder establir un millor funcionament del dia a dia. <\/p>\n\n\n\n<p><strong>Ho aconseguireu segur!!!<\/strong><\/p>\n\n\n\n<figure class=\"\\\"wp-block-image\\\"\"><img src=\"\\\"https:><\/figure>\n\n\n\n<figure class=\"\\\"wp-block-image\\\"\"><img src=\"\\\"https:><\/figure>","protected":false},"excerpt":{"rendered":"<p>Existen multitud de conductas que en principio integramos pero que algo nos dice en nuestro interior que hemos de trabajar [&hellip;]<\/p>\n","protected":false},"author":1,"featured_media":1041,"comment_status":"open","ping_status":"open","sticky":false,"template":"","format":"standard","meta":{"site-sidebar-layout":"default","site-content-layout":"","ast-site-content-layout":"default","site-content-style":"default","site-sidebar-style":"default","ast-global-header-display":"","ast-banner-title-visibility":"","ast-main-header-display":"","ast-hfb-above-header-display":"","ast-hfb-below-header-display":"","ast-hfb-mobile-header-display":"","site-post-title":"","ast-breadcrumbs-content":"","ast-featured-img":"","footer-sml-layout":"","ast-disable-related-posts":"","theme-transparent-header-meta":"","adv-header-id-meta":"","stick-header-meta":"","header-above-stick-meta":"","header-main-stick-meta":"","header-below-stick-meta":"","astra-migrate-meta-layouts":"default","ast-page-background-enabled":"default","ast-page-background-meta":{"desktop":{"background-color":"","background-image":"","background-repeat":"repeat","background-position":"center center","background-size":"auto","background-attachment":"scroll","background-type":"","background-media":"","overlay-type":"","overlay-color":"","overlay-opacity":"","overlay-gradient":""},"tablet":{"background-color":"","background-image":"","background-repeat":"repeat","background-position":"center center","background-size":"auto","background-attachment":"scroll","background-type":"","background-media":"","overlay-type":"","overlay-color":"","overlay-opacity":"","overlay-gradient":""},"mobile":{"background-color":"","background-image":"","background-repeat":"repeat","background-position":"center center","background-size":"auto","background-attachment":"scroll","background-type":"","background-media":"","overlay-type":"","overlay-color":"","overlay-opacity":"","overlay-gradient":""}},"ast-content-background-meta":{"desktop":{"background-color":"var(--ast-global-color-5)","background-image":"","background-repeat":"repeat","background-position":"center center","background-size":"auto","background-attachment":"scroll","background-type":"","background-media":"","overlay-type":"","overlay-color":"","overlay-opacity":"","overlay-gradient":""},"tablet":{"background-color":"var(--ast-global-color-5)","background-image":"","background-repeat":"repeat","background-position":"center center","background-size":"auto","background-attachment":"scroll","background-type":"","background-media":"","overlay-type":"","overlay-color":"","overlay-opacity":"","overlay-gradient":""},"mobile":{"background-color":"var(--ast-global-color-5)","background-image":"","background-repeat":"repeat","background-position":"center center","background-size":"auto","background-attachment":"scroll","background-type":"","background-media":"","overlay-type":"","overlay-color":"","overlay-opacity":"","overlay-gradient":""}},"footnotes":""},"categories":[18],"tags":[],"class_list":["post-1037","post","type-post","status-publish","format-standard","has-post-thumbnail","hentry","category-investigacion"],"_links":{"self":[{"href":"https:\/\/cristinaorozbajo.com\/ca\/wp-json\/wp\/v2\/posts\/1037","targetHints":{"allow":["GET"]}}],"collection":[{"href":"https:\/\/cristinaorozbajo.com\/ca\/wp-json\/wp\/v2\/posts"}],"about":[{"href":"https:\/\/cristinaorozbajo.com\/ca\/wp-json\/wp\/v2\/types\/post"}],"author":[{"embeddable":true,"href":"https:\/\/cristinaorozbajo.com\/ca\/wp-json\/wp\/v2\/users\/1"}],"replies":[{"embeddable":true,"href":"https:\/\/cristinaorozbajo.com\/ca\/wp-json\/wp\/v2\/comments?post=1037"}],"version-history":[{"count":0,"href":"https:\/\/cristinaorozbajo.com\/ca\/wp-json\/wp\/v2\/posts\/1037\/revisions"}],"wp:featuredmedia":[{"embeddable":true,"href":"https:\/\/cristinaorozbajo.com\/ca\/wp-json\/wp\/v2\/media\/1041"}],"wp:attachment":[{"href":"https:\/\/cristinaorozbajo.com\/ca\/wp-json\/wp\/v2\/media?parent=1037"}],"wp:term":[{"taxonomy":"category","embeddable":true,"href":"https:\/\/cristinaorozbajo.com\/ca\/wp-json\/wp\/v2\/categories?post=1037"},{"taxonomy":"post_tag","embeddable":true,"href":"https:\/\/cristinaorozbajo.com\/ca\/wp-json\/wp\/v2\/tags?post=1037"}],"curies":[{"name":"wp","href":"https:\/\/api.w.org\/{rel}","templated":true}]}}