{"id":1138,"date":"2020-01-13T10:47:54","date_gmt":"2020-01-13T09:47:54","guid":{"rendered":"https:\/\/cristinaorozbajo.com\/esta-relacionada-la-psicomotricidad-con-el-lenguaje\/"},"modified":"2020-01-13T10:47:54","modified_gmt":"2020-01-13T09:47:54","slug":"aquesta-relacionada-la-psicomotricitat-amb-el-llenguatge","status":"publish","type":"post","link":"https:\/\/cristinaorozbajo.com\/ca\/aquesta-relacionada-la-psicomotricitat-amb-el-llenguatge\/","title":{"rendered":"Est\u00e0 relacionada la Psicomotricitat amb el Llenguatge?"},"content":{"rendered":"<p>Ahir mateix, i no per primera vegada, <strong>mares que utilitzen el M\u00e8tode ens fan preguntes tan interessants aquesta.<\/strong> Aqu\u00ed us fem un breu relat de com aquests dos aspectes s\u00f3n presents al <a href=\"\/ca\/\"http:>M\u00e8tode VIC\u00d3<\/a> i quina \u00e9s la seva import\u00e0ncia al <em><strong>Desenvolupament del Llenguatge<\/strong><\/em> en nens amb dificultats de comunicaci\u00f3.<\/p>\n\n\n\n<p>L&#039;habilitat de motriu per descomptat t\u00e9 una relaci\u00f3 directa amb el llenguatge, <strong>Com?<\/strong> Ens trobem molts aspectes relacionats amb aquest proc\u00e9s. Les dificultats de la parla estan sempre relacionades amb <strong>factors cognitius transversals i directament relacionats que moltes vegades no es tenen en compte.<\/strong> <\/p>\n\n\n\n<ol class=\"wp-block-list\"><li><strong>Atenci\u00f3:<\/strong> tenir la capacitat de redirigir la nostra atenci\u00f3 dins l&#039;aprenentatge ens donar\u00e0 la destresa de poder desenvolupar aspectes com <em><strong>l&#039;atenci\u00f3 conjunta,<\/strong><\/em> la discriminaci\u00f3 daltres est\u00edmuls que es presenten mentre es desenvolupa, discriminaci\u00f3 que pot ser tant visual com auditiva fins i tot conductual. <strong><em>La concentraci\u00f3<\/em>,<\/strong> aquest proc\u00e9s no apareixer\u00e0 si no tenim una bona destresa en els dos anteriors, i \u00e9s estrictament necess\u00e0ria per desenvolupar una cosa tan dif\u00edcil com una habilitat ling\u00fc\u00edstica consistent.<\/li><li><strong>Emoci\u00f3<\/strong>, com pot l&#039;emoci\u00f3 tenir a veure amb el llenguatge, amb la mec\u00e0nica, i l&#039;aprenentatge? A M\u00e8tode VICON mai no ens oblidem de l&#039;emoci\u00f3 com a principi d&#039;aprenentatge. Tots ens principi emocionals i sensorials estan al nostre pa\u00eds\u00bb<em>COS<\/em>\\\u00bb. <em><strong>El cos<\/strong><\/em> i tot el que t\u00e9 a veure amb la relaci\u00f3 motora, amb el nostre contenidor, el nostre autoconeixement i autoconsci\u00e8ncia. El cos \u00e9s linstrument per excel\u00b7l\u00e8ncia per a desenvolupament de comunicaci\u00f3. \u00c9s el nostre <strong>primer objecte i \u00e9s el nostre primer objectiu<\/strong>. Connectant amb aquest primer objecte, tan summament complex i tan summament funcional, tenim al nostre abast la major eina d&#039;aprenentatge, capacitat i funcionalitat que hi ha.<\/li><li><strong>Imitaci\u00f3<\/strong>: No estem parlant nom\u00e9s d&#039;habilitat motriu, sin\u00f3 que estem tocant la <strong>habilitat d&#039;imitaci\u00f3 motora<\/strong>aix\u00f2 li d\u00f3na un esgla\u00f3 m\u00e9s a la dificultat, ia la capacitat de fer que les nostres accions siguin com les dels altres. En un m\u00f3n social canviant, moltes vegades vertigin\u00f3s i competitiu, cal ser <strong>agent actiu <\/strong>d&#039;aquest mitj\u00e0 per poder no nom\u00e9s sobreviure-hi, sin\u00f3 treure&#039;n el m\u00e0xim profit en el nostre propi.<\/li><li><strong>Autonomia: <\/strong>L&#039;autonomia \u00e9s un proc\u00e9s essencial i la fi \u00faltima del <strong>llenguatge<\/strong>. Aqu\u00ed Juguem amb <strong>dos aspectes<\/strong> el primer el purament <strong>1\/pedag\u00f2gic<\/strong>: busquem un llenguatge espontani, funcional i que tingui l&#039;habilitat de desenvolupar per si sol, que no h\u00e0gim d&#039;ensenyar-ho tot sin\u00f3 que adquireixi <strong>habilitats per ser aut\u00f2nom en totes les dimensions del llenguatge<\/strong> que se sustenten per suposat en habilitats cognitives m\u00e9s complexes encara que siguin m\u00e9s b\u00e0siques per la dificultat que presenten per a la seva estimulaci\u00f3. L&#039;altre aspecte \u00e9s el fi \u00faltim de tota aquesta reflexi\u00f3, <strong>2\/l&#039;autonomia<\/strong>, l&#039;autoestima i el desenvolupament personal que \u00e9s all\u00f2 que ens d\u00f3na la pres\u00e8ncia de llenguatge, comunicaci\u00f3 i, en definitiva, la socialitzaci\u00f3.<\/li><\/ol>\n\n\n\n<p><\/p>\n\n\n\n<p>Per aix\u00f2 <a href=\"\/ca\/\"http:>M\u00e8tode VIC\u00d3 <\/a>presenta una gran bateria de <strong>V\u00eddeos per treballar la psicomotricitat <\/strong>des d&#039;aspectes com\u2026<br>1. El contacte ocular: La <strong>mirada<\/strong><br>2. La <strong>Senyalitzaci\u00f3<\/strong><br>3. <strong>Perman\u00e8ncia de lobjecte<\/strong> (Cerca motora de l&#039;objecte amagat)<br>4. <strong>Manipulaci\u00f3 funcional d&#039;objectes<\/strong><br>5. <strong>Pr\u00e0xies<\/strong> (Bufar, Boca, Llengua\u2026)<br>6. Psicomotricitat <strong>gruix<\/strong>a (bra\u00e7os, cap, peu, cama\u2026) i<strong> fina<\/strong> (mans, plastilina\u2026)<br>7. <strong>Llenguatge bimodal <\/strong>que no pot tenir una altra base que la pura imitaci\u00f3 motora de signes de comunicaci\u00f3 al llarg de tot el M\u00e8tode.<\/p>\n\n\n\n<p>I per descomptat no podem deixar de parlar dels nostres <strong>Cantajocs<\/strong>: <strong>M\u00fasica creada amb coreografies signades<\/strong> per mobilitzar tot all\u00f2 sensorial que acompanya la comunicaci\u00f3 com a primer pas per al desenvolupament del llenguatge i per a la seva posterior complexitzaci\u00f3.<\/p>\n\n\n\n<p>A <strong><a href=\"\/ca\/\"http:>M\u00e8tode VIC\u00d3<\/a><\/strong> tenim molt clars tots aquests aspectes i com estan presents el <strong>desenvolupament evolutiu del llenguatge<\/strong>, tendim al desenvolupament d&#039;habilitats com a principi per al <strong>desenvolupament social de la persona<\/strong>, i pretenem ser un <strong>m\u00e8tode global que empenta la persona i no nom\u00e9s el seu llenguatge com un sistema mec\u00e0nic i a\u00efllat de tots els factors cognitius, emocionals, socials.<\/strong><\/p>\n\n\n\n<p><strong>Cristina Oroz Baix<\/strong><\/p>\n\n\n\n<figure class=\"\\&quot;wp-block-gallery wp-block-gallery-1 is-layout-flex wp-block-gallery-is-layout-flex\" columns-1 is-cropped\\\"><ul class=\"\\\"blocks-gallery-grid\\\"\"><li class=\"\\\"blocks-gallery-item\\\"\"><figure><img src=\"\\\"https:><figcaption class=\"\\\"blocks-gallery-item__caption\\\"\">Programa de desenvolupament del llenguatge en nens amb autisme<\/figcaption><\/figure><\/li><\/ul><\/figure>","protected":false},"excerpt":{"rendered":"<p>Ayer mismo, y no por primera vez, mam\u00e1s que est\u00e1n utilizando el M\u00e9todo nos hacen preguntas tan interesantes \u00e9sta. Aqu\u00ed [&hellip;]<\/p>\n","protected":false},"author":1,"featured_media":1140,"comment_status":"open","ping_status":"open","sticky":false,"template":"","format":"standard","meta":{"site-sidebar-layout":"default","site-content-layout":"","ast-site-content-layout":"default","site-content-style":"default","site-sidebar-style":"default","ast-global-header-display":"","ast-banner-title-visibility":"","ast-main-header-display":"","ast-hfb-above-header-display":"","ast-hfb-below-header-display":"","ast-hfb-mobile-header-display":"","site-post-title":"","ast-breadcrumbs-content":"","ast-featured-img":"","footer-sml-layout":"","ast-disable-related-posts":"","theme-transparent-header-meta":"","adv-header-id-meta":"","stick-header-meta":"","header-above-stick-meta":"","header-main-stick-meta":"","header-below-stick-meta":"","astra-migrate-meta-layouts":"default","ast-page-background-enabled":"default","ast-page-background-meta":{"desktop":{"background-color":"","background-image":"","background-repeat":"repeat","background-position":"center center","background-size":"auto","background-attachment":"scroll","background-type":"","background-media":"","overlay-type":"","overlay-color":"","overlay-opacity":"","overlay-gradient":""},"tablet":{"background-color":"","background-image":"","background-repeat":"repeat","background-position":"center center","background-size":"auto","background-attachment":"scroll","background-type":"","background-media":"","overlay-type":"","overlay-color":"","overlay-opacity":"","overlay-gradient":""},"mobile":{"background-color":"","background-image":"","background-repeat":"repeat","background-position":"center center","background-size":"auto","background-attachment":"scroll","background-type":"","background-media":"","overlay-type":"","overlay-color":"","overlay-opacity":"","overlay-gradient":""}},"ast-content-background-meta":{"desktop":{"background-color":"var(--ast-global-color-5)","background-image":"","background-repeat":"repeat","background-position":"center center","background-size":"auto","background-attachment":"scroll","background-type":"","background-media":"","overlay-type":"","overlay-color":"","overlay-opacity":"","overlay-gradient":""},"tablet":{"background-color":"var(--ast-global-color-5)","background-image":"","background-repeat":"repeat","background-position":"center center","background-size":"auto","background-attachment":"scroll","background-type":"","background-media":"","overlay-type":"","overlay-color":"","overlay-opacity":"","overlay-gradient":""},"mobile":{"background-color":"var(--ast-global-color-5)","background-image":"","background-repeat":"repeat","background-position":"center center","background-size":"auto","background-attachment":"scroll","background-type":"","background-media":"","overlay-type":"","overlay-color":"","overlay-opacity":"","overlay-gradient":""}},"footnotes":""},"categories":[18],"tags":[],"class_list":["post-1138","post","type-post","status-publish","format-standard","has-post-thumbnail","hentry","category-investigacion"],"_links":{"self":[{"href":"https:\/\/cristinaorozbajo.com\/ca\/wp-json\/wp\/v2\/posts\/1138","targetHints":{"allow":["GET"]}}],"collection":[{"href":"https:\/\/cristinaorozbajo.com\/ca\/wp-json\/wp\/v2\/posts"}],"about":[{"href":"https:\/\/cristinaorozbajo.com\/ca\/wp-json\/wp\/v2\/types\/post"}],"author":[{"embeddable":true,"href":"https:\/\/cristinaorozbajo.com\/ca\/wp-json\/wp\/v2\/users\/1"}],"replies":[{"embeddable":true,"href":"https:\/\/cristinaorozbajo.com\/ca\/wp-json\/wp\/v2\/comments?post=1138"}],"version-history":[{"count":0,"href":"https:\/\/cristinaorozbajo.com\/ca\/wp-json\/wp\/v2\/posts\/1138\/revisions"}],"wp:featuredmedia":[{"embeddable":true,"href":"https:\/\/cristinaorozbajo.com\/ca\/wp-json\/wp\/v2\/media\/1140"}],"wp:attachment":[{"href":"https:\/\/cristinaorozbajo.com\/ca\/wp-json\/wp\/v2\/media?parent=1138"}],"wp:term":[{"taxonomy":"category","embeddable":true,"href":"https:\/\/cristinaorozbajo.com\/ca\/wp-json\/wp\/v2\/categories?post=1138"},{"taxonomy":"post_tag","embeddable":true,"href":"https:\/\/cristinaorozbajo.com\/ca\/wp-json\/wp\/v2\/tags?post=1138"}],"curies":[{"name":"wp","href":"https:\/\/api.w.org\/{rel}","templated":true}]}}