{"id":1151,"date":"2020-01-28T15:38:46","date_gmt":"2020-01-28T14:38:46","guid":{"rendered":"https:\/\/cristinaorozbajo.com\/la-incidencia-de-alumnos-con-autismo-en-las-aulas-ha-aumentado-un-118-en-los-ultimos-5-anos\/"},"modified":"2020-01-28T15:38:46","modified_gmt":"2020-01-28T14:38:46","slug":"la-incidencia-dalumnes-amb-autisme-a-les-aules-ha-augmentat-un-118-en-els-darrers-5-anys","status":"publish","type":"post","link":"https:\/\/cristinaorozbajo.com\/ca\/la-incidencia-dalumnes-amb-autisme-a-les-aules-ha-augmentat-un-118-en-els-darrers-5-anys\/","title":{"rendered":"La incid\u00e8ncia d&#039;alumnes amb autisme a les aules ha augmentat un 118% en els darrers 5 anys."},"content":{"rendered":"<p>Avui dia 24 de gener se celebra el <strong>Dia Internacional de l&#039;Educaci\u00f3<\/strong> i, per aquest motiu, Autismo Espa\u00f1a recorda que, segons dades oficials (IMSERSO, INE, Ministeri d&#039;Educaci\u00f3 i Formaci\u00f3 Professional, Conselleries d&#039;Educaci\u00f3 de les comunitats aut\u00f2nomes\u2026),\u00a0<strong>dels m\u00e9s de 200.000 alumnes amb necessitats espec\u00edfiques de suport educatiu, prop de 40.000 presenten un diagn\u00f2stic de trastorn de l&#039;espectre de l&#039;autisme (TEA)<\/strong>, xifra que podria ser m\u00e9s gran si atenem les importants defici\u00e8ncies que tenen els sistemes de detecci\u00f3 i diagn\u00f2stic a Espanya.<\/p>\n\n\n\n<p>Tenint en compte aquestes dades, aix\u00ed com el registre sociodemogr\u00e0fic que est\u00e0 realitzant Autismo Espa\u00f1a (i que compta actualment amb una mostra analitzada de 2.116 persones amb TEA), la Confederaci\u00f3 ha constatat un&nbsp;<strong>considerable increment de l&#039;alumnat escolaritzat amb TEA identificat&nbsp;<\/strong><strong>en els darrers cinc anys<\/strong>&nbsp;(de m\u00e9s del 118% entre els cursos 2011-12 i 2017-2018), aix\u00ed com&nbsp;<strong>\u00edndexs d&#039;aband\u00f3&nbsp;<\/strong><strong>significatiu d&#039;aquest alumnat en finalitzar l&#039;Educaci\u00f3 Secund\u00e0ria,&nbsp;<\/strong>en comparaci\u00f3 dels \u00edndexs de continu\u00eftat de la resta de l&#039;alumnat escolaritzat en educaci\u00f3 no universit\u00e0ria.<\/p>\n\n\n\n<p><strong>Demandes d&#039;Autisme Espanya<\/strong><\/p>\n\n\n\n<p>Per tot aix\u00f2, des d&#039;Autismo Espa\u00f1a advoquem per garantir el dret a l&#039;educaci\u00f3 de l&#039;alumnat amb TEA, flexibilitzant i innovant en l&#039;oferta educativa existent, de manera que respongui a les necessitats individuals i maximitzi l&#039;\u00e8xit educatiu, el desenvolupament personal i la inclusi\u00f3 social, i garantint els suports especialitzats que cada persona necessiti en funci\u00f3 de les necessitats espec\u00edfiques.<\/p>\n\n\n\n<p>En aquest sentit volem tamb\u00e9 destacar que, com recull el&nbsp;<em>Informe de la investigaci\u00f3 relacionada amb Espanya sota l&#039;article 6 del Protocol Facultatiu<\/em>, \u201c<strong>sovint s&#039;interpretava err\u00f2niament, incloent a les estad\u00edstiques oficials que la incorporaci\u00f3 d&#039;alumnes amb discapacitat a centres ordinaris, per\u00f2 sense els ajustaments raonables requerits, constitu\u00efa una educaci\u00f3 inclusiva\u201d<\/strong>.<\/p>\n\n\n\n<p>Article extret de <a href=\"\/ca\/\"http:>Autisme.org<\/a> (clic aqu\u00ed per accedir a la font)<\/p>\n\n\n\n<p>Cristina Oroz Baix<\/p>\n\n\n\n<figure class=\"\\\"wp-block-image\" size-large\\\"><img src=\"\\\"https:><figcaption>Especialista en l&#039;atenci\u00f3 infantojuvenil i atenci\u00f3 a fam\u00edlies i supervisi\u00f3 de professionals<\/figcaption><\/figure>","protected":false},"excerpt":{"rendered":"<p>Hoy d\u00eda 24 de enero se celebra el D\u00eda Internacional de la Educaci\u00f3n y, por este motivo, Autismo Espa\u00f1a recuerda [&hellip;]<\/p>\n","protected":false},"author":1,"featured_media":1152,"comment_status":"open","ping_status":"open","sticky":false,"template":"","format":"standard","meta":{"site-sidebar-layout":"default","site-content-layout":"","ast-site-content-layout":"default","site-content-style":"default","site-sidebar-style":"default","ast-global-header-display":"","ast-banner-title-visibility":"","ast-main-header-display":"","ast-hfb-above-header-display":"","ast-hfb-below-header-display":"","ast-hfb-mobile-header-display":"","site-post-title":"","ast-breadcrumbs-content":"","ast-featured-img":"","footer-sml-layout":"","ast-disable-related-posts":"","theme-transparent-header-meta":"","adv-header-id-meta":"","stick-header-meta":"","header-above-stick-meta":"","header-main-stick-meta":"","header-below-stick-meta":"","astra-migrate-meta-layouts":"default","ast-page-background-enabled":"default","ast-page-background-meta":{"desktop":{"background-color":"","background-image":"","background-repeat":"repeat","background-position":"center center","background-size":"auto","background-attachment":"scroll","background-type":"","background-media":"","overlay-type":"","overlay-color":"","overlay-opacity":"","overlay-gradient":""},"tablet":{"background-color":"","background-image":"","background-repeat":"repeat","background-position":"center center","background-size":"auto","background-attachment":"scroll","background-type":"","background-media":"","overlay-type":"","overlay-color":"","overlay-opacity":"","overlay-gradient":""},"mobile":{"background-color":"","background-image":"","background-repeat":"repeat","background-position":"center center","background-size":"auto","background-attachment":"scroll","background-type":"","background-media":"","overlay-type":"","overlay-color":"","overlay-opacity":"","overlay-gradient":""}},"ast-content-background-meta":{"desktop":{"background-color":"var(--ast-global-color-5)","background-image":"","background-repeat":"repeat","background-position":"center center","background-size":"auto","background-attachment":"scroll","background-type":"","background-media":"","overlay-type":"","overlay-color":"","overlay-opacity":"","overlay-gradient":""},"tablet":{"background-color":"var(--ast-global-color-5)","background-image":"","background-repeat":"repeat","background-position":"center center","background-size":"auto","background-attachment":"scroll","background-type":"","background-media":"","overlay-type":"","overlay-color":"","overlay-opacity":"","overlay-gradient":""},"mobile":{"background-color":"var(--ast-global-color-5)","background-image":"","background-repeat":"repeat","background-position":"center center","background-size":"auto","background-attachment":"scroll","background-type":"","background-media":"","overlay-type":"","overlay-color":"","overlay-opacity":"","overlay-gradient":""}},"footnotes":""},"categories":[18],"tags":[],"class_list":["post-1151","post","type-post","status-publish","format-standard","has-post-thumbnail","hentry","category-investigacion"],"_links":{"self":[{"href":"https:\/\/cristinaorozbajo.com\/ca\/wp-json\/wp\/v2\/posts\/1151","targetHints":{"allow":["GET"]}}],"collection":[{"href":"https:\/\/cristinaorozbajo.com\/ca\/wp-json\/wp\/v2\/posts"}],"about":[{"href":"https:\/\/cristinaorozbajo.com\/ca\/wp-json\/wp\/v2\/types\/post"}],"author":[{"embeddable":true,"href":"https:\/\/cristinaorozbajo.com\/ca\/wp-json\/wp\/v2\/users\/1"}],"replies":[{"embeddable":true,"href":"https:\/\/cristinaorozbajo.com\/ca\/wp-json\/wp\/v2\/comments?post=1151"}],"version-history":[{"count":0,"href":"https:\/\/cristinaorozbajo.com\/ca\/wp-json\/wp\/v2\/posts\/1151\/revisions"}],"wp:featuredmedia":[{"embeddable":true,"href":"https:\/\/cristinaorozbajo.com\/ca\/wp-json\/wp\/v2\/media\/1152"}],"wp:attachment":[{"href":"https:\/\/cristinaorozbajo.com\/ca\/wp-json\/wp\/v2\/media?parent=1151"}],"wp:term":[{"taxonomy":"category","embeddable":true,"href":"https:\/\/cristinaorozbajo.com\/ca\/wp-json\/wp\/v2\/categories?post=1151"},{"taxonomy":"post_tag","embeddable":true,"href":"https:\/\/cristinaorozbajo.com\/ca\/wp-json\/wp\/v2\/tags?post=1151"}],"curies":[{"name":"wp","href":"https:\/\/api.w.org\/{rel}","templated":true}]}}