{"id":1156,"date":"2020-02-03T21:24:58","date_gmt":"2020-02-03T20:24:58","guid":{"rendered":"https:\/\/cristinaorozbajo.com\/plan-estrategico-para-el-2020-2025-de-autismo-espana-tu-opinion-cuenta\/"},"modified":"2020-02-03T21:24:58","modified_gmt":"2020-02-03T20:24:58","slug":"pla-estrategic-per-al-2020-2025-dautisme-espana-la-teva-opinion-compte","status":"publish","type":"post","link":"https:\/\/cristinaorozbajo.com\/ca\/pla-estrategic-per-al-2020-2025-dautisme-espana-la-teva-opinion-compte\/","title":{"rendered":"Pla Estrat\u00e8gic per al 2020-2025 d&#039;Autismo Espa\u00f1a La teva opini\u00f3 compte!"},"content":{"rendered":"<p>La <a href=\"\/ca\/\"http:>Confederaci\u00f3 Autisme Espanya<\/a> es troba immersa en l&#039;elaboraci\u00f3 d&#039;un <strong>nou Pla Estrat\u00e8gic<\/strong>, pel qual es regiran les seves actuacions en el per\u00edode 2020-2025. A m\u00e9s de les consultes internes i als grups d&#039;inter\u00e8s, volem obrir aquest proc\u00e9s important a <strong>participaci\u00f3 de tota la ciutadania<\/strong>especialment a aquelles persones que col\u00b7laboren d&#039;alguna manera amb el moviment associatiu de l&#039;autisme.&nbsp;<\/p>\n\n\n\n<p>Per aix\u00f2, han elaborat un breu q\u00fcestionari, que et demanem emplenes. No us portar\u00e0 m\u00e9s de cinc minuts. Perqu\u00e8 la teva opini\u00f3 compta i \u00e9s molt important per a nosaltres.<\/p>\n\n\n\n<p>Accedeix al formulari fent click &nbsp;<strong><a rel=\"\\\"noreferrer\" noopener\\\" href=\"\/ca\/\"https:>aqu\u00ed<\/a><\/strong><\/p>\n\n\n\n<p><\/p>\n\n\n\n<p>Moltes gr\u00e0cies per endavant per la teva col\u00b7laboraci\u00f3!<\/p>\n\n\n\n<p>Font extreta de: <a href=\"\/ca\/\"http:>http:\/\/www.autismo.org.es\/<\/a><\/p>\n\n\n\n<p><\/p>\n\n\n\n<p>Cristina Oroz Baix<\/p>\n\n\n\n<figure class=\"\\\"wp-block-image\" size-large\\\"><img src=\"\\\"https:><figcaption>Especialista en l&#039;atenci\u00f3 infantojuvenil i atenci\u00f3 a fam\u00edlies i supervisi\u00f3 de professionals<\/figcaption><\/figure>\n\n\n\n<figure class=\"\\\"wp-block-image\" size-large\\\"><img src=\"\\\"https:><figcaption>Programa de desenvolupament del llenguatge en nens amb autisme<\/figcaption><\/figure>","protected":false},"excerpt":{"rendered":"<p>La Confederaci\u00f3n Autismo Espa\u00f1a se encuentra inmersa en la elaboraci\u00f3n de un nuevo Plan Estrat\u00e9gico, por el que se regir\u00e1n [&hellip;]<\/p>\n","protected":false},"author":1,"featured_media":1157,"comment_status":"open","ping_status":"open","sticky":false,"template":"","format":"standard","meta":{"site-sidebar-layout":"default","site-content-layout":"","ast-site-content-layout":"default","site-content-style":"default","site-sidebar-style":"default","ast-global-header-display":"","ast-banner-title-visibility":"","ast-main-header-display":"","ast-hfb-above-header-display":"","ast-hfb-below-header-display":"","ast-hfb-mobile-header-display":"","site-post-title":"","ast-breadcrumbs-content":"","ast-featured-img":"","footer-sml-layout":"","ast-disable-related-posts":"","theme-transparent-header-meta":"","adv-header-id-meta":"","stick-header-meta":"","header-above-stick-meta":"","header-main-stick-meta":"","header-below-stick-meta":"","astra-migrate-meta-layouts":"default","ast-page-background-enabled":"default","ast-page-background-meta":{"desktop":{"background-color":"","background-image":"","background-repeat":"repeat","background-position":"center center","background-size":"auto","background-attachment":"scroll","background-type":"","background-media":"","overlay-type":"","overlay-color":"","overlay-opacity":"","overlay-gradient":""},"tablet":{"background-color":"","background-image":"","background-repeat":"repeat","background-position":"center center","background-size":"auto","background-attachment":"scroll","background-type":"","background-media":"","overlay-type":"","overlay-color":"","overlay-opacity":"","overlay-gradient":""},"mobile":{"background-color":"","background-image":"","background-repeat":"repeat","background-position":"center center","background-size":"auto","background-attachment":"scroll","background-type":"","background-media":"","overlay-type":"","overlay-color":"","overlay-opacity":"","overlay-gradient":""}},"ast-content-background-meta":{"desktop":{"background-color":"var(--ast-global-color-5)","background-image":"","background-repeat":"repeat","background-position":"center center","background-size":"auto","background-attachment":"scroll","background-type":"","background-media":"","overlay-type":"","overlay-color":"","overlay-opacity":"","overlay-gradient":""},"tablet":{"background-color":"var(--ast-global-color-5)","background-image":"","background-repeat":"repeat","background-position":"center center","background-size":"auto","background-attachment":"scroll","background-type":"","background-media":"","overlay-type":"","overlay-color":"","overlay-opacity":"","overlay-gradient":""},"mobile":{"background-color":"var(--ast-global-color-5)","background-image":"","background-repeat":"repeat","background-position":"center center","background-size":"auto","background-attachment":"scroll","background-type":"","background-media":"","overlay-type":"","overlay-color":"","overlay-opacity":"","overlay-gradient":""}},"footnotes":""},"categories":[18],"tags":[],"class_list":["post-1156","post","type-post","status-publish","format-standard","has-post-thumbnail","hentry","category-investigacion"],"_links":{"self":[{"href":"https:\/\/cristinaorozbajo.com\/ca\/wp-json\/wp\/v2\/posts\/1156","targetHints":{"allow":["GET"]}}],"collection":[{"href":"https:\/\/cristinaorozbajo.com\/ca\/wp-json\/wp\/v2\/posts"}],"about":[{"href":"https:\/\/cristinaorozbajo.com\/ca\/wp-json\/wp\/v2\/types\/post"}],"author":[{"embeddable":true,"href":"https:\/\/cristinaorozbajo.com\/ca\/wp-json\/wp\/v2\/users\/1"}],"replies":[{"embeddable":true,"href":"https:\/\/cristinaorozbajo.com\/ca\/wp-json\/wp\/v2\/comments?post=1156"}],"version-history":[{"count":0,"href":"https:\/\/cristinaorozbajo.com\/ca\/wp-json\/wp\/v2\/posts\/1156\/revisions"}],"wp:featuredmedia":[{"embeddable":true,"href":"https:\/\/cristinaorozbajo.com\/ca\/wp-json\/wp\/v2\/media\/1157"}],"wp:attachment":[{"href":"https:\/\/cristinaorozbajo.com\/ca\/wp-json\/wp\/v2\/media?parent=1156"}],"wp:term":[{"taxonomy":"category","embeddable":true,"href":"https:\/\/cristinaorozbajo.com\/ca\/wp-json\/wp\/v2\/categories?post=1156"},{"taxonomy":"post_tag","embeddable":true,"href":"https:\/\/cristinaorozbajo.com\/ca\/wp-json\/wp\/v2\/tags?post=1156"}],"curies":[{"name":"wp","href":"https:\/\/api.w.org\/{rel}","templated":true}]}}