{"id":1169,"date":"2020-02-18T11:32:49","date_gmt":"2020-02-18T10:32:49","guid":{"rendered":"https:\/\/cristinaorozbajo.com\/lo-que-no-sabias-del-sindrome-de-asperger\/"},"modified":"2020-02-18T11:32:49","modified_gmt":"2020-02-18T10:32:49","slug":"el-que-no-sabies-del-sindrome-despergir","status":"publish","type":"post","link":"https:\/\/cristinaorozbajo.com\/ca\/el-que-no-sabies-del-sindrome-despergir\/","title":{"rendered":"All\u00f2 que no sabies de la S\u00edndrome d&#039;Asperger"},"content":{"rendered":"<p>Avui <strong>18 de febrer<\/strong> \u00e9s el dia <strong>Internacional de la S\u00edndrome d&#039;Asperger <\/strong>ia <a href=\"\/ca\/\"http:>M\u00e8tode VIC\u00d3<\/a> volem fer una menci\u00f3 especial a tots aquests nens i adults que comparteixen la vida amb nosaltres amb la seva manera \u00fanica i especial de caminar, comunicar-se i voler. <\/p>\n\n\n\n<p><strong>Forma part dels TEA la S\u00edndrome d&#039;Asperger?<\/strong> La S\u00edndrome d&#039;Asperger forma part dels Trastorns de l&#039;Espectre de l&#039;Autisme (TEA). Encara que el 1994 va ser incl\u00f2s a la quarta edici\u00f3 del Manual Estad\u00edstic de Diagn\u00f2stic de Trastorns Mentals (DSM-IV), va desapar\u00e8ixer a la cinquena edici\u00f3 per passar a englobar-se dins dels TEA. <\/p>\n\n\n\n<p><strong>Qu\u00e8 \u00e9s la S\u00edndrome d&#039;Asperger?<\/strong> \u00c9s un trastorn del neurodesenvolupament; el cervell de la persona amb S\u00edndrome d&#039;Asperger funciona de manera diferent de l&#039;habitual, especialment en la comunicaci\u00f3 i la interacci\u00f3 social i en l&#039;adaptaci\u00f3 flexible a les demandes di\u00e0ries. Comparteix les caracter\u00edstiques nuclears de l&#039;autisme. La persona amb S\u00edndrome d&#039;Asperger t\u00e9 dificultats en la comunicaci\u00f3 social i la flexibilitat de pensament i comportament. Tot i aix\u00f2, t\u00e9 un llenguatge fluid i una capacitat intel\u00b7lectual mitjana i fins i tot superior a la mitjana de la poblaci\u00f3. <\/p>\n\n\n\n<p><strong>Com es comunica una persona amb la S\u00edndrome d&#039;Asperger? <\/strong>T\u00e9 dificultat per entendre la comunicaci\u00f3 no verbal (gestos, expressions facials, to de veu, etc.) i els missatges subtils que es transmeten mitjan\u00e7ant aquest canal. Pot parlar durant molt de temps dels seus temes dinter\u00e8s, per\u00f2 t\u00e9 dificultat per saber quan acabar la conversa. Li costa triar temes de qu\u00e8 \u201cparlar per parlar\u201d o tenir una xerrada \u201csocial\u201d amb altres persones. \u00c9s molt literal; compr\u00e8n el llenguatge segons el significat exacte de les paraules per la qual cosa moltes vegades no ent\u00e9n les bromes, els acudits, les met\u00e0fores o els sarcasmes. La seva expressi\u00f3 verbal \u00e9s correcta per\u00f2, de vegades, utilitza el llenguatge de manera molt formal, sent massa prec\u00eds, t\u00e8cnic i fins i tot pedant. <\/p>\n\n\n\n<p><strong>Com es relaciona una persona amb la S\u00edndrome d&#039;Asperger?<\/strong> Li resulta dif\u00edcil recon\u00e8ixer i comprendre les regles socials \u201cno escrites\u201d per la qual cosa, de vegades, es pot comportar de manera inadequada sense adonar-se&#039;n. Vol relacionar-se amb els altres, per\u00f2 no sap com fer-ho pel que, de vegades, es pot trobar sol. Li resulta molt dif\u00edcil manejar-se en situacions en qu\u00e8 ha d&#039;interactuar amb moltes persones alhora, cosa que pot semblar que no vol relacionar-se o integrar-se al grup. Pot semblar que no expressa les seves emocions ni t\u00e9 en compte les dels altres per\u00f2, en realitat, \u00e9s que li resulta molt complex adonar-se&#039;n intu\u00eftivament de quins s\u00f3n els sentiments i les emocions d&#039;altres persones. Troba dif\u00edcil expressar les seves pr\u00f2pies emocions d&#039;una manera convencional i, de vegades, pot semblar que reaccionen de manera inadequada, desproporcionada o \u201cfora de lloc\u201d. <\/p>\n\n\n\n<p><strong>Com es pensa i es comporta una persona amb S\u00edndrome d&#039;Asperger?<\/strong> La seva forma de pensar \u00e9s r\u00edgida i concreta all\u00f2 que l&#039;ajuda en activitats que requereixen atenci\u00f3 a detalls i repetici\u00f3 de patrons, per\u00f2 t\u00e9 dificultats en tasques que requereixen flexibilitat o cerca d&#039;alternatives per a la resoluci\u00f3 de problemes. \u00c9s fidel a les rutines que, de vegades, segueix de manera r\u00edgida i repetitiva. Les rutines us proporcionen seguretat i pautes concretes d&#039;actuaci\u00f3 per\u00f2 en limiten el comportament dificultant l&#039;adaptaci\u00f3 a canvis, situacions noves o poc previsibles. T\u00e9 interessos molt concrets i espec\u00edfics sobre els quals acumula molta informaci\u00f3 i dedica molt de temps, convertint-se, de vegades, en font principal de conversa i dedicaci\u00f3. Pot ser extremadament sensible a alguns est\u00edmuls de l&#039;ambient, resultant molestos o dolorosos (sorolls, llums, olors, sabors, etc.). <\/p>\n\n\n\n<p><strong>Com pots ajudar una persona amb la S\u00edndrome d&#039;Asperger? <\/strong>Reflexiona sobre els desafiaments socials que afrontes cada dia i intenta posar-te al lloc d&#039;una persona que genu\u00efnament no els compr\u00e8n ni sap com afrontar-los. Tracta d&#039;empatitzar amb la seva experi\u00e8ncia i procura comprendre-la, encara que de vegades sigui molt diferent del que \u00e9s \u201cconvencional\u201d. Interessa&#039;t per con\u00e8ixer b\u00e9 la persona, els seus gustos i interessos, els seus punts forts i febles, i les coses que s\u00f3n importants per a ella. Caldr\u00e0 que facis expl\u00edcits alguns conceptes que per a la majoria de persones s\u00f3n obvis, especialment relatives a les relacions socials. Utilitza un llenguatge directe i concret, sense ambig\u00fcitats o dobles sentits. Aix\u00f2 far\u00e0 que la comunicaci\u00f3 sigui m\u00e9s senzilla i satisfact\u00f2ria per a la persona. Compr\u00e8n que els seus comportaments no s\u00f3n capritxosos o intencionats. Reflecteixen una manera diferent de comprendre i desenvolupar-se al m\u00f3n. Compr\u00e8n la import\u00e0ncia de les seves rutines i \u201crigideses\u201d. S\u00f3n elements importants que us proporcionen seguretat. Pots ajudar a flexibilitzar sense imposar la teva manera de veure les coses. Pregunta-li quina \u00e9s la millor manera de recolzar-lo. Ell o ella et sabr\u00e0 explicar quins s\u00f3n els punts forts i febles i com prefereix que l&#039;ajudis. <\/p>\n\n\n\n<p>Cristina Oroz Baix<br>Font: <a href=\"\/ca\/\"http:>Confederaci\u00f3 Autisme Espanya<\/a><\/p>\n\n\n\n<figure class=\"\\\"wp-block-image\" size-large\\\"><img src=\"\\\"https:><figcaption>Especialista en l&#039;atenci\u00f3 infantojuvenil i atenci\u00f3 a fam\u00edlies i supervisi\u00f3 de professionals<\/figcaption><\/figure>\n\n\n\n<figure class=\"\\\"wp-block-image\" size-large\\\"><img src=\"\\\"https:><figcaption>Programa de desenvolupament del llenguatge en nens amb autisme<\/figcaption><\/figure>","protected":false},"excerpt":{"rendered":"<p>\u00c9s un trastorn del neurodesenvolupament; el cervell de la persona amb S\u00edndrome d&#039;Asperger funciona de manera diferent de l&#039;habitual, especialment en la comunicaci\u00f3 i la interacci\u00f3 social i en l&#039;adaptaci\u00f3 flexible a les demandes di\u00e0ries. <\/p>","protected":false},"author":1,"featured_media":1176,"comment_status":"open","ping_status":"open","sticky":false,"template":"","format":"standard","meta":{"site-sidebar-layout":"default","site-content-layout":"","ast-site-content-layout":"default","site-content-style":"default","site-sidebar-style":"default","ast-global-header-display":"","ast-banner-title-visibility":"","ast-main-header-display":"","ast-hfb-above-header-display":"","ast-hfb-below-header-display":"","ast-hfb-mobile-header-display":"","site-post-title":"","ast-breadcrumbs-content":"","ast-featured-img":"","footer-sml-layout":"","ast-disable-related-posts":"","theme-transparent-header-meta":"","adv-header-id-meta":"","stick-header-meta":"","header-above-stick-meta":"","header-main-stick-meta":"","header-below-stick-meta":"","astra-migrate-meta-layouts":"default","ast-page-background-enabled":"default","ast-page-background-meta":{"desktop":{"background-color":"","background-image":"","background-repeat":"repeat","background-position":"center center","background-size":"auto","background-attachment":"scroll","background-type":"","background-media":"","overlay-type":"","overlay-color":"","overlay-opacity":"","overlay-gradient":""},"tablet":{"background-color":"","background-image":"","background-repeat":"repeat","background-position":"center center","background-size":"auto","background-attachment":"scroll","background-type":"","background-media":"","overlay-type":"","overlay-color":"","overlay-opacity":"","overlay-gradient":""},"mobile":{"background-color":"","background-image":"","background-repeat":"repeat","background-position":"center center","background-size":"auto","background-attachment":"scroll","background-type":"","background-media":"","overlay-type":"","overlay-color":"","overlay-opacity":"","overlay-gradient":""}},"ast-content-background-meta":{"desktop":{"background-color":"var(--ast-global-color-5)","background-image":"","background-repeat":"repeat","background-position":"center center","background-size":"auto","background-attachment":"scroll","background-type":"","background-media":"","overlay-type":"","overlay-color":"","overlay-opacity":"","overlay-gradient":""},"tablet":{"background-color":"var(--ast-global-color-5)","background-image":"","background-repeat":"repeat","background-position":"center center","background-size":"auto","background-attachment":"scroll","background-type":"","background-media":"","overlay-type":"","overlay-color":"","overlay-opacity":"","overlay-gradient":""},"mobile":{"background-color":"var(--ast-global-color-5)","background-image":"","background-repeat":"repeat","background-position":"center center","background-size":"auto","background-attachment":"scroll","background-type":"","background-media":"","overlay-type":"","overlay-color":"","overlay-opacity":"","overlay-gradient":""}},"footnotes":""},"categories":[18],"tags":[],"class_list":["post-1169","post","type-post","status-publish","format-standard","has-post-thumbnail","hentry","category-investigacion"],"_links":{"self":[{"href":"https:\/\/cristinaorozbajo.com\/ca\/wp-json\/wp\/v2\/posts\/1169","targetHints":{"allow":["GET"]}}],"collection":[{"href":"https:\/\/cristinaorozbajo.com\/ca\/wp-json\/wp\/v2\/posts"}],"about":[{"href":"https:\/\/cristinaorozbajo.com\/ca\/wp-json\/wp\/v2\/types\/post"}],"author":[{"embeddable":true,"href":"https:\/\/cristinaorozbajo.com\/ca\/wp-json\/wp\/v2\/users\/1"}],"replies":[{"embeddable":true,"href":"https:\/\/cristinaorozbajo.com\/ca\/wp-json\/wp\/v2\/comments?post=1169"}],"version-history":[{"count":0,"href":"https:\/\/cristinaorozbajo.com\/ca\/wp-json\/wp\/v2\/posts\/1169\/revisions"}],"wp:featuredmedia":[{"embeddable":true,"href":"https:\/\/cristinaorozbajo.com\/ca\/wp-json\/wp\/v2\/media\/1176"}],"wp:attachment":[{"href":"https:\/\/cristinaorozbajo.com\/ca\/wp-json\/wp\/v2\/media?parent=1169"}],"wp:term":[{"taxonomy":"category","embeddable":true,"href":"https:\/\/cristinaorozbajo.com\/ca\/wp-json\/wp\/v2\/categories?post=1169"},{"taxonomy":"post_tag","embeddable":true,"href":"https:\/\/cristinaorozbajo.com\/ca\/wp-json\/wp\/v2\/tags?post=1169"}],"curies":[{"name":"wp","href":"https:\/\/api.w.org\/{rel}","templated":true}]}}