{"id":1208,"date":"2020-03-12T21:27:15","date_gmt":"2020-03-12T20:27:15","guid":{"rendered":"https:\/\/cristinaorozbajo.com\/causas-del-trastorno-del-lenguaje\/"},"modified":"2020-03-12T21:27:15","modified_gmt":"2020-03-12T20:27:15","slug":"causes-del-trastorn-del-llenguatge","status":"publish","type":"post","link":"https:\/\/cristinaorozbajo.com\/ca\/causes-del-trastorn-del-llenguatge\/","title":{"rendered":"Causes del trastorn del llenguatge"},"content":{"rendered":"<p>La majoria dels <strong>nadons o nens petits<\/strong> poden entendre qu\u00e8 est\u00e0s dient molt abans que puguin parlar clarament. A mesura que creixen i es desenvolupen les seves habilitats de comunicaci\u00f3, la majoria dels <strong>nens aprenen a expressar els seus sentiments <\/strong>amb paraules.<\/p>\n\n\n\n<p>Per\u00f2 alguns nens presenten trastorns del llenguatge. Ells potser tenen:<\/p>\n\n\n\n<p><strong>-Trastorn del llenguatge receptiu<\/strong>. Un nen t\u00e9 problemes per entendre paraules que ell o ella escolta i llegeix.<\/p>\n\n\n\n<p><strong>-Trastorn del llenguatge expressiu.<\/strong> Un nen t\u00e9 problemes per parlar amb els altres i expressar pensaments i sentiments.<\/p>\n\n\n\n<p>Un nen sovint tindr\u00e0 tots dos trastorns alhora. Aquests trastorns sovint es diagnostiquen en nens entre 3 i 5 anys.<\/p>\n\n\n\n<p><strong>Quins nens corren el risc de patir trastorns del llenguatge?<\/strong><\/p>\n\n\n\n<p>La causa sovint no es coneix, per\u00f2 els nens en risc d&#039;un trastorn del llenguatge inclouen aquells amb:<\/p>\n\n\n\n<p><strong>Antecedents familiars de trastorns del llenguatge.<\/strong><\/p>\n\n\n\n<p>-Naixement prematur<\/p>\n\n\n\n<p>-Baix pes en n\u00e9ixer<\/p>\n\n\n\n<p>-P\u00e8rdua de l&#039;audici\u00f3<\/p>\n\n\n\n<p>-Autisme<\/p>\n\n\n\n<p>-Nutrici\u00f3 pobra<\/p>\n\n\n\n<p><strong>Un nen amb Trastorn del Llenguatge Receptiu pot tenir problemes per a:<\/strong><\/p>\n\n\n\n<p>-Comprendre el que diu la gent<br>-Interpretar gestos de comprensi\u00f3<br>-Comprendre conceptes i idees<br>-Comprendre el que ell o ella llegeix<br>-Aprenent noves paraules<br>-Responent preguntes<br>-Seguint instruccions<br>-Identificar objectes<\/p>\n\n\n\n<p><strong>Un nen amb Trastorn del Llenguatge Expressiu el nen pot entendre el que altres persones diuen per\u00f2 tenen problemes per:<\/strong><\/p>\n\n\n\n<p>-Usar el llenguatge.<br>-Intentar parlar i, sovint, no pot expressar el que sent i pensa.<br>-Pot afectar tant el llenguatge escrit com el parlat.<br>-I els nens que usen llenguatge de senyals encara poden tenir problemes per expressar-se.<\/p>","protected":false},"excerpt":{"rendered":"<p>La mayor\u00eda de los beb\u00e9s o ni\u00f1os peque\u00f1os pueden entender lo que est\u00e1s diciendo mucho antes de que puedan hablar [&hellip;]<\/p>\n","protected":false},"author":1,"featured_media":1209,"comment_status":"open","ping_status":"open","sticky":false,"template":"","format":"standard","meta":{"site-sidebar-layout":"default","site-content-layout":"","ast-site-content-layout":"default","site-content-style":"default","site-sidebar-style":"default","ast-global-header-display":"","ast-banner-title-visibility":"","ast-main-header-display":"","ast-hfb-above-header-display":"","ast-hfb-below-header-display":"","ast-hfb-mobile-header-display":"","site-post-title":"","ast-breadcrumbs-content":"","ast-featured-img":"","footer-sml-layout":"","ast-disable-related-posts":"","theme-transparent-header-meta":"","adv-header-id-meta":"","stick-header-meta":"","header-above-stick-meta":"","header-main-stick-meta":"","header-below-stick-meta":"","astra-migrate-meta-layouts":"default","ast-page-background-enabled":"default","ast-page-background-meta":{"desktop":{"background-color":"","background-image":"","background-repeat":"repeat","background-position":"center center","background-size":"auto","background-attachment":"scroll","background-type":"","background-media":"","overlay-type":"","overlay-color":"","overlay-opacity":"","overlay-gradient":""},"tablet":{"background-color":"","background-image":"","background-repeat":"repeat","background-position":"center center","background-size":"auto","background-attachment":"scroll","background-type":"","background-media":"","overlay-type":"","overlay-color":"","overlay-opacity":"","overlay-gradient":""},"mobile":{"background-color":"","background-image":"","background-repeat":"repeat","background-position":"center center","background-size":"auto","background-attachment":"scroll","background-type":"","background-media":"","overlay-type":"","overlay-color":"","overlay-opacity":"","overlay-gradient":""}},"ast-content-background-meta":{"desktop":{"background-color":"var(--ast-global-color-5)","background-image":"","background-repeat":"repeat","background-position":"center center","background-size":"auto","background-attachment":"scroll","background-type":"","background-media":"","overlay-type":"","overlay-color":"","overlay-opacity":"","overlay-gradient":""},"tablet":{"background-color":"var(--ast-global-color-5)","background-image":"","background-repeat":"repeat","background-position":"center center","background-size":"auto","background-attachment":"scroll","background-type":"","background-media":"","overlay-type":"","overlay-color":"","overlay-opacity":"","overlay-gradient":""},"mobile":{"background-color":"var(--ast-global-color-5)","background-image":"","background-repeat":"repeat","background-position":"center center","background-size":"auto","background-attachment":"scroll","background-type":"","background-media":"","overlay-type":"","overlay-color":"","overlay-opacity":"","overlay-gradient":""}},"footnotes":""},"categories":[18],"tags":[],"class_list":["post-1208","post","type-post","status-publish","format-standard","has-post-thumbnail","hentry","category-investigacion"],"_links":{"self":[{"href":"https:\/\/cristinaorozbajo.com\/ca\/wp-json\/wp\/v2\/posts\/1208","targetHints":{"allow":["GET"]}}],"collection":[{"href":"https:\/\/cristinaorozbajo.com\/ca\/wp-json\/wp\/v2\/posts"}],"about":[{"href":"https:\/\/cristinaorozbajo.com\/ca\/wp-json\/wp\/v2\/types\/post"}],"author":[{"embeddable":true,"href":"https:\/\/cristinaorozbajo.com\/ca\/wp-json\/wp\/v2\/users\/1"}],"replies":[{"embeddable":true,"href":"https:\/\/cristinaorozbajo.com\/ca\/wp-json\/wp\/v2\/comments?post=1208"}],"version-history":[{"count":0,"href":"https:\/\/cristinaorozbajo.com\/ca\/wp-json\/wp\/v2\/posts\/1208\/revisions"}],"wp:featuredmedia":[{"embeddable":true,"href":"https:\/\/cristinaorozbajo.com\/ca\/wp-json\/wp\/v2\/media\/1209"}],"wp:attachment":[{"href":"https:\/\/cristinaorozbajo.com\/ca\/wp-json\/wp\/v2\/media?parent=1208"}],"wp:term":[{"taxonomy":"category","embeddable":true,"href":"https:\/\/cristinaorozbajo.com\/ca\/wp-json\/wp\/v2\/categories?post=1208"},{"taxonomy":"post_tag","embeddable":true,"href":"https:\/\/cristinaorozbajo.com\/ca\/wp-json\/wp\/v2\/tags?post=1208"}],"curies":[{"name":"wp","href":"https:\/\/api.w.org\/{rel}","templated":true}]}}