{"id":1255,"date":"2020-03-26T15:50:03","date_gmt":"2020-03-26T14:50:03","guid":{"rendered":"https:\/\/cristinaorozbajo.com\/puede-metodo-vicon-ser-positivo-para-ninos-verbales-que-les-cuesta-arrancar-en-el-discurso\/"},"modified":"2020-03-26T15:50:03","modified_gmt":"2020-03-26T14:50:03","slug":"pot-metode-vicon-ser-positiu-per-a-nens-verbals-que-els-costa-arrencar-en-el-discurs","status":"publish","type":"post","link":"https:\/\/cristinaorozbajo.com\/ca\/pot-metode-vicon-ser-positiu-per-a-nens-verbals-que-els-costa-arrencar-en-el-discurs\/","title":{"rendered":"\u00bf M\u00e8tode VICON pot ser positiu per a nens verbals que els costa arrencar en el discurs?"},"content":{"rendered":"<p>Moltes fam\u00edlies ens contacten consultant si M\u00e8tode VICON <strong>\u00e9s apropiat per als seus nens que encara que verbals tenen dificultats <\/strong>de construcci\u00f3 de frases, nens amb TEL amb problemes d&#039;expressi\u00f3 i comprensi\u00f3, amb dificultats per utilitzar m\u00e9s de 2 paraules o per elaborar una resposta m\u00e9s discursiva.&nbsp;<br><\/p>\n\n\n\n<p><strong>Qu\u00e8 pot donar M\u00e8tode VIC\u00d3 al teu petit?&nbsp;<\/strong><br><\/p>\n\n\n\n<p>Tenim dins del programa nens verbals que no acaben d&#039;arrencar-se a parlar i que sembla que hi ha alguna cosa <strong>bloquejant el desenvolupament natural del llenguatge<\/strong>, utilitzem en aquest cas el M\u00e8tode amb objectius ben diferents que davant nens que no tenen llenguatge.&nbsp;<br><\/p>\n\n\n\n<p>M\u00e8tode VICON es programa de manera <strong>molt m\u00e9s r\u00e0pida<\/strong> perqu\u00e8 reforcem diverses coses:<br><\/p>\n\n\n\n<p><strong>\u2013 M\u00e9s experi\u00e8ncia amb el llenguatge: <\/strong>segurament encara que siguin nens verbals, el llenguatge sempre ve amb defici\u00e8ncies cognitives associades que estan bloquejant l&#039;evoluci\u00f3 natural del llenguatge.<br><\/p>\n\n\n\n<p><strong>\u2013 Confian\u00e7a i Autoestima: <\/strong>M\u00e9todo VICON \u00e9s un programa tamb\u00e9 musical que potenciar\u00e0 l&#039;aparici\u00f3 de m\u00e9s vocabulari, m\u00e9s habilitat d&#039;articulaci\u00f3 aix\u00ed que se li entendr\u00e0 millor aconseguir\u00e0 abans all\u00f2 que vol, m\u00e9s difer\u00e8ncies en to, s\u00f3n nens que tenen a parlar amb poca entonaci\u00f3 i expressivitat. Que important \u00e9s la motivaci\u00f3 i sentir que tots els meus missatges arriben i s\u00f3n entesos per l&#039;altre!!<br><\/p>\n\n\n\n<p><strong>\u2013 Mem\u00f2ria: <\/strong>Estimular\u00e0 de mem\u00f2ria ling\u00fc\u00edstica, m\u00e9s vocabulari, m\u00e9s repeticions i noves paraules sobretot en un entorn com \u00e9s M\u00e8tode VICON dissenyat perqu\u00e8 sigui funcional i familiar donant prioritat al llenguatge proper del nen perqu\u00e8 sigui f\u00e0cilment espontani, funcional i m\u00e9s endavant social i elaborat.<br><\/p>\n\n\n\n<p><strong>\u2013 Articulaci\u00f3: <\/strong>el treball darticulaci\u00f3 \u00e9s molt necessari per fixar les paraules i que despr\u00e9s es multipliquin en una estructura amb m\u00e9s unitats i aquest proc\u00e9s \u00e9s complex sense utilitzar un m\u00e8tode intensiu i constant com \u00e9s M\u00e8tode VICON.<br><\/p>\n\n\n\n<p><strong>\u2013 Socialitzaci\u00f3:<\/strong> la m\u00fasica porta a l&#039;enlla\u00e7 entre germans, pares, fam\u00edlia\u2026 i obre unes portes d&#039;interacci\u00f3 incre\u00efbles que en el cas de llenguatge pot ser una via de llenguatge social molt ric sobretot ara que estem confinats i no sabem durant quant de temps.<\/p>\n\n\n\n<p>D&#039;altra banda, ara mateix tenim <strong>dif\u00edcils moments on s&#039;aturen escoles, ter\u00e0pies<\/strong> i tot es torna m\u00e9s complex i \u00e9s molt important seguir constants amb l&#039;estimulaci\u00f3 aix\u00ed que ho veiem ideal per a aquests moments on a m\u00e9s podem gratu\u00eftament fer una prova de 3 setmanes, <strong>qu\u00e8 podem perdre??<\/strong> Amb la nostra \u00e0mplia experi\u00e8ncia en pacients verbals i no verbals sabem que davant <strong>els nostres \u201cv\u00eddeos\u201d cada nen en llegeix un de diferent<\/strong>, connecta amb una part, una boca, un to, una can\u00e7\u00f3, un personatge\u2026 i els resulta una activitat sempre rica i positiva.&nbsp;<\/p>\n\n\n\n<p>Qualsevol cosa sempre fent seguiment hi haur\u00e0 <strong>una persona assignada de l&#039;equip <\/strong>durant tota la fase de prova aix\u00ed que podrem valorar junts com va lexperi\u00e8ncia.<br><\/p>\n\n\n\n<p><strong>Entra immediatament a contractar la prova gratu\u00efta a <\/strong><a href=\"\/ca\/\"https:><strong>https:\/\/www.metodovicon.com\/login.html<\/strong><strong><br><\/strong><\/a><strong>Molta sort en el proc\u00e9s!!!<\/strong><br><\/p>\n\n\n\n<p><strong>#iomequedoencasa<\/strong><\/p>\n\n\n\n<p><strong>#millorconmetode<\/strong><br><\/p>\n\n\n\n<figure class=\"\\\"wp-block-image\" size-large\\\"><img src=\"\\\"https:><\/figure>\n\n\n\n<figure class=\"\\\"wp-block-image\" size-large\\\"><img src=\"\\\"https:><figcaption>Programa de desenvolupament del llenguatge en nens amb autisme<\/figcaption><\/figure>","protected":false},"excerpt":{"rendered":"<p>Muchas familias nos contactan consultando si M\u00e9todo VICON es apropiado para sus ni\u00f1os que aunque verbales tienen dificultades de construcci\u00f3n [&hellip;]<\/p>\n","protected":false},"author":1,"featured_media":1256,"comment_status":"open","ping_status":"open","sticky":false,"template":"","format":"standard","meta":{"site-sidebar-layout":"default","site-content-layout":"","ast-site-content-layout":"default","site-content-style":"default","site-sidebar-style":"default","ast-global-header-display":"","ast-banner-title-visibility":"","ast-main-header-display":"","ast-hfb-above-header-display":"","ast-hfb-below-header-display":"","ast-hfb-mobile-header-display":"","site-post-title":"","ast-breadcrumbs-content":"","ast-featured-img":"","footer-sml-layout":"","ast-disable-related-posts":"","theme-transparent-header-meta":"","adv-header-id-meta":"","stick-header-meta":"","header-above-stick-meta":"","header-main-stick-meta":"","header-below-stick-meta":"","astra-migrate-meta-layouts":"default","ast-page-background-enabled":"default","ast-page-background-meta":{"desktop":{"background-color":"","background-image":"","background-repeat":"repeat","background-position":"center center","background-size":"auto","background-attachment":"scroll","background-type":"","background-media":"","overlay-type":"","overlay-color":"","overlay-opacity":"","overlay-gradient":""},"tablet":{"background-color":"","background-image":"","background-repeat":"repeat","background-position":"center center","background-size":"auto","background-attachment":"scroll","background-type":"","background-media":"","overlay-type":"","overlay-color":"","overlay-opacity":"","overlay-gradient":""},"mobile":{"background-color":"","background-image":"","background-repeat":"repeat","background-position":"center center","background-size":"auto","background-attachment":"scroll","background-type":"","background-media":"","overlay-type":"","overlay-color":"","overlay-opacity":"","overlay-gradient":""}},"ast-content-background-meta":{"desktop":{"background-color":"var(--ast-global-color-5)","background-image":"","background-repeat":"repeat","background-position":"center center","background-size":"auto","background-attachment":"scroll","background-type":"","background-media":"","overlay-type":"","overlay-color":"","overlay-opacity":"","overlay-gradient":""},"tablet":{"background-color":"var(--ast-global-color-5)","background-image":"","background-repeat":"repeat","background-position":"center center","background-size":"auto","background-attachment":"scroll","background-type":"","background-media":"","overlay-type":"","overlay-color":"","overlay-opacity":"","overlay-gradient":""},"mobile":{"background-color":"var(--ast-global-color-5)","background-image":"","background-repeat":"repeat","background-position":"center center","background-size":"auto","background-attachment":"scroll","background-type":"","background-media":"","overlay-type":"","overlay-color":"","overlay-opacity":"","overlay-gradient":""}},"footnotes":""},"categories":[18],"tags":[],"class_list":["post-1255","post","type-post","status-publish","format-standard","has-post-thumbnail","hentry","category-investigacion"],"_links":{"self":[{"href":"https:\/\/cristinaorozbajo.com\/ca\/wp-json\/wp\/v2\/posts\/1255","targetHints":{"allow":["GET"]}}],"collection":[{"href":"https:\/\/cristinaorozbajo.com\/ca\/wp-json\/wp\/v2\/posts"}],"about":[{"href":"https:\/\/cristinaorozbajo.com\/ca\/wp-json\/wp\/v2\/types\/post"}],"author":[{"embeddable":true,"href":"https:\/\/cristinaorozbajo.com\/ca\/wp-json\/wp\/v2\/users\/1"}],"replies":[{"embeddable":true,"href":"https:\/\/cristinaorozbajo.com\/ca\/wp-json\/wp\/v2\/comments?post=1255"}],"version-history":[{"count":0,"href":"https:\/\/cristinaorozbajo.com\/ca\/wp-json\/wp\/v2\/posts\/1255\/revisions"}],"wp:featuredmedia":[{"embeddable":true,"href":"https:\/\/cristinaorozbajo.com\/ca\/wp-json\/wp\/v2\/media\/1256"}],"wp:attachment":[{"href":"https:\/\/cristinaorozbajo.com\/ca\/wp-json\/wp\/v2\/media?parent=1255"}],"wp:term":[{"taxonomy":"category","embeddable":true,"href":"https:\/\/cristinaorozbajo.com\/ca\/wp-json\/wp\/v2\/categories?post=1255"},{"taxonomy":"post_tag","embeddable":true,"href":"https:\/\/cristinaorozbajo.com\/ca\/wp-json\/wp\/v2\/tags?post=1255"}],"curies":[{"name":"wp","href":"https:\/\/api.w.org\/{rel}","templated":true}]}}