{"id":1360,"date":"2020-05-05T16:10:55","date_gmt":"2020-05-05T15:10:55","guid":{"rendered":"https:\/\/cristinaorozbajo.com\/el-juego-y-las-interacciones-con-el-objeto-en-el-autismo\/"},"modified":"2020-05-05T16:10:55","modified_gmt":"2020-05-05T15:10:55","slug":"el-joc-i-les-interaccions-amb-lobjecte-a-lautisme","status":"publish","type":"post","link":"https:\/\/cristinaorozbajo.com\/ca\/el-joc-i-les-interaccions-amb-lobjecte-a-lautisme\/","title":{"rendered":"El joc i les interaccions amb l&#039;objecte a l&#039;autisme."},"content":{"rendered":"<p><em><strong>Els nens amb autisme tenen un trastorn que els fa veure, comprendre i interactuar de manera molt peculiar i personal amb els objectes. Aix\u00f2 determina unes habilitats de joc i autonomia molt diferenciades que li dificulten l&#039;aprenentatge, la comunicaci\u00f3 i la socialitzaci\u00f3.<\/strong><\/em><\/p>\n\n\n\n<p>La <strong>hiperatenci\u00f3<\/strong> que gaudeix l&#039;autisme \u00e9s una eina que cal tenir molt en compte quan s&#039;estableixen els objectius d&#039;intervenci\u00f3 i quan es proposen totes les activitats per treballar amb cada nen en particular. Si seguim <strong>les prefer\u00e8ncies del nen<\/strong>, la motivaci\u00f3 ens acompanyar\u00e0 en tot el proc\u00e9s i suposar\u00e0 un \u00e8xit en el seu desenvolupament sent significatiu per a ell i romanent aquests aprenentatges a llarg termini. Per\u00f2 aquest aspecte a la vista senzill va d&#039;acord amb altres transversals com el temps i la rigidesa aix\u00ed com les dificultats en la interacci\u00f3 social. <br><br>Els nens dins de l&#039;espectre tenen una <strong>restricci\u00f3 en interessos<\/strong> que fa que la transfer\u00e8ncia a habilitats o activitats diferents sigui complexa i molt delicada. D&#039;altra banda, tot all\u00f2 que tingui a veure amb les intervencions un a un \u00e9s dins del marc social i, per tant, en general \u00e9s un marc poc ideal per als nens amb autisme aix\u00ed que hem de trobar camins per apropar-nos d&#039;una manera respectuosa i emp\u00e0tica mesurant molt els seus temps i donant-li espais d&#039;acci\u00f3 i no acci\u00f3 equilibrant els espais socials i individuals.<br><\/p>\n\n\n\n<p>El joc a l&#039;autisme tendeix a tenir caracter\u00edstiques de <em>ordre, alineaci\u00f3, categoritzaci\u00f3, lletres, n\u00fameros, formes geom\u00e8triques\u2026<\/em> fins i tot el dibuix i la manera com dibuix guarda un ordre gaireb\u00e9 establert i inamovible que fa que el terapeuta i la intervenci\u00f3 hagi de ser molt mesurada i amb grans dots de lectura i observaci\u00f3. <strong>Cal mesurar molt com <\/strong>trencar els rituals, com entrar en el seu joc duna manera cordial per poder continuar-lo i que no es trenqui la interacci\u00f3.<br><\/p>\n\n\n\n<p>L&#039;eina del joc \u00e9s essencial per a totes les habilitats que entren en joc en l&#039;aprenentatge, la comunicaci\u00f3 i la socialitzaci\u00f3. Aspectes com el torn, el simple fet d&#039;acceptar que hi ha una altra persona compartint el meu espai i que interactua o participa puntualment, que en una l\u00ednia de trens (aquests nens s\u00f3n m\u00e9s de trens que de cotxes) hi hagi un cotxe i acceptar-ho pot ser un objectiu aconseguit en una sessi\u00f3.<br><\/p>\n\n\n\n<p>La tasca de <strong>estructura i desestructura dels seus patrons<\/strong> aix\u00ed com l&#039;entrenament en habilitats socials \u00e9s la base per al seu futur com a aprenentatge aut\u00f2nom ja sigui a casa amb els seus germans, a l&#039;escola amb els seus iguals o al parc amb altres nens aix\u00ed que hem de posar el nostre focus i intervenir tamb\u00e9 en diferents ambients perqu\u00e8 es generalitzi altres persones, aquest \u00e9s el <strong>gran \u00e8xit de tota intervenci\u00f3.<\/strong><\/p>\n\n\n\n<p><strong>Cristina Oroz Baix<\/strong><br><em>cofundadora del <a href=\"\/ca\/\"http:>M\u00e8tode VIC\u00d3<\/a><\/em><\/p>\n\n\n\n<figure class=\"\\&quot;wp-block-gallery wp-block-gallery-1 is-layout-flex wp-block-gallery-is-layout-flex\" columns-1 is-cropped\\\"><ul class=\"\\\"blocks-gallery-grid\\\"\"><li class=\"\\\"blocks-gallery-item\\\"\"><figure><img src=\"\\\"https:><figcaption class=\"\\\"blocks-gallery-item__caption\\\"\">Programa de desenvolupament del llenguatge en nens amb autisme<\/figcaption><\/figure><\/li><\/ul><\/figure>","protected":false},"excerpt":{"rendered":"<p>Los ni\u00f1os con autismo tienen un trastorno que les hace ver, comprender e interactuar de manera muy peculiar y personal [&hellip;]<\/p>\n","protected":false},"author":1,"featured_media":1361,"comment_status":"open","ping_status":"open","sticky":false,"template":"","format":"standard","meta":{"site-sidebar-layout":"default","site-content-layout":"","ast-site-content-layout":"default","site-content-style":"default","site-sidebar-style":"default","ast-global-header-display":"","ast-banner-title-visibility":"","ast-main-header-display":"","ast-hfb-above-header-display":"","ast-hfb-below-header-display":"","ast-hfb-mobile-header-display":"","site-post-title":"","ast-breadcrumbs-content":"","ast-featured-img":"","footer-sml-layout":"","ast-disable-related-posts":"","theme-transparent-header-meta":"","adv-header-id-meta":"","stick-header-meta":"","header-above-stick-meta":"","header-main-stick-meta":"","header-below-stick-meta":"","astra-migrate-meta-layouts":"default","ast-page-background-enabled":"default","ast-page-background-meta":{"desktop":{"background-color":"","background-image":"","background-repeat":"repeat","background-position":"center center","background-size":"auto","background-attachment":"scroll","background-type":"","background-media":"","overlay-type":"","overlay-color":"","overlay-opacity":"","overlay-gradient":""},"tablet":{"background-color":"","background-image":"","background-repeat":"repeat","background-position":"center center","background-size":"auto","background-attachment":"scroll","background-type":"","background-media":"","overlay-type":"","overlay-color":"","overlay-opacity":"","overlay-gradient":""},"mobile":{"background-color":"","background-image":"","background-repeat":"repeat","background-position":"center center","background-size":"auto","background-attachment":"scroll","background-type":"","background-media":"","overlay-type":"","overlay-color":"","overlay-opacity":"","overlay-gradient":""}},"ast-content-background-meta":{"desktop":{"background-color":"var(--ast-global-color-5)","background-image":"","background-repeat":"repeat","background-position":"center center","background-size":"auto","background-attachment":"scroll","background-type":"","background-media":"","overlay-type":"","overlay-color":"","overlay-opacity":"","overlay-gradient":""},"tablet":{"background-color":"var(--ast-global-color-5)","background-image":"","background-repeat":"repeat","background-position":"center center","background-size":"auto","background-attachment":"scroll","background-type":"","background-media":"","overlay-type":"","overlay-color":"","overlay-opacity":"","overlay-gradient":""},"mobile":{"background-color":"var(--ast-global-color-5)","background-image":"","background-repeat":"repeat","background-position":"center center","background-size":"auto","background-attachment":"scroll","background-type":"","background-media":"","overlay-type":"","overlay-color":"","overlay-opacity":"","overlay-gradient":""}},"footnotes":""},"categories":[18],"tags":[],"class_list":["post-1360","post","type-post","status-publish","format-standard","has-post-thumbnail","hentry","category-investigacion"],"_links":{"self":[{"href":"https:\/\/cristinaorozbajo.com\/ca\/wp-json\/wp\/v2\/posts\/1360","targetHints":{"allow":["GET"]}}],"collection":[{"href":"https:\/\/cristinaorozbajo.com\/ca\/wp-json\/wp\/v2\/posts"}],"about":[{"href":"https:\/\/cristinaorozbajo.com\/ca\/wp-json\/wp\/v2\/types\/post"}],"author":[{"embeddable":true,"href":"https:\/\/cristinaorozbajo.com\/ca\/wp-json\/wp\/v2\/users\/1"}],"replies":[{"embeddable":true,"href":"https:\/\/cristinaorozbajo.com\/ca\/wp-json\/wp\/v2\/comments?post=1360"}],"version-history":[{"count":0,"href":"https:\/\/cristinaorozbajo.com\/ca\/wp-json\/wp\/v2\/posts\/1360\/revisions"}],"wp:featuredmedia":[{"embeddable":true,"href":"https:\/\/cristinaorozbajo.com\/ca\/wp-json\/wp\/v2\/media\/1361"}],"wp:attachment":[{"href":"https:\/\/cristinaorozbajo.com\/ca\/wp-json\/wp\/v2\/media?parent=1360"}],"wp:term":[{"taxonomy":"category","embeddable":true,"href":"https:\/\/cristinaorozbajo.com\/ca\/wp-json\/wp\/v2\/categories?post=1360"},{"taxonomy":"post_tag","embeddable":true,"href":"https:\/\/cristinaorozbajo.com\/ca\/wp-json\/wp\/v2\/tags?post=1360"}],"curies":[{"name":"wp","href":"https:\/\/api.w.org\/{rel}","templated":true}]}}