{"id":1366,"date":"2020-05-11T11:02:37","date_gmt":"2020-05-11T10:02:37","guid":{"rendered":"https:\/\/cristinaorozbajo.com\/deja-entrar-el-metodo-vicon-en-tu-casa-y-su-musica-comenzara-a-cambiar-vuestra-familia\/"},"modified":"2020-05-11T11:02:37","modified_gmt":"2020-05-11T10:02:37","slug":"deixa-entrar-el-metode-vicon-a-casa-teva-i-la-seva-musica-comences-a-canviar-la-vostra-familia","status":"publish","type":"post","link":"https:\/\/cristinaorozbajo.com\/ca\/deixa-entrar-el-metode-vicon-a-casa-teva-i-la-seva-musica-comences-a-canviar-la-vostra-familia\/","title":{"rendered":"Deixa entrar el M\u00e8tode VICON a casa teva i la seva m\u00fasica comen\u00e7ar\u00e0 a canviar la vostra fam\u00edlia."},"content":{"rendered":"<p><strong><em>Quan el <a href=\"\/ca\/\"http:>M\u00e8tode<\/a> irromp i s&#039;integra en una fam\u00edlia encomana l&#039;entorn, tenyeix les din\u00e0miques de m\u00fasica, de contacte, de comunicaci\u00f3 i interacci\u00f3.\u00a0<\/em><\/strong><\/p>\n\n\n\n<p>L&#039;efecte que t\u00e9 el programa va m\u00e9s enll\u00e0 de la simple estimulaci\u00f3 del nen amb dificultats. Perqu\u00e8 transcendeix els pares que estan sent cantants de la banda sonora que, a partir d&#039;ara, tindran els seus dies, els seus \u00e8xits, els seus moments en fam\u00edlia. Trobem germans agafant fort tot el que <a href=\"\/ca\/\"http:>VIC\u00d3<\/a> porta en concepte d&#039;interacci\u00f3, perqu\u00e8 volen, perqu\u00e8 busquen i desitgen, com \u00e9s natural, estar m\u00e9s a prop dels germans amb dificultats.\u00a0<\/p>\n\n\n\n<p>I anem m\u00e9s enll\u00e0, contagiem les \u00e0vies que veuen filles d&#039;una altra generaci\u00f3 en els seus n\u00e9ts i en les seves pr\u00f2pies filles i fills il\u00b7lusi\u00f3 i confian\u00e7a de nou. Elles moltes vegades arriben a nosaltres fins i tot abans que les pr\u00f2pies mares, cercadores de qualsevol lla\u00e7 que pugui acostar els seus n\u00e9ts a casa seva una mica m\u00e9s. Les tietes incansables tamb\u00e9 lluitadores buscant eines per als seus nebots, ajudant les seves germanes i germans amb tot el que poden i saben.<\/p>\n\n\n\n<p>I no contents amb tot aix\u00f2 arribem fins als seus terapeutes, fins a les seves escoles per encomanar al grup classe de les possibilitats infinites que t\u00e9 el potencial d&#039;aquests nens. Aconseguim aix\u00ed la segona integraci\u00f3 <a href=\"\/ca\/\"https:>social<\/a> m\u00e9s important que un nen pugui tenir, primer \u00e9s la familiar i, despr\u00e9s, l&#039;escolar que \u00e9s el millor assaig per a la integraci\u00f3 futura a la societat en general.\u00a0<\/p>\n\n\n\n<p>En aquests aspectes la m\u00fasica \u00e9s la gran protagonista perqu\u00e8 contagia tots els ambients i actua en totes les persones, t\u00e9 el poder d&#039;acompanyar l&#039;\u00e9sser hum\u00e0 des del comen\u00e7ament del seu cam\u00ed com a esp\u00e8cie sense ser necessitat b\u00e0sica per\u00f2 sent vital, necess\u00e0ria i enriquidora del seu cam\u00ed alleugerint el cam\u00ed de totes les lluites de l&#039;esp\u00e8cie humana.<\/p>\n\n\n\n<p>Si en aquests moments tan extraordinaris busqueu algun aliat a casa que sigui infal\u00b7lible no us oblideu de la nostra amiga la <a href=\"\/ca\/\"https:>m\u00fasica<\/a>, redueix l&#039;estr\u00e8s i la <a href=\"\/ca\/\"https:>ansietat<\/a>, refor\u00e7a l&#039;enlla\u00e7, fomenta la creativitat i la imaginaci\u00f3 i t\u00e9 la capacitat d&#039;emportar-te de passeig sense sortir de casa.\u00a0<\/p>\n\n\n\n<p>Aix\u00ed que quan veieu que els moments us superen o que, al contrari, els ambients s\u00f3n harmoniosos i din\u00e0mics i vulgueu que segueixin aix\u00ed, tasteu a donar-li al \u201cplay\u201d i la veureu actuar amb tot el seu esplendor en tot el que toqui.\u00a0\u00a0<\/p>\n\n\n\n<p class=\"\\\"has-text-align-center\\\"\"><strong>A M\u00e8tode VICON no nom\u00e9s recomanem m\u00fasica <\/strong><br><strong>sin\u00f3 que la \u201cprescrivim!\u201d<\/strong><\/p>\n\n\n\n<p><strong>Cristina Oroz Baix<\/strong><\/p>\n\n\n\n<figure class=\"\\\"wp-block-image\" size-large\\\"><img src=\"\\\"https:><figcaption>Programa de desenvolupament del llenguatge en nens amb autisme<\/figcaption><\/figure>","protected":false},"excerpt":{"rendered":"<p>Cuando el M\u00e9todo \u201cirrumpe\u201d y se integra en una familia contagia el entorno, ti\u00f1e las din\u00e1micas de m\u00fasica, de contacto, [&hellip;]<\/p>\n","protected":false},"author":1,"featured_media":1367,"comment_status":"open","ping_status":"open","sticky":false,"template":"","format":"standard","meta":{"site-sidebar-layout":"default","site-content-layout":"","ast-site-content-layout":"default","site-content-style":"default","site-sidebar-style":"default","ast-global-header-display":"","ast-banner-title-visibility":"","ast-main-header-display":"","ast-hfb-above-header-display":"","ast-hfb-below-header-display":"","ast-hfb-mobile-header-display":"","site-post-title":"","ast-breadcrumbs-content":"","ast-featured-img":"","footer-sml-layout":"","ast-disable-related-posts":"","theme-transparent-header-meta":"","adv-header-id-meta":"","stick-header-meta":"","header-above-stick-meta":"","header-main-stick-meta":"","header-below-stick-meta":"","astra-migrate-meta-layouts":"default","ast-page-background-enabled":"default","ast-page-background-meta":{"desktop":{"background-color":"","background-image":"","background-repeat":"repeat","background-position":"center center","background-size":"auto","background-attachment":"scroll","background-type":"","background-media":"","overlay-type":"","overlay-color":"","overlay-opacity":"","overlay-gradient":""},"tablet":{"background-color":"","background-image":"","background-repeat":"repeat","background-position":"center center","background-size":"auto","background-attachment":"scroll","background-type":"","background-media":"","overlay-type":"","overlay-color":"","overlay-opacity":"","overlay-gradient":""},"mobile":{"background-color":"","background-image":"","background-repeat":"repeat","background-position":"center center","background-size":"auto","background-attachment":"scroll","background-type":"","background-media":"","overlay-type":"","overlay-color":"","overlay-opacity":"","overlay-gradient":""}},"ast-content-background-meta":{"desktop":{"background-color":"var(--ast-global-color-5)","background-image":"","background-repeat":"repeat","background-position":"center center","background-size":"auto","background-attachment":"scroll","background-type":"","background-media":"","overlay-type":"","overlay-color":"","overlay-opacity":"","overlay-gradient":""},"tablet":{"background-color":"var(--ast-global-color-5)","background-image":"","background-repeat":"repeat","background-position":"center center","background-size":"auto","background-attachment":"scroll","background-type":"","background-media":"","overlay-type":"","overlay-color":"","overlay-opacity":"","overlay-gradient":""},"mobile":{"background-color":"var(--ast-global-color-5)","background-image":"","background-repeat":"repeat","background-position":"center center","background-size":"auto","background-attachment":"scroll","background-type":"","background-media":"","overlay-type":"","overlay-color":"","overlay-opacity":"","overlay-gradient":""}},"footnotes":""},"categories":[18],"tags":[],"class_list":["post-1366","post","type-post","status-publish","format-standard","has-post-thumbnail","hentry","category-investigacion"],"_links":{"self":[{"href":"https:\/\/cristinaorozbajo.com\/ca\/wp-json\/wp\/v2\/posts\/1366","targetHints":{"allow":["GET"]}}],"collection":[{"href":"https:\/\/cristinaorozbajo.com\/ca\/wp-json\/wp\/v2\/posts"}],"about":[{"href":"https:\/\/cristinaorozbajo.com\/ca\/wp-json\/wp\/v2\/types\/post"}],"author":[{"embeddable":true,"href":"https:\/\/cristinaorozbajo.com\/ca\/wp-json\/wp\/v2\/users\/1"}],"replies":[{"embeddable":true,"href":"https:\/\/cristinaorozbajo.com\/ca\/wp-json\/wp\/v2\/comments?post=1366"}],"version-history":[{"count":0,"href":"https:\/\/cristinaorozbajo.com\/ca\/wp-json\/wp\/v2\/posts\/1366\/revisions"}],"wp:featuredmedia":[{"embeddable":true,"href":"https:\/\/cristinaorozbajo.com\/ca\/wp-json\/wp\/v2\/media\/1367"}],"wp:attachment":[{"href":"https:\/\/cristinaorozbajo.com\/ca\/wp-json\/wp\/v2\/media?parent=1366"}],"wp:term":[{"taxonomy":"category","embeddable":true,"href":"https:\/\/cristinaorozbajo.com\/ca\/wp-json\/wp\/v2\/categories?post=1366"},{"taxonomy":"post_tag","embeddable":true,"href":"https:\/\/cristinaorozbajo.com\/ca\/wp-json\/wp\/v2\/tags?post=1366"}],"curies":[{"name":"wp","href":"https:\/\/api.w.org\/{rel}","templated":true}]}}