{"id":1370,"date":"2020-05-27T12:12:54","date_gmt":"2020-05-27T11:12:54","guid":{"rendered":"https:\/\/cristinaorozbajo.com\/actividades-imprescindibles-para-trabajar-la-sensorialidad-desde-casa\/"},"modified":"2020-05-27T12:12:54","modified_gmt":"2020-05-27T11:12:54","slug":"activitats-imprescindibles-per-treballar-la-sensorialitat-des-de-casa","status":"publish","type":"post","link":"https:\/\/cristinaorozbajo.com\/ca\/activitats-imprescindibles-per-treballar-la-sensorialitat-des-de-casa\/","title":{"rendered":"Activitats imprescindibles per treballar la sensorialitat des de casa"},"content":{"rendered":"<p class=\"\\\"has-text-align-center\\\"\"><em>El treball sensorial \u00e9s crucial per al desenvolupament cognitiu, l&#039;aprenentatge i la comunicaci\u00f3 i l&#039;atenci\u00f3 primerenca. \u00c9s la l\u00ednia base de qualsevol treball d&#039;estimulaci\u00f3 quan estem treballant amb nens. <\/em><br><em><strong>El cos i les seves possibilitats s\u00f3n el gran vehicle d&#039;exploraci\u00f3, coneixement, construcci\u00f3 de tot pensament, emoci\u00f3 i conducta.<\/strong><\/em><\/p>\n\n\n\n<p>Deixem les que considerem principals din\u00e0miques de treball psicocorporal en nens amb discapacitat i sense, les \u00faniques variacions s\u00f3n si aquestes din\u00e0miques es poden fer soles amb col\u00b7laboraci\u00f3 del nen o, per contra, caldr\u00e0 posar-hi una mica m\u00e9s d&#039;imaginaci\u00f3 per construir-les perqu\u00e8 el nen les realitzi amb gust i participaci\u00f3.<br><\/p>\n\n\n\n<ol class=\"wp-block-list\"><li><strong>Treball Pesat:<\/strong><\/li><\/ol>\n\n\n\n<p>Tot el que t\u00e9 a veure amb la compressi\u00f3 i la tracci\u00f3 sensorial ajudar\u00e0 a fixar la sensorialitat, moltes vegades ens trobem que els punts de connexi\u00f3 sensorial estan alterats aix\u00ed que ens trobem nens que necessiten molta pressi\u00f3 per poder determinar i establir unes bones connexions. Rebotar, saltar, emp\u00e8nyer, agafar, enganxar, aixafar, llan\u00e7ar, colpejar, penjar-se de cap\u2026 Altres feines pesades: emp\u00e8nyer un cotxet de nad\u00f3 o un carret de compres, jugar amb una pilota pesada, muntar-se en una pilota saltadora, pujar escales, marxar portant objectes pesats\u2026 Totes aquestes activitats construeixen la sensori.<\/p>\n\n\n\n<ol class=\"wp-block-list\"><li><strong>\u201cEstimulaci\u00f3 Vestibular\u201d<\/strong><\/li><\/ol>\n\n\n\n<p>El sistema vestibular \u00e9s el que regula el sentit de moviment i de l&#039;equilibri, \u00e9s el que ens permet situar el nostre cos a l&#039;espai, els despla\u00e7aments i el nostre entorn. Per aix\u00f2 podem utilitzar objectes que es troben a la casa com: joguines que fan voltes, cavallet de bressolar-se, gronxadors, cadira balanc\u00ed, cadira d&#039;oficina\u2026 Activitats que promouen l&#039;estimulaci\u00f3 vestibular trobarem jugar a la natura; rodar costa avall, escalar, jugar a un parc de jocs\u2026<\/p>\n\n\n\n<p>      <strong>  2. \u201cEstimulaci\u00f3 T\u00e0ctil\u201d<\/strong><\/p>\n\n\n\n<p>Embolica diverses activitats com:<\/p>\n\n\n\n<ul class=\"wp-block-list\"><li>Toc ferm versus toc suau, pressi\u00f3 profunda, massatge, raspallat, explorar diverses textures, plastilina, tenir una caixa o contenidor amb objectes que promoguin estimulaci\u00f3 sensorial.<\/li><li>Altres objectes que proveeixen est\u00edmul t\u00e0ctil s\u00f3n: retalls a la roba, armilles pesades, gorres, guants, teles de diferents textures, tapets quadrats al pis, matalassos que vibren, etc.<\/li><\/ul>\n\n\n\n<p>     <strong>3. \u201cPer Desensibilitzar la boca\u201d<\/strong><\/p>\n\n\n\n<p>Per desensibilitzar la boca hi ha joguines que vibren, depressors de llengua amb sabors ia aix\u00f2 podem afegir combinada una alimentaci\u00f3 el m\u00e9s s\u00f2lida possible per posar tota la musculatura implicada a treballar en aquest sentit. En la mateixa l\u00ednia actuaran tot el que s\u00f3n mossegadors, tubs o objectes per mastegar, raspalls de dents que vibren, mastegar xiclet\u2026<\/p>\n\n\n\n<p>     <strong>4. \u201cEstimulaci\u00f3 Auditiva\u201d<\/strong><\/p>\n\n\n\n<p>Activitats que poden facilitar l&#039;estimulaci\u00f3 auditiva s\u00f3n escoltar diferents classes de m\u00fasica: per relaxar-se o per promoure l&#039;estat d&#039;alerta, explorar diversos sons, considerar un programa de ter\u00e0pia auditiva, fer servir audi\u00f2fons o altres objectes per tapar i\/o protegir les orelles, escoltar sorolls provinents de m\u00e0quines, i inclusivament un programa de preparaci\u00f3 per lidiar.<\/p>\n\n\n\n<p>      <strong>5. \u201cEstimulaci\u00f3 Visual\u201d<\/strong><\/p>\n\n\n\n<p>Reduir l&#039;amuntegament d&#039;objectes, ja que pot produir una sobreestimulaci\u00f3 visual, explorar diferents classes de llums, evitar colors i patrons molt forts o nocius visualment. Organitzar les joguines en contenidors opacs, reempla\u00e7ar la llum fluorescent\u2026<\/p>\n\n\n\n<p><strong>      6. \u201cEstimulaci\u00f3 de l&#039;Olfat i del Gust\u201d<\/strong><\/p>\n\n\n\n<p>Explorar diverses olors i sabors, fer servir diferents sabons, detergents, olis essencials\u2026<\/p>\n\n\n\n<p>D&#039;altra banda \u00e9s important tenir en compte respectar sempre el ritme del nen, cosa que per a nosaltres no requereix cap esfor\u00e7 per a ell pot significar una situaci\u00f3 d&#039;estr\u00e8s aix\u00ed que mai no obligui el nen a fer cap activitat ell troba desagradable. Mesureu sempre els efectes de cada activitat atenent els efectes fisiol\u00f2gics que mostra el vostre fill per poder reconduir la situaci\u00f3 i que vagi agafant confian\u00e7a en aquests ambients on ell es troba desregulat. Intenteu les activitats un curt espai de temps donant peu a anar dilatant la proposta per aconseguir un efecte gradual i efectiu. Tingueu cura dels materials que no siguin t\u00f2xics ni suposin cap perill per al nen.\u00a0<br><\/p>\n\n\n\n<p><strong>Cristina Oroz Baix<\/strong><\/p>\n\n\n\n<figure class=\"\\\"wp-block-image\" size-large\\\"><img src=\"\\\"https:><figcaption>Programa de desenvolupament del llenguatge en nens amb autisme<\/figcaption><\/figure>","protected":false},"excerpt":{"rendered":"<p>El trabajo sensorial es crucial para el desarrollo cognitivo, el aprendizaje y la comunicaci\u00f3n y en la atenci\u00f3n temprana. Se [&hellip;]<\/p>\n","protected":false},"author":1,"featured_media":1371,"comment_status":"open","ping_status":"open","sticky":false,"template":"","format":"standard","meta":{"site-sidebar-layout":"default","site-content-layout":"","ast-site-content-layout":"default","site-content-style":"default","site-sidebar-style":"default","ast-global-header-display":"","ast-banner-title-visibility":"","ast-main-header-display":"","ast-hfb-above-header-display":"","ast-hfb-below-header-display":"","ast-hfb-mobile-header-display":"","site-post-title":"","ast-breadcrumbs-content":"","ast-featured-img":"","footer-sml-layout":"","ast-disable-related-posts":"","theme-transparent-header-meta":"","adv-header-id-meta":"","stick-header-meta":"","header-above-stick-meta":"","header-main-stick-meta":"","header-below-stick-meta":"","astra-migrate-meta-layouts":"default","ast-page-background-enabled":"default","ast-page-background-meta":{"desktop":{"background-color":"","background-image":"","background-repeat":"repeat","background-position":"center center","background-size":"auto","background-attachment":"scroll","background-type":"","background-media":"","overlay-type":"","overlay-color":"","overlay-opacity":"","overlay-gradient":""},"tablet":{"background-color":"","background-image":"","background-repeat":"repeat","background-position":"center center","background-size":"auto","background-attachment":"scroll","background-type":"","background-media":"","overlay-type":"","overlay-color":"","overlay-opacity":"","overlay-gradient":""},"mobile":{"background-color":"","background-image":"","background-repeat":"repeat","background-position":"center center","background-size":"auto","background-attachment":"scroll","background-type":"","background-media":"","overlay-type":"","overlay-color":"","overlay-opacity":"","overlay-gradient":""}},"ast-content-background-meta":{"desktop":{"background-color":"var(--ast-global-color-5)","background-image":"","background-repeat":"repeat","background-position":"center center","background-size":"auto","background-attachment":"scroll","background-type":"","background-media":"","overlay-type":"","overlay-color":"","overlay-opacity":"","overlay-gradient":""},"tablet":{"background-color":"var(--ast-global-color-5)","background-image":"","background-repeat":"repeat","background-position":"center center","background-size":"auto","background-attachment":"scroll","background-type":"","background-media":"","overlay-type":"","overlay-color":"","overlay-opacity":"","overlay-gradient":""},"mobile":{"background-color":"var(--ast-global-color-5)","background-image":"","background-repeat":"repeat","background-position":"center center","background-size":"auto","background-attachment":"scroll","background-type":"","background-media":"","overlay-type":"","overlay-color":"","overlay-opacity":"","overlay-gradient":""}},"footnotes":""},"categories":[18],"tags":[],"class_list":["post-1370","post","type-post","status-publish","format-standard","has-post-thumbnail","hentry","category-investigacion"],"_links":{"self":[{"href":"https:\/\/cristinaorozbajo.com\/ca\/wp-json\/wp\/v2\/posts\/1370","targetHints":{"allow":["GET"]}}],"collection":[{"href":"https:\/\/cristinaorozbajo.com\/ca\/wp-json\/wp\/v2\/posts"}],"about":[{"href":"https:\/\/cristinaorozbajo.com\/ca\/wp-json\/wp\/v2\/types\/post"}],"author":[{"embeddable":true,"href":"https:\/\/cristinaorozbajo.com\/ca\/wp-json\/wp\/v2\/users\/1"}],"replies":[{"embeddable":true,"href":"https:\/\/cristinaorozbajo.com\/ca\/wp-json\/wp\/v2\/comments?post=1370"}],"version-history":[{"count":0,"href":"https:\/\/cristinaorozbajo.com\/ca\/wp-json\/wp\/v2\/posts\/1370\/revisions"}],"wp:featuredmedia":[{"embeddable":true,"href":"https:\/\/cristinaorozbajo.com\/ca\/wp-json\/wp\/v2\/media\/1371"}],"wp:attachment":[{"href":"https:\/\/cristinaorozbajo.com\/ca\/wp-json\/wp\/v2\/media?parent=1370"}],"wp:term":[{"taxonomy":"category","embeddable":true,"href":"https:\/\/cristinaorozbajo.com\/ca\/wp-json\/wp\/v2\/categories?post=1370"},{"taxonomy":"post_tag","embeddable":true,"href":"https:\/\/cristinaorozbajo.com\/ca\/wp-json\/wp\/v2\/tags?post=1370"}],"curies":[{"name":"wp","href":"https:\/\/api.w.org\/{rel}","templated":true}]}}