{"id":1416,"date":"2020-07-28T12:53:24","date_gmt":"2020-07-28T11:53:24","guid":{"rendered":"https:\/\/cristinaorozbajo.com\/4-claves-del-metodo-vicon-porque-es-tan-eficaz\/"},"modified":"2020-07-28T12:53:24","modified_gmt":"2020-07-28T11:53:24","slug":"4-claus-del-metode-vicon-perque-es-tan-eficac","status":"publish","type":"post","link":"https:\/\/cristinaorozbajo.com\/ca\/4-claus-del-metode-vicon-perque-es-tan-eficac\/","title":{"rendered":"4 Claus del M\u00e8tode VIC\u00d3: Per qu\u00e8 \u00e9s tan efica\u00e7?"},"content":{"rendered":"<p class=\"\\\"has-text-align-center\\\"\"><em>Ens trobem amb molt\u00edssimes fam\u00edlies que sorprenen com despr\u00e9s d&#039;anys intentant amb altres m\u00e8todes en nom\u00e9s 3 setmanes i de vegades en pocs dies des de la seva implementaci\u00f3 els seus nens presenten tant canvi en el seu aprenentatge, el seu llenguatge i la seva comunicaci\u00f3.<\/em> <\/p>\n\n\n\n<p><a href=\"\/ca\/\"http:>M\u00e8tode VIC\u00d3<\/a> t\u00e9 unes <strong>caracter\u00edstiques<\/strong> que ho fan \u00fanic i el m\u00e9s efectiu en el desenvolupament de llenguatge. <\/p>\n\n\n\n<ol class=\"wp-block-list\"><li>La primera \u00e9s que es tracta d&#039;un <strong>recurs <a href=\"\/ca\/\"https:>motivador<\/a><\/strong>. \u00c9s estrictament necessari que en l&#039;aprenentatge all\u00e0 entusiasme, gaudi, emoci\u00f3\u2026 I sense aquests elements l&#039;aprenentatge no ser\u00e0 significatiu i impactar\u00e0 a la vida del nen, canviant-ne la realitat i enriquint-la.<br><\/li><li>La segona \u00e9s que es tracta d&#039;un <strong>m\u00e8tode intensiu<\/strong>. Les grans dificultats en el desenvolupament de llenguatge v\u00e9nen des del principi que considera que per aprendre un idioma (un llenguatge) cal una <strong>immersi\u00f3 ling\u00fc\u00edstica<\/strong>, \u00e9s a dir que el nen estigui exposat a la feina conscient i immersiva d&#039;aquest idioma almenys 20 hores setmanals. Els nens amb dificultats, trastorns\u2026 encara estant immersos en el llenguatge realment <strong>no hi participen, no s\u00f3n conscients ni reactius a l&#039;ambient verbal per dificultats d&#039;atenci\u00f3, imitaci\u00f3<\/strong> i aqu\u00ed \u00e9s on <a href=\"\/ca\/\"http:>M\u00e8tode VIC\u00d3<\/a> fa de palanca en el desenvolupament de llenguatge. Li introdueix al llenguatge, se&#039;l mostra subtilment i no nom\u00e9s aix\u00f2 sin\u00f3 que el fa gaudir d&#039;aquells moments de llenguatge que despr\u00e9s van tenyint totes les altres \u00e0rees de llenguatge di\u00e0ries del nen. Li ensenya a aprendre atenent el llenguatge que l&#039;envolta.<br><\/li><li>En tercer lloc \u00e9s el fet que <strong>s&#039;implementa al <a href=\"\/ca\/\"https:>nucli familiar<\/a><\/strong>. El primer nucli social que envolta l&#039;infant \u00e9s l&#039;entorn familiar, i actuar directament en aquest entorn ens fa ser molt m\u00e9s efectius en l&#039;impacte del llenguatge. Aix\u00f2 ens permet <strong>comptar amb la m\u00e0 de la fam\u00edlia, la gran experta del nen.<\/strong> La que sap mesurar els seus temps, la que sap mesurar les seves sensacions, la que sap \u201cllegir-lo\u201d i quan tenim un nen sense llenguatge (no verbal) o verbal per\u00f2 no funcional aquesta \u00e9s l&#039;\u00fanica manera d&#039;arribar-hi. La fam\u00edlia \u00e9s l&#039;entorn ideal on trobem moments per compartir, estimular i aprofitar el v\u00eddeo, les escenes, la m\u00fasica, els exemples i jocs que tots els pares aprofiten en totes les din\u00e0miques familiars<br><\/li><li>Ens agrada<strong> treballar en equip!<\/strong> Primer la fam\u00edlia amb el terapeuta del m\u00e8tode per\u00f2 despr\u00e9s ens apropem al <strong>equip terap\u00e8utic del nen<\/strong>. A <a href=\"\/ca\/\"http:>M\u00e8tode VIC\u00d3<\/a> ens preocupem per <strong>fer equip<\/strong>, primer amb la fam\u00edlia per\u00f2 en segona inst\u00e0ncia tamb\u00e9 amb els terapeutes, neur\u00f2legs, pediatres, professors\u2026 i <strong>tots aquells professionals que atenen el nen<\/strong>, i compartint l&#039;eina per a cadascun recomanant que <strong>aprofitin aquests dos minuts de v\u00eddeo per veure com els pacients viuen aquest recurs terap\u00e8utic.<\/strong><\/li><\/ol>\n\n\n\n<p>Totes aquestes caracter\u00edstiques fan el <a href=\"\/ca\/\"http:>m\u00e8tode VICON<\/a> \u00fanic, <strong>no \u00e9s m\u00e0gic, \u00e9s feina di\u00e0ria i en equip<\/strong>, per\u00f2 amb un bona entrenament es converteix en <strong>un treball natural, c\u00f2mode i des de casa el millor entorn i d&#039;on surten els canvis m\u00e9s grans i els m\u00e9s bonics en la vida d&#039;una persona.<\/strong><\/p>\n\n\n\n<p>Aprofitem per <strong>agrair a totes les fam\u00edlies el gran suport incondicional<\/strong>vosaltres sou els qui feu possible aquest projecte i ens alimenteu dia dia compartint amb nosaltres els \u00e8xits dels vostres fills al nostre programa. Ara <strong>vosaltres sou la nostra gran fam\u00edlia i junts aconseguirem no sense gaire esfor\u00e7 per\u00f2 gaudint en llenguatge dels vostres fills<\/strong>.<\/p>\n\n\n\n<p><strong>Cristina Oroz Baix<\/strong><\/p>\n\n\n\n<figure class=\"\\\"wp-block-image\" size-large\\\"><img src=\"\\\"https:><figcaption>Programa de desenvolupament del llenguatge en nens amb autisme<\/figcaption><\/figure>","protected":false},"excerpt":{"rendered":"<p>Nos encontramos con much\u00edsimas familias que se asombran c\u00f3mo despu\u00e9s de a\u00f1os intentando con otros m\u00e9todos en s\u00f3lo 3 semanas [&hellip;]<\/p>\n","protected":false},"author":1,"featured_media":1417,"comment_status":"open","ping_status":"open","sticky":false,"template":"","format":"standard","meta":{"site-sidebar-layout":"default","site-content-layout":"","ast-site-content-layout":"default","site-content-style":"default","site-sidebar-style":"default","ast-global-header-display":"","ast-banner-title-visibility":"","ast-main-header-display":"","ast-hfb-above-header-display":"","ast-hfb-below-header-display":"","ast-hfb-mobile-header-display":"","site-post-title":"","ast-breadcrumbs-content":"","ast-featured-img":"","footer-sml-layout":"","ast-disable-related-posts":"","theme-transparent-header-meta":"","adv-header-id-meta":"","stick-header-meta":"","header-above-stick-meta":"","header-main-stick-meta":"","header-below-stick-meta":"","astra-migrate-meta-layouts":"default","ast-page-background-enabled":"default","ast-page-background-meta":{"desktop":{"background-color":"","background-image":"","background-repeat":"repeat","background-position":"center center","background-size":"auto","background-attachment":"scroll","background-type":"","background-media":"","overlay-type":"","overlay-color":"","overlay-opacity":"","overlay-gradient":""},"tablet":{"background-color":"","background-image":"","background-repeat":"repeat","background-position":"center center","background-size":"auto","background-attachment":"scroll","background-type":"","background-media":"","overlay-type":"","overlay-color":"","overlay-opacity":"","overlay-gradient":""},"mobile":{"background-color":"","background-image":"","background-repeat":"repeat","background-position":"center center","background-size":"auto","background-attachment":"scroll","background-type":"","background-media":"","overlay-type":"","overlay-color":"","overlay-opacity":"","overlay-gradient":""}},"ast-content-background-meta":{"desktop":{"background-color":"var(--ast-global-color-5)","background-image":"","background-repeat":"repeat","background-position":"center center","background-size":"auto","background-attachment":"scroll","background-type":"","background-media":"","overlay-type":"","overlay-color":"","overlay-opacity":"","overlay-gradient":""},"tablet":{"background-color":"var(--ast-global-color-5)","background-image":"","background-repeat":"repeat","background-position":"center center","background-size":"auto","background-attachment":"scroll","background-type":"","background-media":"","overlay-type":"","overlay-color":"","overlay-opacity":"","overlay-gradient":""},"mobile":{"background-color":"var(--ast-global-color-5)","background-image":"","background-repeat":"repeat","background-position":"center center","background-size":"auto","background-attachment":"scroll","background-type":"","background-media":"","overlay-type":"","overlay-color":"","overlay-opacity":"","overlay-gradient":""}},"footnotes":""},"categories":[121],"tags":[],"class_list":["post-1416","post","type-post","status-publish","format-standard","has-post-thumbnail","hentry","category-metodo-vicon"],"_links":{"self":[{"href":"https:\/\/cristinaorozbajo.com\/ca\/wp-json\/wp\/v2\/posts\/1416","targetHints":{"allow":["GET"]}}],"collection":[{"href":"https:\/\/cristinaorozbajo.com\/ca\/wp-json\/wp\/v2\/posts"}],"about":[{"href":"https:\/\/cristinaorozbajo.com\/ca\/wp-json\/wp\/v2\/types\/post"}],"author":[{"embeddable":true,"href":"https:\/\/cristinaorozbajo.com\/ca\/wp-json\/wp\/v2\/users\/1"}],"replies":[{"embeddable":true,"href":"https:\/\/cristinaorozbajo.com\/ca\/wp-json\/wp\/v2\/comments?post=1416"}],"version-history":[{"count":0,"href":"https:\/\/cristinaorozbajo.com\/ca\/wp-json\/wp\/v2\/posts\/1416\/revisions"}],"wp:featuredmedia":[{"embeddable":true,"href":"https:\/\/cristinaorozbajo.com\/ca\/wp-json\/wp\/v2\/media\/1417"}],"wp:attachment":[{"href":"https:\/\/cristinaorozbajo.com\/ca\/wp-json\/wp\/v2\/media?parent=1416"}],"wp:term":[{"taxonomy":"category","embeddable":true,"href":"https:\/\/cristinaorozbajo.com\/ca\/wp-json\/wp\/v2\/categories?post=1416"},{"taxonomy":"post_tag","embeddable":true,"href":"https:\/\/cristinaorozbajo.com\/ca\/wp-json\/wp\/v2\/tags?post=1416"}],"curies":[{"name":"wp","href":"https:\/\/api.w.org\/{rel}","templated":true}]}}