{"id":1421,"date":"2020-08-03T11:59:01","date_gmt":"2020-08-03T10:59:01","guid":{"rendered":"https:\/\/cristinaorozbajo.com\/trastorno-especifico-del-lenguaje-el-ninos-del-ya-hablara\/"},"modified":"2020-08-03T11:59:01","modified_gmt":"2020-08-03T10:59:01","slug":"trastorn-especific-del-llenguatge-els-nens-del-ja-parles","status":"publish","type":"post","link":"https:\/\/cristinaorozbajo.com\/ca\/trastorn-especific-del-llenguatge-els-nens-del-ja-parles\/","title":{"rendered":"Trastorn Espec\u00edfic del Llenguatge: el nen del \u201cja parlar\u00e0\u201d\u2026"},"content":{"rendered":"<p class=\"\\\"has-text-align-center\\\"\"><strong><em>El Trastorn Espec\u00edfic del Llenguatge (TEL) sorgeix despr\u00e9s d&#039;un per\u00edode de desenvolupament normal fins que no apareix llenguatge quan caldria. L&#039;edat mitjana d&#039;alarma s\u00f3n els 2 anys i els pares solen reportar aquestes dificultats. Molts cops pensant en un \u201cja parlar\u00e0\u2026\u201d que unit a les capacitats en altres \u00e0rees dilaten la intervenci\u00f3 i agreugen la simptomatologia i el pron\u00f2stic.<\/em><\/strong><\/p>\n\n\n\n<p>Al <a href=\"\/ca\/\"http:>M\u00e8tode VIC\u00d3<\/a> la intervenci\u00f3 a TEL \u00e9s la segona m\u00e9s important en nombre de casos al nostre programa, per la qual cosa hem volgut dedicar un espai d&#039;articles dedicats a aquestes fam\u00edlies. Esperem que siguin de gran ajuda per tenir una idea global referida a la descripci\u00f3, la detecci\u00f3 preco\u00e7 i la intervenci\u00f3 primerenca. Estem segurs que molts trastorns tamb\u00e9 en poden treure fruit d&#039;aquestes an\u00e0lisis que oferirem del TEL. Comencem\u2026<\/p>\n\n\n\n<h3 class=\"wp-block-heading\"><strong>Qu\u00e8 \u00e9s el TEL?<\/strong><\/h3>\n\n\n\n<p>El Trastorn Espec\u00edfic del Llenguatge (TEL en espanyol i SLI en angl\u00e8s), \u00e9s un <strong>trastorn del neurodesenvolupament <\/strong>pel que fa a la comunicaci\u00f3 que interfereix en el desenvolupament de les habilitats del llenguatge en nens que no tenen p\u00e8rdua d&#039;audici\u00f3 o discapacitat intel\u00b7lectual. Tamb\u00e9 se&#039;l coneix com <strong>trastorn del desenvolupament del llenguatge, retard del llenguatge o disf\u00e0sia del desenvolupament<\/strong>. \u00c9s un dels trastorns del desenvolupament m\u00e9s freq\u00fcents i afecta aproximadament a entre el <strong>7% i el 8% dels nens <\/strong>en edat preescolar. En general, els efectes d&#039;aquest trastorn continuen a l&#039;edat adulta.&nbsp;<br><\/p>\n\n\n\n<p>Concretament afecta la <strong>adquisici\u00f3 i desenvolupament del llenguatge oral. <\/strong>Podeu alterar tant l&#039;\u00e0rea comprensiva com l&#039;expressiva o totes dues. El TEL sempre apareix com una <strong>demora a l&#039;adquisici\u00f3 del llenguatge<\/strong>. Aix\u00f2 no significa que tots els parlants tardans hagin d&#039;acabar tenint un Trastorn Espec\u00edfic del Llenguatge, per\u00f2 tot i aix\u00f2, tots els TEL van ser parlants tardans.<\/p>\n\n\n\n<p>Un nen amb una demora en l&#039;adquisici\u00f3 del llenguatge est\u00e0 en risc de presentar posteriorment: TEA (Trastorn Espectre de l&#039;Autisme), TEL (Trastorn espec\u00edfic del llenguatge), TDAH (Trastorn per d\u00e8ficit d&#039;atenci\u00f3 i hiperactivitat), Trastorn de l&#039;aprenentatge, etc., per tant, cal una detecci\u00f3 primerenca, per a una posterior intervenci\u00f3. Els s\u00edmptomes apareixen a l&#039;edat primerenca i han de ser diagnosticats abans dels 4-5 anys.<\/p>\n\n\n\n<h3 class=\"wp-block-heading\"><strong>Qu\u00e8 causa el TEL?<\/strong><\/h3>\n\n\n\n<p>La causa del TEL \u00e9s desconeguda per\u00f2 hi ha descobriments recents que suggereixen que t\u00e9 un fort enlla\u00e7 gen\u00e8tic. \u00c9s m\u00e9s probable que els nens amb trastorn espec\u00edfic del llenguatge tinguin pares i germans que tamb\u00e9 han tingut dificultats i retards a la parla, del 50% al 70% dels nens amb trastorn espec\u00edfic del llenguatge tenen almenys un familiar amb aquest trastorn.<\/p>\n\n\n\n<p>El trastorn pot afectar tant nens multiling\u00fces com nens que parlen un sol idioma, aprendre m\u00e9s d&#039;un idioma alhora no causa el trastorn espec\u00edfic del llenguatge.<\/p>\n\n\n\n<h3 class=\"wp-block-heading\"><strong>Quins s\u00f3n els s\u00edmptomes del TEL?<\/strong><\/h3>\n\n\n\n<p>El primer s\u00edmptoma com coment\u00e0vem \u00e9s l&#039;adquisici\u00f3 tardana del llenguatge, arriben a les etapes del desenvolupament del llenguatge parlat m\u00e9s tard que altres nens de la mateixa edat.<\/p>\n\n\n\n<p>Presenten dificultats a:<\/p>\n\n\n\n<ul class=\"wp-block-list\"><li>Comprensi\u00f3 del llenguatge<\/li><li>Aprendre noves paraules<\/li><li>Seguir instruccions<\/li><li>Dificultat per trobar les paraules correctes<\/li><li>Entendre el llenguatge figurat<\/li><li>Dur a terme una conversa<\/li><li>Problemes de lectura i escriptura<\/li><\/ul>\n\n\n\n<p>Es qualifica com un trastorn \u201c<strong>heterogeni<\/strong>&quot;perqu\u00e8 mai trobarem dos TEL iguals. Els s\u00edmptomes varien molt d&#039;un nen a un altre i no sempre es presenten la mateixa forma i intensitat.&quot;<br><\/p>\n\n\n\n<p><strong>El trastorn espec\u00edfic del llenguatge no \u00e9s el mateix que un problema d&#039;aprenentatge<\/strong>. Aix\u00f2 no obstant, s\u00ed que \u00e9s un factor de risc per als problemes d&#039;aprenentatge, ja que tenir dificultat amb les habilitats b\u00e0siques del llenguatge afecta l&#039;acompliment a l&#039;aula fins i tot a la socialitzaci\u00f3. Aix\u00f2 significa que els nens amb trastorn espec\u00edfic del llenguatge tenen una probabilitat m\u00e9s gran que se&#039;ls diagnostiqui un problema d&#039;aprenentatge que els nens que no tenen aquest trastorn.<\/p>\n\n\n\n<p>Presenten un vocabulari limitat i problemes de comprensi\u00f3 i organitzaci\u00f3 de pensaments en oracions coherents. Les dificultats amb la comprensi\u00f3 del llenguatge poden representar un repte per a la resoluci\u00f3 de problemes, la planificaci\u00f3 i lexpressi\u00f3. A m\u00e9s, alguns nens amb trastorn espec\u00edfic del llenguatge poden mostrar <strong>indicis de disl\u00e8xia<\/strong>.&nbsp;<\/p>\n\n\n\n<h3 class=\"wp-block-heading\">Detecci\u00f3 preco\u00e7 al TEL?<\/h3>\n\n\n\n<p><strong>L&#039;avaluaci\u00f3, el diagn\u00f2stic i la intervenci\u00f3<\/strong> preco\u00e7 \u00e9s imprescindible en levoluci\u00f3 dels nens amb TEL. El diagn\u00f2stic \u00e9s molt complex i planteja molts problemes sobretot a edats primerenques.<\/p>\n\n\n\n<ul class=\"wp-block-list\"><li><strong>Abans dels 3 anys<\/strong> <strong>\u00e9s dif\u00edcil determinar <\/strong>si les dificultats del llenguatge oral s\u00f3n degudes a un retard del llenguatge oa un trastorn del llenguatge.<\/li><li><strong>Als 4 anys ja es pot parlar d&#039;un possible TEL<\/strong><\/li><li><strong>Als 5 anys se sol confirmar el diagn\u00f2stic<\/strong>.<\/li><\/ul>\n\n\n\n<p>La <strong>detecci\u00f3 primerenca i amb aix\u00f2 la intervenc<\/strong><strong>i\u00f3 preco\u00e7 <\/strong>contribueix a desenvolupar al <strong>m\u00e0xim el potencial <\/strong>del nen millorant-ne les expectatives. Permet orientar adequadament les fam\u00edlies i<strong> reduir l&#039;estr\u00e8s familiar.<\/strong> Facilita la cerca de <strong>recursos educatius i terap\u00e8utics<\/strong> ajustats a les vostres necessitats. No hem d&#039;esperar a confirmar un diagn\u00f2stic per comen\u00e7ar a intervenir en les dificultats detectades, sin\u00f3 comen\u00e7ar a atendre els senyals. Recordar el gran impacte que t\u00e9 aquest trastorn a la seva vida escolar, personal i emocional, no nom\u00e9s en edats primerenques.<\/p>\n\n\n\n<p>Els <strong>factors que dificulten la detecci\u00f3 primerenca<\/strong> s\u00f3n l&#039;abs\u00e8ncia de marcadors biol\u00f2gics i indicadors en l&#039;aspecte f\u00edsic. Toler\u00e0ncia cultural cap a la tardan\u00e7a en el desenvolupament del llenguatge, el fam\u00f3s JA PARLAR\u00c0, a m\u00e9s de trobar-nos en un col\u00b7lectiu molt heterogeni. En molts casos tamb\u00e9 ens trobem amb insuficient formaci\u00f3 i escassos serveis d&#039;atenci\u00f3 prim\u00e0ria-pediatria i en serveis educatius.<\/p>\n\n\n\n<p><strong>Cristina Oroz Baix<\/strong><\/p>\n\n\n\n<figure class=\"\\\"wp-block-image\" size-large\\\"><img src=\"\\\"https:><figcaption>Programa de desenvolupament del llenguatge en nens amb autisme<\/figcaption><\/figure>","protected":false},"excerpt":{"rendered":"<p>El Trastorno Espec\u00edfico del Lenguaje (TEL) surge despu\u00e9s de un periodo de desarrollo normal hasta que no aparece lenguaje cuando [&hellip;]<\/p>\n","protected":false},"author":1,"featured_media":1425,"comment_status":"open","ping_status":"open","sticky":false,"template":"","format":"standard","meta":{"site-sidebar-layout":"default","site-content-layout":"","ast-site-content-layout":"default","site-content-style":"default","site-sidebar-style":"default","ast-global-header-display":"","ast-banner-title-visibility":"","ast-main-header-display":"","ast-hfb-above-header-display":"","ast-hfb-below-header-display":"","ast-hfb-mobile-header-display":"","site-post-title":"","ast-breadcrumbs-content":"","ast-featured-img":"","footer-sml-layout":"","ast-disable-related-posts":"","theme-transparent-header-meta":"","adv-header-id-meta":"","stick-header-meta":"","header-above-stick-meta":"","header-main-stick-meta":"","header-below-stick-meta":"","astra-migrate-meta-layouts":"default","ast-page-background-enabled":"default","ast-page-background-meta":{"desktop":{"background-color":"","background-image":"","background-repeat":"repeat","background-position":"center center","background-size":"auto","background-attachment":"scroll","background-type":"","background-media":"","overlay-type":"","overlay-color":"","overlay-opacity":"","overlay-gradient":""},"tablet":{"background-color":"","background-image":"","background-repeat":"repeat","background-position":"center center","background-size":"auto","background-attachment":"scroll","background-type":"","background-media":"","overlay-type":"","overlay-color":"","overlay-opacity":"","overlay-gradient":""},"mobile":{"background-color":"","background-image":"","background-repeat":"repeat","background-position":"center center","background-size":"auto","background-attachment":"scroll","background-type":"","background-media":"","overlay-type":"","overlay-color":"","overlay-opacity":"","overlay-gradient":""}},"ast-content-background-meta":{"desktop":{"background-color":"var(--ast-global-color-5)","background-image":"","background-repeat":"repeat","background-position":"center center","background-size":"auto","background-attachment":"scroll","background-type":"","background-media":"","overlay-type":"","overlay-color":"","overlay-opacity":"","overlay-gradient":""},"tablet":{"background-color":"var(--ast-global-color-5)","background-image":"","background-repeat":"repeat","background-position":"center center","background-size":"auto","background-attachment":"scroll","background-type":"","background-media":"","overlay-type":"","overlay-color":"","overlay-opacity":"","overlay-gradient":""},"mobile":{"background-color":"var(--ast-global-color-5)","background-image":"","background-repeat":"repeat","background-position":"center center","background-size":"auto","background-attachment":"scroll","background-type":"","background-media":"","overlay-type":"","overlay-color":"","overlay-opacity":"","overlay-gradient":""}},"footnotes":""},"categories":[18],"tags":[],"class_list":["post-1421","post","type-post","status-publish","format-standard","has-post-thumbnail","hentry","category-investigacion"],"_links":{"self":[{"href":"https:\/\/cristinaorozbajo.com\/ca\/wp-json\/wp\/v2\/posts\/1421","targetHints":{"allow":["GET"]}}],"collection":[{"href":"https:\/\/cristinaorozbajo.com\/ca\/wp-json\/wp\/v2\/posts"}],"about":[{"href":"https:\/\/cristinaorozbajo.com\/ca\/wp-json\/wp\/v2\/types\/post"}],"author":[{"embeddable":true,"href":"https:\/\/cristinaorozbajo.com\/ca\/wp-json\/wp\/v2\/users\/1"}],"replies":[{"embeddable":true,"href":"https:\/\/cristinaorozbajo.com\/ca\/wp-json\/wp\/v2\/comments?post=1421"}],"version-history":[{"count":0,"href":"https:\/\/cristinaorozbajo.com\/ca\/wp-json\/wp\/v2\/posts\/1421\/revisions"}],"wp:featuredmedia":[{"embeddable":true,"href":"https:\/\/cristinaorozbajo.com\/ca\/wp-json\/wp\/v2\/media\/1425"}],"wp:attachment":[{"href":"https:\/\/cristinaorozbajo.com\/ca\/wp-json\/wp\/v2\/media?parent=1421"}],"wp:term":[{"taxonomy":"category","embeddable":true,"href":"https:\/\/cristinaorozbajo.com\/ca\/wp-json\/wp\/v2\/categories?post=1421"},{"taxonomy":"post_tag","embeddable":true,"href":"https:\/\/cristinaorozbajo.com\/ca\/wp-json\/wp\/v2\/tags?post=1421"}],"curies":[{"name":"wp","href":"https:\/\/api.w.org\/{rel}","templated":true}]}}