{"id":1488,"date":"2020-11-04T15:22:40","date_gmt":"2020-11-04T14:22:40","guid":{"rendered":"https:\/\/cristinaorozbajo.com\/eres-un-profesor-a-y-quieres-ayudar-a-tus-alumnos-con-dificultades\/"},"modified":"2020-11-04T15:22:40","modified_gmt":"2020-11-04T14:22:40","slug":"ets-un-professor-ai-vols-ajudar-els-teus-alumnes-amb-dificultats","status":"publish","type":"post","link":"https:\/\/cristinaorozbajo.com\/ca\/ets-un-professor-ai-vols-ajudar-els-teus-alumnes-amb-dificultats\/","title":{"rendered":"Ets un professor\/ai vols ajudar els teus alumnes amb dificultats?"},"content":{"rendered":"<p><a href=\"\/ca\/\"https:><strong>M\u00e8tode VIC\u00d3<\/strong><\/a><strong> per a l&#039;Aula: professors i centres preescolars i d&#039;infantil.<\/strong><\/p>\n\n\n\n<p><strong>Com i per qu\u00e8 introduir el programa a les din\u00e0miques escolars?<\/strong><\/p>\n\n\n\n<p>Dins del camp professional, l&#039;aplicaci\u00f3 del m\u00e8tode \u00e9s estrictament necess\u00e0ria si volem reduir aquesta gran dist\u00e0ncia que hi ha entre els nostres alumnes amb necessitats educatives especials i els nens de la seva mateixa edat evolutiva.<\/p>\n\n\n\n<p>I no hi ha millor lloc per fer-ho que a les <strong>escoles bressol d&#039;acc\u00e9s preescolar i als centres d&#039;educaci\u00f3 infantil<\/strong>, on comencen els seus primers passos cap al <strong>aprenentatge<\/strong>, i on es comencen a instaurar tots aquests <strong>processos cognitius<\/strong> preparatoris per a l&#039;aprenentatge aix\u00ed com les <strong>primeres din\u00e0miques socials<\/strong> fora del seu entorn familiar.<\/p>\n\n\n\n<p>Si apliquem el <a href=\"\/ca\/\"https:>M\u00e8tode VIC\u00d3<\/a> de manera <strong>preventiva abans dels 2 anys<\/strong> ens assegurar\u00e0 que potenciem totes les habilitats del nen amb un bon marc de motivaci\u00f3 i que lluitarem per <strong>reduir aquestes difer\u00e8ncies i simptomatologies<\/strong> que encara no s&#039;han presentat per donar al nen la <strong>atenci\u00f3 primerenca<\/strong> necess\u00e0ria per reduir els efectes del possible trastorn o diagn\u00f2stic futur.<\/p>\n\n\n\n<p>Quan parlem de \u201c<strong>recuperaci\u00f3\u201d<\/strong>, quan parlem de <strong>\u201creduir simptomatologia\u201d<\/strong>, quan parlem de <strong>\u201cqualitat de vida\u201d<\/strong> ens estem referint a aquest proc\u00e9s en concret, a com podem actuar a nivell preventiu en atenci\u00f3 primerenca per poder acompanyar el nen des dels seus inicis des del gaudi, des del desenvolupament cognitiu i <strong>des de la capacitat<\/strong>.<\/p>\n\n\n\n<p>Per aix\u00f2 \u00e9s molt important donar-se la m\u00e0 amb <strong>tot el professorat, els mestres d&#039;audici\u00f3 en llenguatge, els pedagogs terap\u00e8utics i tots els acompanyants terap\u00e8utics<\/strong> que hi ha dins de l&#039;aula per poder introduir aquestes eines i que no nom\u00e9s ajudin el nen al <strong>desenvolupament individual<\/strong> de les seves capacitats, sin\u00f3 que l&#039;ajudin a <strong>integrar-se com m\u00e9s aviat millor com sigui possible <\/strong>al primer cercle social on s&#039;ha de manejar amb unes <strong>habilitats exigent<\/strong>s, amb un ambient ric en estimulaci\u00f3 per\u00f2 <strong>complex<\/strong> i amb multitud de processos que s&#039;han de posar en marxa en aquestes etapes per assegurar-nos que <strong>aquest nen estigui preparat per a tot el proc\u00e9s daprenentatge i creixement que est\u00e0 a punt de comen\u00e7ar.<\/strong><\/p>\n\n\n\n<p>Busquem dins de les din\u00e0miques de l&#039;aula, <strong>3 moments essencials<\/strong> on posar el v\u00eddeo de manera conjunta i en grup, convertint-lo en un <strong>proc\u00e9s social, conjunt i interactiu <\/strong>per aconseguir <strong>acompanyar<\/strong> tots els nens amb dificultats dins aquest grup.<\/p>\n\n\n\n<p>Se sol recomanar reservar <strong>algun visionat extra<\/strong> per a aquests nens donant-los el <strong>empenta<\/strong> que necessiten per poder seguir el ritme que marca el grup classe, alhora que ens assegurem que la motivaci\u00f3 del grup classe segueix alta i forta. Aix\u00ed com donar l&#039;oportunitat de complementar el treball d&#039;estimulaci\u00f3 a casa, <strong>en fam\u00edlia per donar-li un \u201ccolor d&#039;or\u201d per for\u00e7a de l&#039;estimulaci\u00f3.<\/strong><\/p>\n\n\n\n<p>\u00c9s una eina que tamb\u00e9 poden fer servir els mestres d&#039;audici\u00f3 i llenguatge, logopedes, orientadors, mestres de m\u00fasica, mestres d&#039;educaci\u00f3 f\u00edsica\u2026 quan moltes vegades treballen 1 a 1 amb el nen.&nbsp;<\/p>\n\n\n\n<p><strong>Una eina dins un marc social educatiu amb molta versatilitat que ens d\u00f3na la clau per a l\u00e8xit dels nostres alumnes en tot el proc\u00e9s educatiu de manera integral.<\/strong><\/p>\n\n\n\n<p>Els remetem a programar la seva <a href=\"\/ca\/\"https:><strong>fase de prova de 3 setmanes<\/strong><\/a>, on alinearem les forces amb <strong>tot el seu equip i l&#039;equip del M\u00e8tode<\/strong> i podem determinar, junts, el veritable impacte en <strong>cada nen<\/strong>, <strong>tingui el diagn\u00f2stic que tingui<\/strong>, fins i tot tenint en compte que molts nens no tenen diagn\u00f2stic per\u00f2 ja comencen a tenir simptomatologia de retard en el seu desenvolupament i dificultats significatives a les \u00e0rees d&#039;aprenentatge, llenguatge i comunicaci\u00f3.<\/p>\n\n\n\n<p>Per a qualsevol consulta acudiu a <a href=\"\/ca\/\"http:>www.metodovicon.com<\/a> o escriviu-nos directament a <a href=\"\/ca\/\"mailto:info@metodovicon.com\\\"\">info@metodovicon.com<\/a> estarem encantats de compartir el feedback d&#039;aquesta eina meravellosa per al benefici de tots els seus alumnes.<\/p>\n\n\n\n<p><strong>Cristina Oroz Baix<\/strong><\/p>\n\n\n\n<figure class=\"\\\"wp-block-image\" size-large\\\"><img src=\"\\\"https:><figcaption>Programa de desenvolupament del llenguatge en nens amb autisme<\/figcaption><\/figure>","protected":false},"excerpt":{"rendered":"<p>M\u00e9todo VICON para el Aula: profesores y Centros preescolares y de Infantil. \u00bfC\u00f3mo y por qu\u00e9 introducir el programa en [&hellip;]<\/p>\n","protected":false},"author":1,"featured_media":1494,"comment_status":"open","ping_status":"open","sticky":false,"template":"","format":"standard","meta":{"site-sidebar-layout":"default","site-content-layout":"","ast-site-content-layout":"default","site-content-style":"default","site-sidebar-style":"default","ast-global-header-display":"","ast-banner-title-visibility":"","ast-main-header-display":"","ast-hfb-above-header-display":"","ast-hfb-below-header-display":"","ast-hfb-mobile-header-display":"","site-post-title":"","ast-breadcrumbs-content":"","ast-featured-img":"","footer-sml-layout":"","ast-disable-related-posts":"","theme-transparent-header-meta":"","adv-header-id-meta":"","stick-header-meta":"","header-above-stick-meta":"","header-main-stick-meta":"","header-below-stick-meta":"","astra-migrate-meta-layouts":"default","ast-page-background-enabled":"default","ast-page-background-meta":{"desktop":{"background-color":"","background-image":"","background-repeat":"repeat","background-position":"center center","background-size":"auto","background-attachment":"scroll","background-type":"","background-media":"","overlay-type":"","overlay-color":"","overlay-opacity":"","overlay-gradient":""},"tablet":{"background-color":"","background-image":"","background-repeat":"repeat","background-position":"center center","background-size":"auto","background-attachment":"scroll","background-type":"","background-media":"","overlay-type":"","overlay-color":"","overlay-opacity":"","overlay-gradient":""},"mobile":{"background-color":"","background-image":"","background-repeat":"repeat","background-position":"center center","background-size":"auto","background-attachment":"scroll","background-type":"","background-media":"","overlay-type":"","overlay-color":"","overlay-opacity":"","overlay-gradient":""}},"ast-content-background-meta":{"desktop":{"background-color":"var(--ast-global-color-5)","background-image":"","background-repeat":"repeat","background-position":"center center","background-size":"auto","background-attachment":"scroll","background-type":"","background-media":"","overlay-type":"","overlay-color":"","overlay-opacity":"","overlay-gradient":""},"tablet":{"background-color":"var(--ast-global-color-5)","background-image":"","background-repeat":"repeat","background-position":"center center","background-size":"auto","background-attachment":"scroll","background-type":"","background-media":"","overlay-type":"","overlay-color":"","overlay-opacity":"","overlay-gradient":""},"mobile":{"background-color":"var(--ast-global-color-5)","background-image":"","background-repeat":"repeat","background-position":"center center","background-size":"auto","background-attachment":"scroll","background-type":"","background-media":"","overlay-type":"","overlay-color":"","overlay-opacity":"","overlay-gradient":""}},"footnotes":""},"categories":[18],"tags":[],"class_list":["post-1488","post","type-post","status-publish","format-standard","has-post-thumbnail","hentry","category-investigacion"],"_links":{"self":[{"href":"https:\/\/cristinaorozbajo.com\/ca\/wp-json\/wp\/v2\/posts\/1488","targetHints":{"allow":["GET"]}}],"collection":[{"href":"https:\/\/cristinaorozbajo.com\/ca\/wp-json\/wp\/v2\/posts"}],"about":[{"href":"https:\/\/cristinaorozbajo.com\/ca\/wp-json\/wp\/v2\/types\/post"}],"author":[{"embeddable":true,"href":"https:\/\/cristinaorozbajo.com\/ca\/wp-json\/wp\/v2\/users\/1"}],"replies":[{"embeddable":true,"href":"https:\/\/cristinaorozbajo.com\/ca\/wp-json\/wp\/v2\/comments?post=1488"}],"version-history":[{"count":0,"href":"https:\/\/cristinaorozbajo.com\/ca\/wp-json\/wp\/v2\/posts\/1488\/revisions"}],"wp:featuredmedia":[{"embeddable":true,"href":"https:\/\/cristinaorozbajo.com\/ca\/wp-json\/wp\/v2\/media\/1494"}],"wp:attachment":[{"href":"https:\/\/cristinaorozbajo.com\/ca\/wp-json\/wp\/v2\/media?parent=1488"}],"wp:term":[{"taxonomy":"category","embeddable":true,"href":"https:\/\/cristinaorozbajo.com\/ca\/wp-json\/wp\/v2\/categories?post=1488"},{"taxonomy":"post_tag","embeddable":true,"href":"https:\/\/cristinaorozbajo.com\/ca\/wp-json\/wp\/v2\/tags?post=1488"}],"curies":[{"name":"wp","href":"https:\/\/api.w.org\/{rel}","templated":true}]}}