{"id":1490,"date":"2020-11-12T12:40:08","date_gmt":"2020-11-12T11:40:08","guid":{"rendered":"https:\/\/cristinaorozbajo.com\/por-que-utilizar-metodo-vicon-dentro-de-mi-terapia\/"},"modified":"2020-11-12T12:40:08","modified_gmt":"2020-11-12T11:40:08","slug":"perque-utilitzar-metode-vicon-dins-de-la-meva-terapia","status":"publish","type":"post","link":"https:\/\/cristinaorozbajo.com\/ca\/perque-utilitzar-metode-vicon-dins-de-la-meva-terapia\/","title":{"rendered":"\u00bf Per qu\u00e8 utilitzar M\u00e8tode VICON dins de la meva Ter\u00e0pia?"},"content":{"rendered":"<p><strong>S\u00f3c terapeuta infantil, logopeda, fonoaudi\u00f2leg, psic\u00f2leg\u2026 Per qu\u00e8 utilitzar <\/strong><a href=\"\/ca\/\"https:><strong>M\u00e8tode VIC\u00d3 <\/strong><\/a><strong>dins de les meves sessions? En qu\u00e8 beneficia aquesta eina la meva pr\u00e0ctica i l&#039;evoluci\u00f3 dels meus pacients?<\/strong><\/p>\n\n\n\n<p>Comencem amb un conjunt d&#039;articles per con\u00e8ixer com implementem el M\u00e8tode amb els nostres professionals, com a eina terap\u00e8utica dins de la sessi\u00f3 i amb les nostres fam\u00edlies, en una mateixa direcci\u00f3 orientada al tractament infanto-juvenil a l&#039;\u00e0mbit psicol\u00f2gic i pedag\u00f2gic i d&#039;atenci\u00f3 primerenca.&nbsp;<\/p>\n\n\n\n<p>El M\u00e8tode VICON ha estat dissenyat tamb\u00e9 com a eina d\u00fas <strong>professional.<\/strong> Una eina que s&#039;introdueix dins l&#039;entorn familiar i provoca diversos canvis:<br><\/p>\n\n\n\n<ol class=\"wp-block-list\"><li><strong>Potencia les nostres sessions:<\/strong> l&#039;estimulaci\u00f3 constant que produeix el m\u00e8tode entre sessi\u00f3 i sessi\u00f3 fa que les nostres sessions s&#039;enriqueixin amb nous reptes terap\u00e8utics que cal atendre.<br><\/li><li><strong>Implica la fam\u00edlia: <\/strong>aplicar el m\u00e8tode dins l&#039;\u00e0mbit familiar fa que tinguem una fam\u00edlia activa, participativa en el proc\u00e9s del seu fill, el nostre pacient i aquesta pot\u00e8ncia \u00e9s molt important a nivell professional. El m\u00e8tode ensenya petites din\u00e0miques a la fam\u00edlia que s\u00f3n f\u00e0cilment reprodu\u00efbles i generalitzables per la fam\u00edlia en un marc d\u00e8xit i seguretat que ajuda al comprom\u00eds familiar.<br><\/li><li><strong>Una eina motivadora a la sessi\u00f3: <\/strong>introduir una mateixa din\u00e0mica a casa, a l&#039;aula ia la sessi\u00f3 multiplica el treball interdisciplinari donant una gran riquesa a aquest aprenentatge i cadascuna de les persones que hi intervenen potencien des del seu rol tan espec\u00edfic i complementari l&#039;establiment d&#039;aquest aprenentatge convertint-lo en significatiu i generalitzat als ambients m\u00e9s importants del nen.&nbsp;<br><\/li><li><strong>Consolida l&#039;equip: <\/strong>Tot aquest treball transversal fa que les din\u00e0miques entre els seus protagonistes es vegin enfortides podent establir una millor i m\u00e9s enfortida comunicaci\u00f3 amb vista a potenciar, amb els recursos de tots, alineament d&#039;objectius, t\u00e8cniques, recursos\u2026 dotant de capacitat cadascuna de les parts. Pot comparar-se quan a les aules deixem que els nostres alumnes vinguin en pijama un dia de carnaval, o puguin portar la seva joguina favorita despr\u00e9s de Nadal\u2026 l&#039;impacte que t\u00e9 a nivell emocional i social en el nen \u00e9s molt important i augmenta la motivaci\u00f3 en tots aquests moments importants per al nen: a casa, a la sessi\u00f3 ia l&#039;aula.<\/li><\/ol>\n\n\n\n<p>Per a qualsevol consulta acudiu a <a href=\"\/ca\/\"http:>www.metodovicon.com<\/a> o escriviu-nos directament a <a href=\"\/ca\/\"mailto:info@metodovicon.com\\\"\">info@metodovicon.com<\/a> estarem encantats de compartir el feedback daquesta meravellosa eina per al benefici de tots els seus pacients.<\/p>\n\n\n\n<p><strong>Cristina Oroz Baix<\/strong><\/p>\n\n\n\n<figure class=\"\\\"wp-block-image\" size-large\\\"><img src=\"\\\"https:><figcaption>Programa de desenvolupament del llenguatge en nens amb autisme<\/figcaption><\/figure>","protected":false},"excerpt":{"rendered":"<p>Soy terapeuta infantil, logopeda, fonoaudi\u00f3logo, psic\u00f3logo&#8230; \u00bfPor qu\u00e9 utilizar M\u00e9todo VICON dentro de mis sesiones? \u00bfEn qu\u00e9 beneficia esta herramienta [&hellip;]<\/p>\n","protected":false},"author":1,"featured_media":1496,"comment_status":"open","ping_status":"open","sticky":false,"template":"","format":"standard","meta":{"site-sidebar-layout":"default","site-content-layout":"","ast-site-content-layout":"default","site-content-style":"default","site-sidebar-style":"default","ast-global-header-display":"","ast-banner-title-visibility":"","ast-main-header-display":"","ast-hfb-above-header-display":"","ast-hfb-below-header-display":"","ast-hfb-mobile-header-display":"","site-post-title":"","ast-breadcrumbs-content":"","ast-featured-img":"","footer-sml-layout":"","ast-disable-related-posts":"","theme-transparent-header-meta":"","adv-header-id-meta":"","stick-header-meta":"","header-above-stick-meta":"","header-main-stick-meta":"","header-below-stick-meta":"","astra-migrate-meta-layouts":"default","ast-page-background-enabled":"default","ast-page-background-meta":{"desktop":{"background-color":"","background-image":"","background-repeat":"repeat","background-position":"center center","background-size":"auto","background-attachment":"scroll","background-type":"","background-media":"","overlay-type":"","overlay-color":"","overlay-opacity":"","overlay-gradient":""},"tablet":{"background-color":"","background-image":"","background-repeat":"repeat","background-position":"center center","background-size":"auto","background-attachment":"scroll","background-type":"","background-media":"","overlay-type":"","overlay-color":"","overlay-opacity":"","overlay-gradient":""},"mobile":{"background-color":"","background-image":"","background-repeat":"repeat","background-position":"center center","background-size":"auto","background-attachment":"scroll","background-type":"","background-media":"","overlay-type":"","overlay-color":"","overlay-opacity":"","overlay-gradient":""}},"ast-content-background-meta":{"desktop":{"background-color":"var(--ast-global-color-5)","background-image":"","background-repeat":"repeat","background-position":"center center","background-size":"auto","background-attachment":"scroll","background-type":"","background-media":"","overlay-type":"","overlay-color":"","overlay-opacity":"","overlay-gradient":""},"tablet":{"background-color":"var(--ast-global-color-5)","background-image":"","background-repeat":"repeat","background-position":"center center","background-size":"auto","background-attachment":"scroll","background-type":"","background-media":"","overlay-type":"","overlay-color":"","overlay-opacity":"","overlay-gradient":""},"mobile":{"background-color":"var(--ast-global-color-5)","background-image":"","background-repeat":"repeat","background-position":"center center","background-size":"auto","background-attachment":"scroll","background-type":"","background-media":"","overlay-type":"","overlay-color":"","overlay-opacity":"","overlay-gradient":""}},"footnotes":""},"categories":[18],"tags":[],"class_list":["post-1490","post","type-post","status-publish","format-standard","has-post-thumbnail","hentry","category-investigacion"],"_links":{"self":[{"href":"https:\/\/cristinaorozbajo.com\/ca\/wp-json\/wp\/v2\/posts\/1490","targetHints":{"allow":["GET"]}}],"collection":[{"href":"https:\/\/cristinaorozbajo.com\/ca\/wp-json\/wp\/v2\/posts"}],"about":[{"href":"https:\/\/cristinaorozbajo.com\/ca\/wp-json\/wp\/v2\/types\/post"}],"author":[{"embeddable":true,"href":"https:\/\/cristinaorozbajo.com\/ca\/wp-json\/wp\/v2\/users\/1"}],"replies":[{"embeddable":true,"href":"https:\/\/cristinaorozbajo.com\/ca\/wp-json\/wp\/v2\/comments?post=1490"}],"version-history":[{"count":0,"href":"https:\/\/cristinaorozbajo.com\/ca\/wp-json\/wp\/v2\/posts\/1490\/revisions"}],"wp:featuredmedia":[{"embeddable":true,"href":"https:\/\/cristinaorozbajo.com\/ca\/wp-json\/wp\/v2\/media\/1496"}],"wp:attachment":[{"href":"https:\/\/cristinaorozbajo.com\/ca\/wp-json\/wp\/v2\/media?parent=1490"}],"wp:term":[{"taxonomy":"category","embeddable":true,"href":"https:\/\/cristinaorozbajo.com\/ca\/wp-json\/wp\/v2\/categories?post=1490"},{"taxonomy":"post_tag","embeddable":true,"href":"https:\/\/cristinaorozbajo.com\/ca\/wp-json\/wp\/v2\/tags?post=1490"}],"curies":[{"name":"wp","href":"https:\/\/api.w.org\/{rel}","templated":true}]}}