{"id":1492,"date":"2020-12-11T11:27:07","date_gmt":"2020-12-11T10:27:07","guid":{"rendered":"https:\/\/cristinaorozbajo.com\/que-patologias-atiende-el-metodo-vicon\/"},"modified":"2020-12-11T11:27:07","modified_gmt":"2020-12-11T10:27:07","slug":"que-patologies-aten-el-metode-vicon","status":"publish","type":"post","link":"https:\/\/cristinaorozbajo.com\/ca\/que-patologies-aten-el-metode-vicon\/","title":{"rendered":"Quines patologies at\u00e9n el M\u00e8tode VICON?"},"content":{"rendered":"<p>Sabem que <strong><a href=\"\/ca\/\"https:>el m\u00e8tode est\u00e0 provat al Trastorn d&#039;Espectre Autista (TEA)<\/a><\/strong>, per\u00f2 a part de la seva aplicaci\u00f3 a l&#039;autisme\u2026 <strong>A quines altres s\u00edndromes, trastorns i dificultats pot beneficiar?<\/strong><\/p>\n\n\n\n<p>El <a href=\"\/ca\/\"https:>M\u00e8tode VIC\u00d3<\/a> \u00e9s m\u00e9s que un <strong>programa d&#039;aprenentatge infantil pas a pas <\/strong>per\u00f2 t\u00e9 la particularitat que est\u00e0 centrat en <strong>habilitats cognitives<\/strong> que no aconsegueixen desenvolupar-se naturalment i que impossibiliten el desenvolupament natural del nen a totes les \u00e0rees d&#039;aprenentatge. Aquestes destreses cognitives s\u00f3n <strong>la motivaci\u00f3, latenci\u00f3 i la imitaci\u00f3. <br><\/strong><br>L&#039;equip de professionals que hi ha darrere del M\u00e8tode, amb la seva gran experi\u00e8ncia professional en el tractament integral del nen amb necessitats educatives especials, t\u00e9 el convenciment que en primera inst\u00e0ncia <strong>les dificultats que trobem a nivell de desenvolupament es deuen a la manca de motivaci\u00f3<\/strong>, despr\u00e9s a una <strong>manca de desenvolupament d&#039;habilitats atencionals<\/strong> i, finalment, al correcte desenvolupament de <strong>destreses d&#039;imitaci\u00f3<\/strong> que estan presents en una <strong>multitud de quadres diagn\u00f2stics<\/strong>.&nbsp;<\/p>\n\n\n\n<p>Actualment ens trobem, tractant-se dins del programa nens amb:<\/p>\n\n\n\n<ul class=\"wp-block-list\"><li><strong>Trastorns de l&#039;Espectre Autista (TEA)<\/strong><\/li><li><strong>Trastorns Generalitzats del Desenvolupament (TGD)<\/strong><\/li><li><strong>Trastorns d&#039;aprenentatge no verbal<\/strong><\/li><li><strong>S\u00edndrome de Down<\/strong><\/li><li><strong>Disl\u00e0lies&nbsp;<\/strong><\/li><li><strong>Trastorns Espec\u00edfics del Llenguatge expressiu i mixt<\/strong><\/li><li><strong>S\u00edndrome de Phelan Mc Dermid<\/strong><\/li><li><strong>S\u00edndrome de SanFilippo<\/strong><\/li><li><strong>S\u00edndrome de Rubinstein i Taybi<\/strong><\/li><li><strong>Hiposc\u00fasia i d\u00e8ficits auditius<\/strong><\/li><li><strong>TDAH&nbsp;<\/strong><\/li><li><strong>Hipotonies<\/strong><\/li><li><strong>Par\u00e0lisi Cerebral<\/strong><\/li><li><strong>Retard maduratius&nbsp;<\/strong><\/li><li><strong>S\u00edndrome Nicolaides Baraitser&nbsp;<\/strong><\/li><li><strong>Esclerosi Tuberosa<\/strong><\/li><li><strong>S\u00edndrome ADNP<\/strong><\/li><li><strong>S\u00edndrome de West<\/strong><\/li><li><strong>Apr\u00e0xia de la parla infantil<\/strong><\/li><li><strong>\u2026<\/strong><\/li><\/ul>\n\n\n\n<p>La veritat \u00e9s que laplicaci\u00f3 \u00e9s <strong>molt variada<\/strong> per\u00f2 el m\u00e9s important \u00e9s l&#039;impacte de <strong>cada nen en particular<\/strong>. Per aix\u00f2, \u00e9s molt important la <a href=\"\/ca\/\"https:><strong>fase de prova de 3 setmanes<\/strong><\/a>, on podem determinar, junts, el veritable impacte en <strong>cada nen<\/strong>, <strong>tingui el diagn\u00f2stic que tingui<\/strong>, fins i tot tenint en compte que molts nens no tenen diagn\u00f2stic per\u00f2 ja comencen a tenir simptomatologia de retard en el seu desenvolupament i dificultats significatives a les \u00e0rees d&#039;aprenentatge, llenguatge i comunicaci\u00f3.<\/p>\n\n\n\n<p>Per a qualsevol consulta acudiu a <a href=\"\/ca\/\"http:>www.metodovicon.com<\/a> o escriviu-nos directament a <a href=\"\/ca\/\"mailto:info@metodovicon.com\\\"\">info@metodovicon.com<\/a> estarem encantats de compartir el feedback daquesta meravellosa eina per al benefici de tots els seus pacients.<\/p>\n\n\n\n<p><strong>Cristina Oroz Baix<\/strong><\/p>\n\n\n\n<figure class=\"\\\"wp-block-image\" size-large\\\"><img src=\"\\\"https:><figcaption>Programa de desenvolupament del llenguatge en nens amb autisme<\/figcaption><\/figure>","protected":false},"excerpt":{"rendered":"<p>Sabemos que el m\u00e9todo est\u00e1 probado en el Trastorno de Espectro Autista (TEA), pero a parte de su aplicacion en [&hellip;]<\/p>\n","protected":false},"author":1,"featured_media":1508,"comment_status":"open","ping_status":"open","sticky":false,"template":"","format":"standard","meta":{"site-sidebar-layout":"default","site-content-layout":"","ast-site-content-layout":"default","site-content-style":"default","site-sidebar-style":"default","ast-global-header-display":"","ast-banner-title-visibility":"","ast-main-header-display":"","ast-hfb-above-header-display":"","ast-hfb-below-header-display":"","ast-hfb-mobile-header-display":"","site-post-title":"","ast-breadcrumbs-content":"","ast-featured-img":"","footer-sml-layout":"","ast-disable-related-posts":"","theme-transparent-header-meta":"","adv-header-id-meta":"","stick-header-meta":"","header-above-stick-meta":"","header-main-stick-meta":"","header-below-stick-meta":"","astra-migrate-meta-layouts":"default","ast-page-background-enabled":"default","ast-page-background-meta":{"desktop":{"background-color":"","background-image":"","background-repeat":"repeat","background-position":"center center","background-size":"auto","background-attachment":"scroll","background-type":"","background-media":"","overlay-type":"","overlay-color":"","overlay-opacity":"","overlay-gradient":""},"tablet":{"background-color":"","background-image":"","background-repeat":"repeat","background-position":"center center","background-size":"auto","background-attachment":"scroll","background-type":"","background-media":"","overlay-type":"","overlay-color":"","overlay-opacity":"","overlay-gradient":""},"mobile":{"background-color":"","background-image":"","background-repeat":"repeat","background-position":"center center","background-size":"auto","background-attachment":"scroll","background-type":"","background-media":"","overlay-type":"","overlay-color":"","overlay-opacity":"","overlay-gradient":""}},"ast-content-background-meta":{"desktop":{"background-color":"var(--ast-global-color-5)","background-image":"","background-repeat":"repeat","background-position":"center center","background-size":"auto","background-attachment":"scroll","background-type":"","background-media":"","overlay-type":"","overlay-color":"","overlay-opacity":"","overlay-gradient":""},"tablet":{"background-color":"var(--ast-global-color-5)","background-image":"","background-repeat":"repeat","background-position":"center center","background-size":"auto","background-attachment":"scroll","background-type":"","background-media":"","overlay-type":"","overlay-color":"","overlay-opacity":"","overlay-gradient":""},"mobile":{"background-color":"var(--ast-global-color-5)","background-image":"","background-repeat":"repeat","background-position":"center center","background-size":"auto","background-attachment":"scroll","background-type":"","background-media":"","overlay-type":"","overlay-color":"","overlay-opacity":"","overlay-gradient":""}},"footnotes":""},"categories":[18],"tags":[],"class_list":["post-1492","post","type-post","status-publish","format-standard","has-post-thumbnail","hentry","category-investigacion"],"_links":{"self":[{"href":"https:\/\/cristinaorozbajo.com\/ca\/wp-json\/wp\/v2\/posts\/1492","targetHints":{"allow":["GET"]}}],"collection":[{"href":"https:\/\/cristinaorozbajo.com\/ca\/wp-json\/wp\/v2\/posts"}],"about":[{"href":"https:\/\/cristinaorozbajo.com\/ca\/wp-json\/wp\/v2\/types\/post"}],"author":[{"embeddable":true,"href":"https:\/\/cristinaorozbajo.com\/ca\/wp-json\/wp\/v2\/users\/1"}],"replies":[{"embeddable":true,"href":"https:\/\/cristinaorozbajo.com\/ca\/wp-json\/wp\/v2\/comments?post=1492"}],"version-history":[{"count":0,"href":"https:\/\/cristinaorozbajo.com\/ca\/wp-json\/wp\/v2\/posts\/1492\/revisions"}],"wp:featuredmedia":[{"embeddable":true,"href":"https:\/\/cristinaorozbajo.com\/ca\/wp-json\/wp\/v2\/media\/1508"}],"wp:attachment":[{"href":"https:\/\/cristinaorozbajo.com\/ca\/wp-json\/wp\/v2\/media?parent=1492"}],"wp:term":[{"taxonomy":"category","embeddable":true,"href":"https:\/\/cristinaorozbajo.com\/ca\/wp-json\/wp\/v2\/categories?post=1492"},{"taxonomy":"post_tag","embeddable":true,"href":"https:\/\/cristinaorozbajo.com\/ca\/wp-json\/wp\/v2\/tags?post=1492"}],"curies":[{"name":"wp","href":"https:\/\/api.w.org\/{rel}","templated":true}]}}