{"id":1503,"date":"2021-01-15T12:03:35","date_gmt":"2021-01-15T11:03:35","guid":{"rendered":"https:\/\/cristinaorozbajo.com\/mi-hijo-tiene-un-trastorno-del-procesamiento-sensorial\/"},"modified":"2021-01-15T12:03:35","modified_gmt":"2021-01-15T11:03:35","slug":"el-meu-fill-te-un-trastorn-del-processament-sensorial","status":"publish","type":"post","link":"https:\/\/cristinaorozbajo.com\/ca\/el-meu-fill-te-un-trastorn-del-processament-sensorial\/","title":{"rendered":"El meu fill t\u00e9 un Trastorn del Processament Sensorial?"},"content":{"rendered":"<p>Seguint la s\u00e8rie d&#039;articles dedicats als <strong>Tipus de Conducta en Fam\u00edlia<\/strong> arribem al primer detonador. Molts nens i nenes amb trastorns de comunicaci\u00f3 presenten a m\u00e9s <strong>Trastorns dIntegraci\u00f3 Sensorial (TPS).<\/strong> <strong>Qu\u00e8 vol dir aix\u00f2?<\/strong> Que <strong>no responen al m\u00f3n de la manera com la majoria ho fa.<\/strong> Alguns poden registrar pocs est\u00edmuls o necessitar-ne molts per poder activar-se. Altres presentaran una hipersensibilitat a la m\u00e9s m\u00ednima variaci\u00f3 daquests est\u00edmuls. Aix\u00f2 es pot donar en una o m\u00e9s modalitats en <strong>sensorials el tacte, l&#039;olfacte, l&#039;o\u00efda i tot all\u00f2 relacionat amb el cos Propioceptiu cinest\u00e8sic i vestibular. <\/strong>Cadascuna d&#039;aquestes modalitats les tractarem com a \u00faniques m\u00e9s endavant per la import\u00e0ncia que tenen. Ara donarem unes generalitats per entrar en mat\u00e8ria m\u00e9s endavant.&nbsp;<\/p>\n\n\n\n<p>Tamb\u00e9 per aix\u00f2 ens estranya que les fam\u00edlies se sorprenguin a reaccions totalment inesperades al<strong>a m\u00fasica, a una car\u00edcia, al vestir-los, a alguns \u00e0pats, al rentar-los\u2026 <\/strong>Alguns moments acaben sent <strong>batalles campals, amb crits, rebequeries i plors amb la respectiva angoixa del nen i la frustraci\u00f3 dels seus pares<\/strong> i aqu\u00ed \u00e9s on hi ha la causa en tot all\u00f2 relacionat amb aquests processos de integraci\u00f3 sensorial<\/p>\n\n\n\n<p>El Trastorn del Processament Sensorial (TPS) a l&#039;autisme impacta de diverses formes en la persona. Saber identificar els signes del TPS ens ajudar\u00e0 a preparar una millor intervenci\u00f3, reduir estereot\u00edpies, conductes problem\u00e0tiques i podrem millorar la qualitat de vida de la persona i totes les persones que l&#039;envolten.<\/p>\n\n\n\n<p>Molt sovint aquest TPS \u00e9s la causa de problemes d&#039;aprenentatge, de conducta i de coordinaci\u00f3 motriu en nens. Pot afectar les relacions socials, el desenvolupament de les pautes de joc, habilitats de cura i autonomia personal i la comunicaci\u00f3.<\/p>\n\n\n\n<p><strong>Qu\u00e8 \u00e9s el Trastorn del Processament Sensorial?<\/strong><\/p>\n\n\n\n<p>La <strong>Dra. Jean Ayres,<\/strong> terapeuta ocupacional nord-americana, va ser la primera a descriure un conjunt de conductes at\u00edpiques relacionades amb un processament sensorial deficient. Qui el 1972 va definir la integraci\u00f3 sensorial com \u201c<strong>l&#039;organitzaci\u00f3 de la informaci\u00f3 sensorial pel seu \u00fas\u201d<\/strong>. \u00c9s un proc\u00e9s neurol\u00f2gic que ens permet donar sentit al nostre m\u00f3n, en rebre, enregistrar, modular, organitzar i interpretar la informaci\u00f3 que arriba al nostre cervell des dels nostres sentits. Ayres es va basar en la hip\u00f2tesi que alguns nens tenen un d\u00e8ficit en la integraci\u00f3 sensorial que es manifesta a les <strong>dificultats observades en el comportament intencional.<\/strong> Aquesta disfunci\u00f3 en la integraci\u00f3 sensorial pot explicar per qu\u00e8 alguns nens tenen problemes <strong>per aprendre noves habilitats, per autoorganitzar-se, regular la seva atenci\u00f3, participar en les activitats i jocs a l&#039;escola o en experi\u00e8ncies socials positives<\/strong>. Ayres, i molts que han seguit la teoria, han treballat per establir la validesa d&#039;aquesta teoria a trav\u00e9s de la investigaci\u00f3 en ci\u00e8ncies cl\u00edniques i b\u00e0siques.<\/p>\n\n\n\n<p>El TPS \u00e9s un trastorn complex del cervell que <strong>afecta la manera com s&#039;experimenten les sensacions<\/strong> (vista, so, tacte, olfacte, gust i moviment) i la seva organitzaci\u00f3 dins un comportament. El TPS pot afectar un o diversos sentits (vista, gust, tacte, olfacte, o\u00efda, propiocepci\u00f3 i\/o sentit vestibular\/equilibri). <strong>Alguns nens amb aquest trastorn se senten bombardejats per la informaci\u00f3 sensorial i l&#039;eviten<\/strong>. Altres, al contrari, sembla que <strong>no s&#039;adonessin dels est\u00edmuls que els envolten i es mostren indiferents.<\/strong>El processament sensorial \u00e9s un terme utilitzat principalment pels terapeutes ocupacionals per descriure nens que tenen problemes per integrar diferents tipus dinformaci\u00f3 sensorial, com ara <strong>imatges, sons, sabors i olors.<\/strong><\/p>\n\n\n\n<p>En paraules senzilles, \u00e9s una <strong>manca de sincronitzaci\u00f3 i\/o regulaci\u00f3 dels diferents sentits, ja sigui de forma individual o de forma conjunta<\/strong>. De manera que la informaci\u00f3 sensorial no es processa de manera adequada i les interaccions entre els diferents sentits estan alterades. Aix\u00f2 fa que ja sigui per exc\u00e9s o per defecte, la informaci\u00f3 <strong>no es processa de manera adequada i la resposta \u00e9s per tant incorrecta. <\/strong>Segons alguns estudis (1,2), s&#039;estima que entre el 60 i el 95 % de les persones amb autisme presenten un TPS, tamb\u00e9 present en multitud de dificultats de desenvolupament, comunicaci\u00f3 i socialitzaci\u00f3.<\/p>\n\n\n\n<p>Podem dividir els problemes sensorials en els grups seg\u00fcents:<\/p>\n\n\n\n<ol class=\"wp-block-list\"><li><strong>Auditius: <\/strong>Hipersensibilitat a sons per exemple.<\/li><li><strong>Visuals:<\/strong> El 80 % dels est\u00edmuls que rebem tenen un origen visual. Avui sabem que l&#039;assincronia existent entre la visi\u00f3 i l&#039;audici\u00f3 (per exemple) a l&#039;autisme s\u00f3n habituals. Tamb\u00e9 els aspectes relacionats amb la ubicaci\u00f3 espacial o els aspectes relatius a la visi\u00f3 focal.<\/li><li><strong>T\u00e0ctils:<\/strong> No es deixen tocar o abra\u00e7ar o presenten reaccions exagerades davant de determinades textures.<\/li><li><strong>Olfactius<\/strong>: Determinades olors quotidianes els causen un fort rebuig.<\/li><li><strong>Gustatius: <\/strong>Problemes per reaccionar adequadament davant de sabors quotidians, o buscar sabors forts o picants.<\/li><li><strong>Vestibulars:<\/strong> Per exemple, fent un balanceig per poder millorar l&#039;equilibri.<\/li><li><strong>Propioceptius: <\/strong>Problemes amb la ubicaci\u00f3 espacial, de motricitat o fins i tot <a href=\"\/ca\/\"http:>sinest\u00e8sia<\/a>.<\/li><\/ol>\n\n\n\n<p>Podem trobar hipersensibilitat o hiposensibilitat, i fins i tot una resposta mixta. Per exemple, la hipersensibilitat a sons \u00e9s molt freq\u00fcent, per\u00f2 es donen casos on hi ha hipersensibilitat davant de determinats sons i hiposensibilitat davant d&#039;altres freq\u00fc\u00e8ncies diferents. Aquesta resposta mixta \u00e9s, en algunes ocasions, una mica m\u00e9s complexa de detectar per\u00f2 una observaci\u00f3 adequada davant les respostes als est\u00edmuls ens poden donar indicadors m\u00e9s que suficients.<\/p>\n\n\n\n<p><strong>Com impacta el trastorn sensorial?<\/strong><\/p>\n\n\n\n<p>Cada cop adquireix m\u00e9s for\u00e7a el postulat que l&#039;autisme i altres trastorns associats tenen un desordre sensorial de gran impacte. Ja que les \u00e0rees m\u00e9s afectades estan fortament relacionades amb aspectes lligats al processament sensorial. Se sol associar un impacte m\u00e9s gran en el desordre sensorial amb la severitat dels trastorns. Avui sabem que aix\u00f2 no ha de ser sempre aix\u00ed, encara que l&#039;impacte \u00f2bviament condicionar\u00e0 moltes de les respostes del nen. S\u00ed que podem veure com a major quantitat i intensitat de sentits afectats, m\u00e9s grans seran les dificultats de la nena o el nen, per\u00f2 aix\u00f2 no significa que aquests aspectes no poden ser abordats i amb una adequada intervenci\u00f3, eliminats o atenuats.<\/p>\n\n\n\n<p><strong>La comunicaci\u00f3 i el llenguatge <\/strong>s\u00f3n un dels aspectes m\u00e9s r\u00e0pidament detectables, juntament amb el de conductes i baixa interacci\u00f3 social. Curiosament el llenguatge \u00e9s <strong>sensorial i motriu,<\/strong> i en l&#039;autisme la recepci\u00f3 i el processament de <strong>els est\u00edmuls visuals i auditius del llenguatge no es processen de forma adequada<\/strong>. Els nens que es tapen les orelles per un so determinat, els que tenen processos d&#039;ansietat davant de canvis de roba o ambient, per posar nom\u00e9s un parell d&#039;exemples. Aquest tipus de situacions generen <strong>estats d&#039;ansietat al nen<\/strong>, que sumats als problemes de comunicaci\u00f3 porten a una situaci\u00f3 conductual molt complexa i generalment problem\u00e0tica. Un percentatge significatiu de problemes de conducta t\u00e9 l&#039;origen en aquests aspectes sensorials i, en molts casos, poden ser un detonant.<\/p>\n\n\n\n<p>El que fa a la motricitat, tant fina com gruixuda, \u00e9s habitual tamb\u00e9 el t\u00f2pic del <strong>nen o nena maldestre motriument.<\/strong> Del tipus del nen que ensopega amb una ratlla de llapis pintada a terra. A aix\u00f2 tamb\u00e9 podem sumar-hi <strong>hipotonia muscular.<\/strong> I tenim un nen que a nivell motriu i de coordinaci\u00f3 \u00e9s generalment dolent. I aqu\u00ed novament tenim aspectes sensorials. <strong>La visi\u00f3 \u00e9s un dels grans problemes al desordre sensorial, i per cert, poc conegut i poc tractat.<\/strong><\/p>\n\n\n\n<p>Alhora, <strong>moltes estereot\u00edpies tenen un fort component sensorial,<\/strong> s&#039;usen com <strong>un estabilitzador o regulador, en alguns casos per controlar hiperest\u00edmuls<\/strong>, en altres, com els<strong> balancejos<\/strong>, per millorar la sensaci\u00f3 espacial o corporal. El <strong>caminar de puntetes<\/strong> \u00e9s una altra estereot\u00edpia que t\u00e9 molt de sensorial, des d&#039;aspectes visuals als vestibulars. I en all\u00f2 vestibular podem veure tamb\u00e9 com nens hipersensibles als est\u00edmuls vestibulars presentaran <strong>conductes de p\u00e0nic cap a parcs infantils<\/strong>, tindran problemes per <strong>baixar escales o ho faran sempre agafats a les baranes o de la m\u00e0 d&#039;alg\u00fa.<\/strong> I al costat contrari estaran aquells amb <strong>hiposensibilitat vestibular,<\/strong> i buscaran per tots els mitjans un <strong>alt nivell d&#039;excitaci\u00f3,<\/strong> com per exemple girant sobre ells mateixos, alguns amb <strong>conductes tipus <em>kamikaze<\/em><\/strong>.<\/p>\n\n\n\n<p>Realitzar <strong>una avaluaci\u00f3 adequada<\/strong> \u00e9s important per saber qu\u00e8 i com intervenir, aix\u00ed com per tenir mesurat adequadament l&#039;impacte d&#039;aquesta problem\u00e0tica a la propiocepci\u00f3.&nbsp;<\/p>\n\n\n\n<p>Hem vist com els aspectes sensorials abasten una gran quantitat d&#039;interaccions i, per tant, davant d&#039;una alteraci\u00f3 dels problemes que es generen poden comportar que es desenvolupin altres problemes. \u00c9s important destacar que <strong>la reactivitat mixta<\/strong>, on el nen pot tenir una resposta singlot a unes coses i hiper a altres, tamb\u00e9 pot presentar fluctuacions; \u00e9s a dir, que en determinades ocasions, el nen <strong>respon a un est\u00edmul de manera diferent en funci\u00f3 de la situaci\u00f3<\/strong>. De vegades \u00e9s possible que no s\u00e0piga integrar el tot d&#039;una situaci\u00f3, i nom\u00e9s sigui capa\u00e7 d&#039;identificar parts, cosa que tamb\u00e9 li crear\u00e0 confusi\u00f3. En situacions on el nen t\u00e9 <strong>una sobrec\u00e0rrega sensorial<\/strong>, pot percebre el seu entorn i les sensacions de forma distorsionada, res millor que aconseguir <strong>un \u201ctemps fora\u201d perqu\u00e8 es pugui regular.&nbsp;<\/strong><\/p>\n\n\n\n<p>Com sempre, <strong>el consell de professionals amb formaci\u00f3 acreditada \u00e9s sempre important<\/strong>. Els desordres sensorials poden requerir intervencions espec\u00edfiques i basades en la persona, cosa que a una persona li funciona no t\u00e9 perqu\u00e8 funcionar a una altra.<\/p>\n\n\n\n<p class=\"\\\"has-text-align-center\\\"\"><strong><em>El moviment \u00e9s una medicina,&nbsp;<\/em><\/strong><br><strong><em>per crear el canvi f\u00edsic, emocional i mental. (C. Welch)<\/em><\/strong><\/p>\n\n\n\n<p><strong>Quines activitats podem treballar des de casa?<\/strong><\/p>\n\n\n\n<ul class=\"wp-block-list\"><li><strong>Pots a la pilota de Pilates<\/strong>, tant asseguts com dempeus. Canta una can\u00e7\u00f3, aix\u00f2 sempre ajuda a mesurar el temps, i si volen seguir botant nom\u00e9s ho han de demanar de forma adequada. Amb la pilota es pot treballar en sedestaci\u00f3 el control del tronc i els ajustaments posturals; es pot aprofitar per afegir algun objecte com a pilotes petites de colors i mentre bota, l&#039;agafa i les fica en una caixa (es treballa l&#039;atenci\u00f3, inhibici\u00f3 d&#039;est\u00edmuls i control oculomanual)<\/li><li><strong>Llen\u00e7ar el llen\u00e7ol<\/strong>. El nen assegut ha d&#039;adaptar el cos als diferents canvis posturals. Pots fer un recorregut pel passad\u00eds o el menjador fins a portar-lo al sof\u00e0 o matal\u00e0s.<\/li><li><strong>Matal\u00e0s o matal\u00e0s<\/strong>. Aprofita aquesta superf\u00edcie tova per aixafar-los amb la pilota o amb coixins cada parteta del seu cos, que ells lluitin per intentar sortir-ne, que facin for\u00e7a (no pressionar excessivament fort)<\/li><li><strong>Que pugin i baixin objectes<\/strong> (cadira, sof\u00e0, llit\u2026); tamb\u00e9 que passin per sota arrossegant el seu cos. Tot aix\u00f2 ajudar\u00e0 a treballar la propiocepci\u00f3 i la consci\u00e8ncia corporal.<\/li><li>A la <strong>Hamaca<\/strong> es pot treballar, a part del moviment lineal i relaxaci\u00f3, l&#039;atenci\u00f3 i el control oculomanual. Tamb\u00e9 \u00e9s molt \u00fatil la posici\u00f3 d&#039;avi\u00f3 per treballar est\u00edmul vestibular dins de l&#039;hamaca: amb els bracets cap a fora, passa-li una corda i que tiri cap endavant treballant tamb\u00e9 la musculatura escapular, la for\u00e7a d&#039;uni\u00f3 i la bilateralitat.<\/li><li>Amb <strong>el patinet<\/strong> col\u00b7locar-se de panxa i moure&#039;s amb les dues mans cap endavant per treballar la bilateralitat, la for\u00e7a en membres superiors i la coordinaci\u00f3 dels dos membres. Tamb\u00e9 es pot col\u00b7locar una corda i que el nen des del patinet tiri endavant.<\/li><li><strong>El rol\u00f3<\/strong> \u00e9s un objecte que tamb\u00e9 es pot afegir al circuit; el nen es pot col\u00b7locar de panxa i moure&#039;l cap endavant i cap enrere, impulsant-se amb els peus i amb les mans en posici\u00f3 de pronaci\u00f3. Aix\u00ed mateix, se li pot col\u00b7locar diferents textures a les parts de les mans i que en aquesta posici\u00f3 busqui diferents objectes. Aix\u00f2 tamb\u00e9 ajudar\u00e0 a tonificar la musculatura escapular. El rol\u00f3 tamb\u00e9 es pot utilitzar assegut com si fos un cavall i moure&#039;l amb tots dos peus cap a la dreta i cap a l&#039;esquerra. Aix\u00f2 ajudar\u00e0 a treballar bilateralitat i equilibri.<\/li><li><strong>Els llums<\/strong> les pots utilitzar com a relaxaci\u00f3 al rac\u00f3 de la calma, com a joc: \u201cjo les amago i un cop acabis el circuit les has de buscar\u201d oa manera d&#039;iniciar la comunicaci\u00f3 i l&#039;atenci\u00f3 conjunta.<\/li><li><strong>La vibraci\u00f3<\/strong> \u00e9s un objecte m\u00e9s aviat calmant. Podeu passar l&#039;est\u00edmul per tot el cos i que vagi dient el nom de cada part. Tamb\u00e9 per relaxar juntament amb la pilota fent bots.<\/li><li><strong>Els saquets de pes<\/strong> es poden utilitzar tamb\u00e9 com a relaxaci\u00f3. Mentre el nen est\u00e0 a l&#039;hamaca o estirat al matal\u00e0s se li poden posar damunt del cosset per fer pressi\u00f3 profunda. Tamb\u00e9 per jugar a buscar-los oa llan\u00e7ar-los en una galleda exercint for\u00e7a digito-palmar.<\/li><\/ul>\n\n\n\n<p>Sempre s\u00f3n <strong>jocs que motivin el nen<\/strong>; mai for\u00e7ar, ja que \u00e9s all\u00e0 on es fa m\u00e9s efectiu el treball neuronal. Que el nen <strong>trieu amb qu\u00e8 vol jugar i com.<\/strong> Ajuda&#039;l a desenvolupar no nom\u00e9s la iniciativa al joc funcional ia la resoluci\u00f3 de problemes, sin\u00f3 tamb\u00e9 a la ideaci\u00f3, planificaci\u00f3 i execuci\u00f3 aut\u00f2noma d&#039;una activitat. Aix\u00f2 despr\u00e9s es traduir\u00e0 a l&#039;entorn que l&#039;envolta. Cal que estiguin <strong>adaptats a les seves capacitats<\/strong>, ni m\u00e9s f\u00e0cil ni m\u00e9s dif\u00edcil, amb petits reptes que hagin d&#039;anar aconseguint. Sempre ajuda a crear hist\u00f2ries que motivin els nens per fer els jocs i assolir una regulaci\u00f3 sensorial.<\/p>\n\n\n\n<p><strong>No us perdeu el seg\u00fcent article<\/strong> on parlarem concretament de <strong>Problemes de Comunicaci\u00f3 i Llenguatge com a segona causa dels problemes de conducta en nens amb dificultats de desenvolupament!&nbsp;<\/strong><\/p>\n\n\n\n<p>Text adaptat per <strong>Cristina Oroz Baix<\/strong><\/p>\n\n\n\n<figure class=\"\\\"wp-block-image\" size-large\\\"><img src=\"\\\"https:><figcaption>Programa de desenvolupament del llenguatge en nens amb autisme<\/figcaption><\/figure>\n\n\n\n<p>Fonts: <a href=\"\/ca\/\"https:>Recenit<\/a> i <a href=\"\/ca\/\"https:>Autisme Diari<\/a><br><\/p>","protected":false},"excerpt":{"rendered":"<p>Siguiendo la serie de art\u00edculos dedicados a los Tips de Conducta en Familia llegamos al primer detonador. Muchos ni\u00f1os y [&hellip;]<\/p>\n","protected":false},"author":1,"featured_media":1514,"comment_status":"open","ping_status":"open","sticky":false,"template":"","format":"standard","meta":{"site-sidebar-layout":"default","site-content-layout":"","ast-site-content-layout":"default","site-content-style":"default","site-sidebar-style":"default","ast-global-header-display":"","ast-banner-title-visibility":"","ast-main-header-display":"","ast-hfb-above-header-display":"","ast-hfb-below-header-display":"","ast-hfb-mobile-header-display":"","site-post-title":"","ast-breadcrumbs-content":"","ast-featured-img":"","footer-sml-layout":"","ast-disable-related-posts":"","theme-transparent-header-meta":"","adv-header-id-meta":"","stick-header-meta":"","header-above-stick-meta":"","header-main-stick-meta":"","header-below-stick-meta":"","astra-migrate-meta-layouts":"default","ast-page-background-enabled":"default","ast-page-background-meta":{"desktop":{"background-color":"","background-image":"","background-repeat":"repeat","background-position":"center center","background-size":"auto","background-attachment":"scroll","background-type":"","background-media":"","overlay-type":"","overlay-color":"","overlay-opacity":"","overlay-gradient":""},"tablet":{"background-color":"","background-image":"","background-repeat":"repeat","background-position":"center center","background-size":"auto","background-attachment":"scroll","background-type":"","background-media":"","overlay-type":"","overlay-color":"","overlay-opacity":"","overlay-gradient":""},"mobile":{"background-color":"","background-image":"","background-repeat":"repeat","background-position":"center center","background-size":"auto","background-attachment":"scroll","background-type":"","background-media":"","overlay-type":"","overlay-color":"","overlay-opacity":"","overlay-gradient":""}},"ast-content-background-meta":{"desktop":{"background-color":"var(--ast-global-color-5)","background-image":"","background-repeat":"repeat","background-position":"center center","background-size":"auto","background-attachment":"scroll","background-type":"","background-media":"","overlay-type":"","overlay-color":"","overlay-opacity":"","overlay-gradient":""},"tablet":{"background-color":"var(--ast-global-color-5)","background-image":"","background-repeat":"repeat","background-position":"center center","background-size":"auto","background-attachment":"scroll","background-type":"","background-media":"","overlay-type":"","overlay-color":"","overlay-opacity":"","overlay-gradient":""},"mobile":{"background-color":"var(--ast-global-color-5)","background-image":"","background-repeat":"repeat","background-position":"center center","background-size":"auto","background-attachment":"scroll","background-type":"","background-media":"","overlay-type":"","overlay-color":"","overlay-opacity":"","overlay-gradient":""}},"footnotes":""},"categories":[18],"tags":[],"class_list":["post-1503","post","type-post","status-publish","format-standard","has-post-thumbnail","hentry","category-investigacion"],"_links":{"self":[{"href":"https:\/\/cristinaorozbajo.com\/ca\/wp-json\/wp\/v2\/posts\/1503","targetHints":{"allow":["GET"]}}],"collection":[{"href":"https:\/\/cristinaorozbajo.com\/ca\/wp-json\/wp\/v2\/posts"}],"about":[{"href":"https:\/\/cristinaorozbajo.com\/ca\/wp-json\/wp\/v2\/types\/post"}],"author":[{"embeddable":true,"href":"https:\/\/cristinaorozbajo.com\/ca\/wp-json\/wp\/v2\/users\/1"}],"replies":[{"embeddable":true,"href":"https:\/\/cristinaorozbajo.com\/ca\/wp-json\/wp\/v2\/comments?post=1503"}],"version-history":[{"count":0,"href":"https:\/\/cristinaorozbajo.com\/ca\/wp-json\/wp\/v2\/posts\/1503\/revisions"}],"wp:featuredmedia":[{"embeddable":true,"href":"https:\/\/cristinaorozbajo.com\/ca\/wp-json\/wp\/v2\/media\/1514"}],"wp:attachment":[{"href":"https:\/\/cristinaorozbajo.com\/ca\/wp-json\/wp\/v2\/media?parent=1503"}],"wp:term":[{"taxonomy":"category","embeddable":true,"href":"https:\/\/cristinaorozbajo.com\/ca\/wp-json\/wp\/v2\/categories?post=1503"},{"taxonomy":"post_tag","embeddable":true,"href":"https:\/\/cristinaorozbajo.com\/ca\/wp-json\/wp\/v2\/tags?post=1503"}],"curies":[{"name":"wp","href":"https:\/\/api.w.org\/{rel}","templated":true}]}}