{"id":1586,"date":"2021-05-06T11:49:56","date_gmt":"2021-05-06T10:49:56","guid":{"rendered":"https:\/\/cristinaorozbajo.com\/metodologia-aba-protocolos-y-variables-para-el-desarrollo\/"},"modified":"2021-05-06T11:49:56","modified_gmt":"2021-05-06T10:49:56","slug":"metodologia-aba-protocols-i-variables-per-al-desenvolupament","status":"publish","type":"post","link":"https:\/\/cristinaorozbajo.com\/ca\/metodologia-aba-protocols-i-variables-per-al-desenvolupament\/","title":{"rendered":"METODOLOGIA ABA: Protocols i principals variables per al desenvolupament de la intervenci\u00f3 ABA."},"content":{"rendered":"<p>Per <a href=\"\/ca\/\"https:>Joan Alsina Ferrando<\/a> \u2013 Equip terap\u00e8utic del M\u00e8tode VICON<\/p>\n\n\n\n<p>Sense b\u00e9 per entendre la <strong>metodologia ABA,<\/strong> els seus or\u00edgens, bases i fonaments, per a la seva implementaci\u00f3, cal consultar una extensa bibliografia, i aqu\u00ed us oferim una breu introducci\u00f3.<\/p>\n\n\n\n<p>En primer lloc \u00e9s essencial entendre que les sigles en angl\u00e8s <strong>\u201cABA\u201d<\/strong>, corresponen a <strong>\u201cApplied Behaviour Analisys\u201d<\/strong>, o el que \u00e9s el mateix, \u201c<strong>An\u00e0lisi del Comportament Aplicat\u201d<\/strong> en espanyol. Concretament,<em> es tracta d&#039;una disciplina o enfocament cient\u00edfic que estudia les variables ambientals que influeixen en les conducta socialment significatives i desenvolupa i implementa procediments pr\u00e0ctics i aplicables per al canvi de la conducta<\/em> (Baer, Wolf i Risley, 1968).<\/p>\n\n\n\n<p>La metodologia ABA \u00e9s en tot cas una <strong>ci\u00e8ncia basada en l&#039;evid\u00e8ncia<\/strong>. En aquest sentit hi ha estudis replicats a partir dels quals es pot entendre la base te\u00f2rica i tamb\u00e9 la seva praxi. Actualment, hi ha titulacions homologades internacionalment que avalen els professionals que es dediquen a aquest camp.<\/p>\n\n\n\n<p>Baer i els seus col\u00b7legues (1968) van publicar al Journal of Applied Behavior Analysis (JABA) les <strong>set dimensions de l&#039;An\u00e0lisi del Comportament Aplicat<\/strong>, sent aquestes les seg\u00fcents:<\/p>\n\n\n\n<p><strong>1.- Conductual:<\/strong> La intervenci\u00f3 ha d&#039;estar basada en conductes observables i quantificables.<\/p>\n\n\n\n<p><strong>2.- Aplicat:<\/strong> Els professionals del camp han de centrar-se en les conductes socialment significatives.<\/p>\n\n\n\n<p><strong>3.- Anal\u00edtic: <\/strong>Cada intervenci\u00f3 ha de demostrar una relaci\u00f3 funcional entre el procediment implementat i el resultat en la modificaci\u00f3 de la conducta (en la seva millora en tot cas).<\/p>\n\n\n\n<p><strong>4.- Tecnol\u00f2gic:<\/strong> Un procediment ha de funcionar com una \u201crecepta\u201d, sent aquest descrit al detall per poder ser replicable. Aportant aix\u00ed claredat i precisi\u00f3 per a la posada en pr\u00e0ctica.<\/p>\n\n\n\n<p><strong>5.- Conceptualment sistem\u00e0tic:<\/strong> Les intervencions han d&#039;estar fonamentades als principis b\u00e0sics de l&#039;an\u00e0lisi de la conducta.<\/p>\n\n\n\n<p><strong>6.- Efectiu: <\/strong>La intervenci\u00f3 ha d&#039;aportar una millora en la qualitat de vida de l&#039;individu per \u00e9sser considerat \u201cefectiu\u201d.<\/p>\n\n\n\n<p><strong>7.- Generalitzable:<\/strong> El canvi de conducta \u00e9s resistent al pas del temps, aix\u00ed com es mostra en contextos diferents del context d&#039;entrenament i s&#039;est\u00e9n a altres conductes.<\/p>\n\n\n\n<p>Si b\u00e9, la metodologia ABA com a model no \u00e9s perfecta, est\u00e0 en cont\u00ednua evoluci\u00f3, tant pel que fa als estudis de replicabilitat, com dels aspectes espec\u00edfics de la seva pr\u00e0ctica, com poden ser estudis relacionats amb \u00e0rees espec\u00edfiques del desenvolupament. Per aix\u00f2, haur\u00edem o si b\u00e9 \u00e9s altament recomanable aspirar que qualsevol intervenci\u00f3 aplicada al camp de la conducta estigui basada en aquests set fonaments i de fe cient\u00edfica de la seva pr\u00e0ctica.<\/p>\n\n\n\n<p>J.Alsina, 5 de maig del 2021.<\/p>\n\n\n\n<p>Podeu llegir altres articles relacionats amb la Metodologia ABA aqu\u00ed: <\/p>\n\n\n\n<ul class=\"wp-block-list\"><li><a href=\"\/ca\/\"https:>Per qu\u00e8 el model d\u201fintervenci\u00f3 ABA \u00e9s tan efica\u00e7?<\/a><\/li><li><a href=\"\/ca\/\"https:>\u00bf Per qu\u00e8 i com cal generalitzar l&#039;aprenentatge a l&#039;ABA?<\/a><\/li><li><a href=\"\/ca\/\"https:>Qu\u00e8 hi ha al darrere d&#039;un Programa d&#039;intervenci\u00f3 ABA?<\/a><\/li><\/ul>\n\n\n\n<p>Recordeu que podeu seguir-nos per les xarxes socials del M\u00e8tode VICON: <a href=\"\/ca\/\"https:>Facebook <\/a>e <a href=\"\/ca\/\"https:>Instagram<\/a>.<\/p>\n\n\n\n<p><em>Ens estem animant a fer directes a Instagram!<\/em><\/p>\n\n\n\n<p><\/p>","protected":false},"excerpt":{"rendered":"<p>Por Joan Alsina Ferrando &#8211; Equipo terape\u00fatico del M\u00e9todo VICON Sin bien para entender la metodolog\u00eda ABA, sus or\u00edgenes, bases [&hellip;]<\/p>\n","protected":false},"author":1,"featured_media":1587,"comment_status":"open","ping_status":"open","sticky":false,"template":"","format":"standard","meta":{"site-sidebar-layout":"default","site-content-layout":"","ast-site-content-layout":"default","site-content-style":"default","site-sidebar-style":"default","ast-global-header-display":"","ast-banner-title-visibility":"","ast-main-header-display":"","ast-hfb-above-header-display":"","ast-hfb-below-header-display":"","ast-hfb-mobile-header-display":"","site-post-title":"","ast-breadcrumbs-content":"","ast-featured-img":"","footer-sml-layout":"","ast-disable-related-posts":"","theme-transparent-header-meta":"","adv-header-id-meta":"","stick-header-meta":"","header-above-stick-meta":"","header-main-stick-meta":"","header-below-stick-meta":"","astra-migrate-meta-layouts":"default","ast-page-background-enabled":"default","ast-page-background-meta":{"desktop":{"background-color":"","background-image":"","background-repeat":"repeat","background-position":"center center","background-size":"auto","background-attachment":"scroll","background-type":"","background-media":"","overlay-type":"","overlay-color":"","overlay-opacity":"","overlay-gradient":""},"tablet":{"background-color":"","background-image":"","background-repeat":"repeat","background-position":"center center","background-size":"auto","background-attachment":"scroll","background-type":"","background-media":"","overlay-type":"","overlay-color":"","overlay-opacity":"","overlay-gradient":""},"mobile":{"background-color":"","background-image":"","background-repeat":"repeat","background-position":"center center","background-size":"auto","background-attachment":"scroll","background-type":"","background-media":"","overlay-type":"","overlay-color":"","overlay-opacity":"","overlay-gradient":""}},"ast-content-background-meta":{"desktop":{"background-color":"var(--ast-global-color-5)","background-image":"","background-repeat":"repeat","background-position":"center center","background-size":"auto","background-attachment":"scroll","background-type":"","background-media":"","overlay-type":"","overlay-color":"","overlay-opacity":"","overlay-gradient":""},"tablet":{"background-color":"var(--ast-global-color-5)","background-image":"","background-repeat":"repeat","background-position":"center center","background-size":"auto","background-attachment":"scroll","background-type":"","background-media":"","overlay-type":"","overlay-color":"","overlay-opacity":"","overlay-gradient":""},"mobile":{"background-color":"var(--ast-global-color-5)","background-image":"","background-repeat":"repeat","background-position":"center center","background-size":"auto","background-attachment":"scroll","background-type":"","background-media":"","overlay-type":"","overlay-color":"","overlay-opacity":"","overlay-gradient":""}},"footnotes":""},"categories":[121],"tags":[177,38,93,178,179,134],"class_list":["post-1586","post","type-post","status-publish","format-standard","has-post-thumbnail","hentry","category-metodo-vicon","tag-aba","tag-autismo","tag-autismo-infantil","tag-metodologia-aba","tag-metodovicon","tag-tea"],"_links":{"self":[{"href":"https:\/\/cristinaorozbajo.com\/ca\/wp-json\/wp\/v2\/posts\/1586","targetHints":{"allow":["GET"]}}],"collection":[{"href":"https:\/\/cristinaorozbajo.com\/ca\/wp-json\/wp\/v2\/posts"}],"about":[{"href":"https:\/\/cristinaorozbajo.com\/ca\/wp-json\/wp\/v2\/types\/post"}],"author":[{"embeddable":true,"href":"https:\/\/cristinaorozbajo.com\/ca\/wp-json\/wp\/v2\/users\/1"}],"replies":[{"embeddable":true,"href":"https:\/\/cristinaorozbajo.com\/ca\/wp-json\/wp\/v2\/comments?post=1586"}],"version-history":[{"count":0,"href":"https:\/\/cristinaorozbajo.com\/ca\/wp-json\/wp\/v2\/posts\/1586\/revisions"}],"wp:featuredmedia":[{"embeddable":true,"href":"https:\/\/cristinaorozbajo.com\/ca\/wp-json\/wp\/v2\/media\/1587"}],"wp:attachment":[{"href":"https:\/\/cristinaorozbajo.com\/ca\/wp-json\/wp\/v2\/media?parent=1586"}],"wp:term":[{"taxonomy":"category","embeddable":true,"href":"https:\/\/cristinaorozbajo.com\/ca\/wp-json\/wp\/v2\/categories?post=1586"},{"taxonomy":"post_tag","embeddable":true,"href":"https:\/\/cristinaorozbajo.com\/ca\/wp-json\/wp\/v2\/tags?post=1586"}],"curies":[{"name":"wp","href":"https:\/\/api.w.org\/{rel}","templated":true}]}}