{"id":1698,"date":"2021-12-15T10:44:49","date_gmt":"2021-12-15T09:44:49","guid":{"rendered":"https:\/\/cristinaorozbajo.com\/navidad-en-familia-ideas-para-ninos-no-verbales\/"},"modified":"2025-04-23T10:11:36","modified_gmt":"2025-04-23T10:11:36","slug":"nadal-en-familia-idees-per-a-nens-no-verbals","status":"publish","type":"post","link":"https:\/\/cristinaorozbajo.com\/ca\/nadal-en-familia-idees-per-a-nens-no-verbals\/","title":{"rendered":"Nadal en Fam\u00edlia: idees per a nens no verbals"},"content":{"rendered":"<p>Aquest article de bloc el dediquem al contingut que vam veure en el passat Webinar del 9 de desembre de <strong>Nadal en Fam\u00edlia: idees per a nens no verbals<\/strong>. He volgut dedicar aquesta entrada, sobretot, perqu\u00e8 tingueu aquest contingut a m\u00e0 per a aquestes dates que s&#039;aproximen i tingueu clars exemples de i<strong>consells d&#039;activitats <\/strong>que podeu fer a casa. <\/p>\n\n\n\n<p>Aix\u00ed que anem a fer-ho\u2026 <em>Preneu nota fam\u00edlies! <\/em><\/p>\n\n\n\n<h2 class=\"wp-block-heading\">Primer de tot: l&#039;organitzaci\u00f3<\/h2>\n\n\n\n<p><strong>Sabeu que a M\u00e8tode VICON som amants de l&#039;organitzaci\u00f3<\/strong>. M\u00e9s que res, perqu\u00e8 \u00e9s el cam\u00ed perqu\u00e8 els nostres nens estiguin segurs, tranquils i sentin aquesta continu\u00eftat tan necess\u00e0ria. Fins i tot en aquests moments d&#039;inflexi\u00f3 tan llargs com s\u00f3n les vacances de Nadal.&nbsp;<\/p>\n\n\n\n<p>Doncs cal prendre consci\u00e8ncia del temps, de tot aquest temps que tenim i que hem d&#039;organitzar, per no tornar-nos impulsius i omplir l&#039;agenda i els dies, de recursos extres per fer que nom\u00e9s ens portaran m\u00e9s estr\u00e8s. \u00c9s molt important que <strong>partim de la pr\u00f2pia rutina<\/strong> de les coses que cal fer durant el dia. Doncs ens ajudaran a aconseguir aquesta sensaci\u00f3 i que puguem gaudir d&#039;aquests moments.\u00a0<\/p>\n\n\n\n<p>Ja ent\u00e8s que la preparaci\u00f3 \u00e9s molt important, passem a parlar de la necessitat d&#039;anticipaci\u00f3 en alguns moments, tant de manera visual com psicol\u00f2gica. Ja que ens d\u00f3na seguretat i sense adonar-nos ens estem anticipant naturalment en aquest cas el Nadal. <\/p>\n\n\n\n<p>\u00bf<em>Com? <\/em>Doncs estem veient l&#039;ambient, les sensacions que es respiren, estem veient les decoracions i sentint el nerviosisme de les persones, canvia les din\u00e0miques a l&#039;escola\u2026 i tot aquest proc\u00e9s els nostres nens no ho perceben com nosaltres. Aquesta \u00e9s la manera que nosaltres tenim d&#039;anticipar el Nadal, per\u00f2 el proc\u00e9s \u00e9s ben diferent per a ells. Aix\u00ed que <strong>\u00e9s molt important que aquest pla d&#039;acci\u00f3<\/strong>, <strong>s&#039;anticipi a les dates exclusives de Nadal<\/strong> espec\u00edficament per a ells, que aconseguim anticipar-nos a la seva manera. <\/p>\n\n\n\n<p>Cal fer aquesta tasca de la manera m\u00e9s natural, en paral\u00b7lel amb els recursos que s\u00ed que els donin la possibilitat de comprendre el que succeir\u00e0 i de preparar-s&#039;hi.&nbsp; <\/p>\n\n\n\n<h2 class=\"wp-block-heading\">El segon: cada fam\u00edlia t\u00e9 la seva tradici\u00f3<\/h2>\n\n\n\n<p>\u00c9s molt important entendre el proc\u00e9s de cada fam\u00edlia. De quines s\u00f3n les nostres tradicions, com per exemple: posar l&#039;arbre, el pessebre, els menjars especials, els aliments nous i tots els objectes que ens vindr\u00e0 a acompanyar pr\u00f2piament del Nadal de cadascuna de les llars.\u00a0 <\/p>\n\n\n\n<p>Per aix\u00f2, <strong>si \u00e9s possible comen\u00e7arem a anticipar tots aquests processos a nivell visual<\/strong>, i despr\u00e9s ho farem en viu, intentarem col\u00b7locar l&#039;arbre, posar el pessebre\u2026 intentar que totes aquestes situacions tinguin el seu temps per donar-los temps a fer-ho en viu Doncs \u00e9s el repte m\u00e9s dif\u00edcil. model torna a posar la bola... aix\u00ed successivament fins que alguna situaci\u00f3 el nen acaba posant la bola per imitaci\u00f3 i amb tota lajuda possible.<\/p>\n\n\n\n<h3 class=\"wp-block-heading\">Una parada abans de continuar: el moment regal<\/h3>\n\n\n\n<p>Hi ha tamb\u00e9 una situaci\u00f3 molt interessant, que sorgeix no nom\u00e9s en aquestes festivitats, sin\u00f3 que tamb\u00e9 sorgeix al llarg de l&#039;any que \u00e9s <strong>l&#039;obertura de regals<\/strong>, <strong>el moment sorpresa<\/strong>. <\/p>\n\n\n\n<p>El que hagi tingut un nen amb necessitats educatives especials i sobretot amb autisme a prop, sap com \u00e9s de dif\u00edcil el moment regal. Aquesta emoci\u00f3 que es palpa a l&#039;ambient, aquesta expectaci\u00f3 que apareix a cada aniversari, no nom\u00e9s el seu sin\u00f3 el de la mare, el del pare, el del germanet\u2026 Per a nosaltres \u00e9s un moment s\u00faper important, perqu\u00e8 \u00e9s molt habitual i per Nadal tamb\u00e9 \u00e9s un moment molt significatiu. Aleshores s\u00ed que cal anticipar-ho, podem per exemple: treballar-ho amagant coses i embolicant els menjars que li agradin, buscar el que seria aquesta sensaci\u00f3 de sorpresa i il\u00b7lusi\u00f3 per a ell.<\/p>\n\n\n\n<h2 class=\"wp-block-heading\">El tercer: Introduirem m\u00e9s rutines en el dia a dia (per als m\u00e9s valents)<\/h2>\n\n\n\n<p>A banda de la rutina que tenim amb el dia a dia,\u00a0<strong>podem introduir-ne alguna m\u00e9s especial per a aquestes dates.<\/strong> N&#039;hi ha una que a mi m&#039;encanta i \u00e9s el<strong> calendari que se sol anomenar d&#039;Advent<\/strong> i qu\u00e8 consisteix a obrir un paquet cada dia de l&#039;1 al 24 de desembre. Per mi \u00e9s una manera molt bonica de tenir una rutina i preparar la il\u00b7lusi\u00f3, per\u00f2 en el cas que ens ocupa sincerament jo l&#039;allargaria fins a final de les festivitats, fins i tot posant un paquet, o alguna cosa sorpresa els dies indicats que viureu durant aquest nadal.<\/p>\n\n\n\n<p>Un exemple pot ser que el dia de la nit de Nadal quan vinguin a sopar els familiars, que ell es trobi una foto dels familiars que han de venir. Un altre exemple, pot ser quan arribi l&#039;\u00faltim dia de l&#039;any i estarem menjant-nos el ra\u00efm, cantant les 12 campanades podem visualitzar-ho abans que passi.<\/p>\n\n\n\n<h3 class=\"wp-block-heading\">Una altra parada abans de continuar: aquestes s\u00f3n algunes de les activitats extres que podeu fer<\/h3>\n\n\n\n<p>Com <strong>activitats extres i puntuals<\/strong> al llarg del Nadal, n&#039;hi ha uns que recomano fortament per la seva c\u00e0rrega sensorial i pl\u00e0stica, tamb\u00e9 poder treballar una mica m\u00e9s enll\u00e0 el Nadal, amb tots els objectes, els colors, les textures\u2026 totes les decoracions tan diferents que tindrem aquests dies. S\u00f3n moments que estem molt a casa, sobretot, en el nostre marc horari perqu\u00e8 \u00e9s hivern i d\u00f3na lloc molt a seure, llen\u00e7ar-se a terra i compartir un moment junts desenvolupant tots els sentits.<\/p>\n\n\n\n<p>Abans de donar-vos pautes de qu\u00e8 fer, \u00e9s molt important que tingueu en compte que el m\u00e9s senzill, \u00e9s el m\u00e9s factible, i de vegades posem massa pretensi\u00f3 en les activitats, on gaireb\u00e9 ens esgotem amb la preparaci\u00f3 i despr\u00e9s la frustraci\u00f3, quan potser no hi ha predisposici\u00f3 o no aconseguim enganxar el nostre petit. Aix\u00f2 suposa un estr\u00e8s que no alimenta el bon clima a casa. Aix\u00ed que<strong> pensar en activitats senzilles i variades<\/strong>, perqu\u00e8 pugui triar i per descomptat i us donar\u00e9 unes quantes idees perqu\u00e8 pugueu escollir entre un munt de possibilitats.<\/p>\n\n\n\n<p>Tamb\u00e9 dir-vos que us <strong>armeu amb tot el material possible<\/strong>. Ara \u00e9s el moment de tota la compra de regals, on hi ha moltes caixes, papers de regal, materials de molts tipus diferents\u2026 per<strong> intentar reciclar tot el que pugueu<\/strong>, per anar guardant tots aquests materials que avui o durant aquests dies comen\u00e7aran a dibuixar aquestes activitats extra. Per exemple, pensar com n&#039;\u00e9s d&#039;ideal tenir unes quantes caixes de sobte amb coses ficades dins, com coixins, mantes i que poden realment marcar una tarda plena d&#039;activitat compartida en fam\u00edlia. Torno a remarcar la senzillesa i la simplicitat en aquestes activitats s\u00f3n aquests moments de proposta.<\/p>\n\n\n\n<p>Una proposta que a mi m&#039;encanta i que t\u00e9 diverses derivacions, s\u00f3n les <strong>safates sensorials<\/strong>. Un espai on el nen pot compartir, accedir i con\u00e8ixer tots aquests elements nous que apareixen aquests dies. On pots tastar aquestes textures, on pugui olorar els materials: un espai finit, compacte i visual. Un espai que ens servir\u00e0 d&#039;eina per con\u00e8ixer i tolerar aquests moments en fam\u00edlia nadalencs.<\/p>\n\n\n\n<p>Tamb\u00e9 hi ha <strong>una altra versi\u00f3 <\/strong>que s\u00f3n <strong>les ampolles sensorials<\/strong>. Aquests pots de la calma estan farcits de silicones, gels de p\u00e8l, purpurina, que podem adaptar al nostre moment nadalenc perqu\u00e8 segueixin sentint-la per\u00f2 utilitzant-ho tamb\u00e9 com a vehicles de relaxaci\u00f3, observaci\u00f3 d&#039;alliberament d&#039;ansietat. Sempre tot dins una decoraci\u00f3 nadalenca per anar ja fent que aquestes sensacions siguin agradables i agradables per a ells.<\/p>\n\n\n\n<p><strong>\u00c9s molt important que aprofiteu el que est\u00e0 al vostre abast i que sigui el m\u00e9s visual i manipulable possible<\/strong>. M&#039;encanten les finestres, s\u00f3n un espai de vegades perdut i que d\u00f3na molt\u00edssim joc. Hi ha adhesius sobre vidre, podem aprofitar per fer coses de feltre, treballar indirectament com veieu aqu\u00ed el ninot de Nadal, la cara d&#039;un ren, el Pare Noel crec que compleix molt les expectatives no nom\u00e9s dels nostres nens no verbals sin\u00f3 dels altres germans que l&#039;acompanya, a banda de decorar les nostres finestres i utilitzar-les com a exposici\u00f3.<\/p>\n\n\n\n<p>Us recomano que <strong>utilitzeu molt els llums<\/strong>. Aquests nens s\u00f3n molt visuals i afecta directament el benestar, la relaxaci\u00f3 i uns llums de colors fan que tots els sistemes de regulaci\u00f3 a nivell sensorial s&#039;activin. Aix\u00ed que no tingueu por de fer activitats per crear llums i poder utilitzar-les per donar un clima acollidor a les nostres llars. El que els agrada als nens ia nivell d&#039;estimulaci\u00f3 compleixen la funci\u00f3 de regular tots els factors emocionals i d&#039;ansietat.<\/p>\n\n\n\n<p>\u00c9s interessant<strong> buscar racons dins de la casa<\/strong> <strong>a les pr\u00f2pies parets creant un arbre de nadal penjant<\/strong>, on pugueu anar recollint totes les experi\u00e8ncies que estem vivint dia a dia, sabem que fem milions de fotos, podeu imprimir-les i anar completant el vostre arbre de Nadal a casa, que a m\u00e9s el nostre nen podr\u00e0 acudir-hi a la recerca de comunicaci\u00f3 o d&#039;un compartir.<\/p>\n\n\n\n<p>Coneixeu els <strong>passadissos sensorials<\/strong>? Amb aquest material que hem anat recopilant, podem fer que un espai de la casa on hi hagi passadissos d&#039;estimulaci\u00f3 sensorial, on els nens puguin estar una estona regulant-se, gaudint i compartint amb nosaltres o amb els seus germans. Tamb\u00e9 ens ajuda molt quan convidem a nens a casa poder obrir aquest espai que puguin compartir junts descal\u00e7os, amb les mans i poder tornar a gaudir conjuntament amb altres nens que segurament visitaran casa nostra aquests dies, o fins i tot els convidam intencionalment.<\/p>\n\n\n\n<p>Si no podem fer-ho en format passad\u00eds, tamb\u00e9 ho podem fer en format taula, (que es diuen <strong>plafons sensorials<\/strong>) o catifes on puguem tenir diferents textures i que estic conven\u00e7uda que treballant-ho i exposant-li al nen podem esbrinar prefer\u00e8ncies, nivell de textura, visuals, dificultats amb algunes textures\u2026 etc.<\/p>\n\n\n\n<h2 class=\"wp-block-heading\">Tornem a la rutina<\/h2>\n\n\n\n<p>El que us comentava sobre les rutines, podem incorporar els nens dins les rutines concretes de cada dia. Sempre estem corrent d&#039;aqu\u00ed cap all\u00e0 i \u00e9s molt dif\u00edcil incorporar-los a la preparaci\u00f3 de l&#039;esmorzar, la recollida, la preparaci\u00f3 del menjar, la compra\u2026 pensar en totes les accions que es repetiran que intentar que aut\u00f2nomament comencen a participar tot el que puguem, i tot el que puguin.&nbsp;<\/p>\n\n\n\n<p>No us oblideu de <strong>prestar tota l&#039;ajuda possible<\/strong>, mirar aquesta activitat tan senzilla qu\u00e8 pot comportar la creaci\u00f3 d&#039;aquestes estovalles individuals que serviran de guia pr\u00e8via perqu\u00e8 sigui aut\u00f2nom a l&#039;hora de parar taula. Com per exemple, a preparar la taula cada dia aquest Nadal. \u00c9s una activitat molt senzilla on els podem implicar i despr\u00e9s utilitzar-lo per fomentar la seva autonomia.<\/p>\n\n\n\n<p>Podem utilitzar tots els vostres recursos mentre vosaltres esteu preparant el menjar. Podem separar una part perqu\u00e8 ell a nivell simb\u00f2lic pot fer el mateix que vosaltres, amb els seus germans o amb el seu pare.<\/p>\n\n\n\n<p>Potser s\u00f3n unes dates dif\u00edcils per\u00f2 tamb\u00e9 <strong>ens podem ocupar d&#039;aspectes pendents<\/strong>: treballar aquests cordons que ens costen, aquests botons que els costa descordar, refor\u00e7ar o aconseguir el control d&#039;esf\u00ednters\u2026 Crec que quan busquem activitats tamb\u00e9 podem cercar aspectes d&#039;autonomia que poden anar avan\u00e7ant en aquests moments que tenim temps.<\/p>\n\n\n\n<p>S\u00faper important que aquests s\u00f3n nom\u00e9s idees, el m\u00e9s important \u00e9s la vostra salut mental, la dels vostres fills i els vostres ulls hi han d&#039;anar dirigits. A mesurar la temperatura per saber com estan, i saber si necessiten fer una passejada o estan super preparats per fer alguna activitat pl\u00e0stica.<\/p>\n\n\n\n<p>Sabeu que la lectura m&#039;encanta, no us repetir\u00e9 tot el que m&#039;agrada sobre la lectura, tot el que podem compartir a trav\u00e9s d&#039;aquests <strong>moments de lectura<\/strong>. Quan parlem d&#039;apropar al nen tots els processos d&#039;anticipaci\u00f3, els objectes, els esdeveniments familiars\u2026 Tota la feina pr\u00e8via que pugueu fer a trav\u00e9s d&#039;aquest mitj\u00e0 us salvar\u00e0 el Nadal, i moltes de vosaltres ja haureu passat un quant Nadal i teniu registre d&#039;aquells moments: de regals, de decoraci\u00f3, de familiars\u2026 Aix\u00ed que \u00e9s el moment per aix\u00f2, perqu\u00e8 el nen conegui el que \u00e9s el Nadal a casa vostra, amb les vostres tradicions i amb la vostra fam\u00edlia.<\/p>\n\n\n\n<p><strong>Els moments de cuina <\/strong>per a mi s\u00f3n \u00fanics. Sabem que molts nens tenen dificultats amb els \u00e0pats per\u00f2 tots aquests processos de preparaci\u00f3, textures, coneixement de tot all\u00f2 que \u00e9s l&#039;entorn de la cuina i els aliments enriqueix molt\u00edssims aspectes, i crec que al llarg del Nadal embolicant aquests moments nadalencs apareixen molts moments de cuina.<\/p>\n\n\n\n<p>Per exemple, podem decorar amb les seves llaminadures, dol\u00e7os i xocolates preferides una caseta de gingebre. Estic conven\u00e7uda que tots ara mateix si us poseu a tancar els ulls i imaginar qu\u00e8 fa olor no tindreu grans dificultats a endevinar que aquesta caseta est\u00e0 olora\u2026 a Nadal, i aix\u00f2 tamb\u00e9 \u00e9s un treball sensorial aquests moments d&#039;olors, poder fer una feina en aquestes safates sensorials d&#039;olors del Nadal\u2026<\/p>\n\n\n\n<p><strong>Receptes on apareguin els elements del Nadal: <\/strong>arbres, galetes, infusions\u2026 Tots aquests records que gravar\u00e0 el nostre cos i el dels vostres nens us ajudaran que en un futur aquests moments siguin molt m\u00e9s agradables i de gaudi.<\/p>\n\n\n\n<p>Poseu tamb\u00e9 tots els objectes favorits en joc, intenteu jocs pl\u00e0stics amb ells reuniu-los tots en una caixa i poseu-los al vostre abast perqu\u00e8 el nen pugui accedir-hi en qualsevol moment.<\/p>\n\n\n\n<p><strong>Portar la natura a casa<\/strong>, en aquests passejos recollir objectes que puguin ajudar-vos a completar aquestes activitats pl\u00e0stiques, i al seu costat amb cosetes senzilles poder caminar una mica m\u00e9s en l&#039;observaci\u00f3, compartir i con\u00e8ixer tot el que tenim al voltant de casa. Podeu tamb\u00e9 <strong>categoritzar-lo per colors<\/strong>, sempre atenent aquest perfil visual que tenen tots els nostres nens\u2026 Sabem tamb\u00e9 que encara que nosaltres estiguem a l&#039;hivern hi ha molts pa\u00efsos que s\u00f3n a l&#039;estiu, i tamb\u00e9 molt els colors que tenyeixen aquest marc nadalenc. Aix\u00ed que cadasc\u00fa analitzar una mica aquestes textures i aquests tons que aniran tornant tot el que ens envolta en aquests moments nadalencs.<\/p>\n\n\n\n<p>Aprofitar per <strong>fer decoracions senzilles,<\/strong>&nbsp;sense m\u00e9s pretensi\u00f3 que el gaudi, pintant la m\u00e0 sencera d&#039;un color i aprofitant-la per fer unes magn\u00edfiques felicitacions de Nadal per a tota la fam\u00edlia, i que sigui qui les lliura.<\/p>\n\n\n\n<p>En l\u00ednia a les safates sensorials hi ha aquesta activitat que a mi personalment m&#039;agrada molt, que s\u00f3n els <strong>gelats que pinten<\/strong>, podem fer una creaci\u00f3 de colors en aigua amb tint alimentari i posar-los a congelar, per despr\u00e9s treure&#039;ls i poder utilitzar-los com a pintures d&#039;aquarel\u00b7la. Segur que no ens deixar\u00e0 indiferents.<\/p>\n\n\n\n<p>P<strong>odem amagar un puzle abans de fer-ho perqu\u00e8 es converteixi en un puzle sensorial dins<\/strong> d&#039;una safata sensorial. Us convido que us feu amb un bon rotllo de paper pl\u00e0stic per poder embolicar totes les zones i donar llibertat sense estr\u00e8s perqu\u00e8 manipulin tot el que vulgui en aquesta \u00e0rea de la casa, podent recollir-la molt m\u00e9s f\u00e0cilment.<\/p>\n\n\n\n<p>Integrar els seus <strong>joguines<\/strong> dins d&#039;aquests espais sensorials, incorporar fins i tot joguines que normalment no utilitza, per poder-ne fer un \u00fas i que potser els descobreixi i arribi a jugar amb ells a nivell manipulatiu. Una activitat que a mi m&#039;encanta \u00e9s el tema del <strong>d\u00f2mino textures<\/strong>. Fins i tot acostumo a proposar que s&#039;hi afegeixen unes gotetes d&#039;olor per arrodonir l&#039;activitat, i es pot fer un format petit o en format gran i amb tem\u00e0tica de Nadal, en colors textures objectes.<\/p>\n\n\n\n<p>Torno una altra vegada a recordar que de vegades <strong>el m\u00e9s senzill \u00e9s el m\u00e9s divertit<\/strong>, de vegades les complexes preparacions aix\u00ed que es posi massa expectaci\u00f3 i heu com amb uns espaguetis i uns n\u00favols de cot\u00f3 es pot aconseguir un bon somriure i un bon moment i activitat junts.<\/p>\n\n\n\n<p><strong>No oblideu totes aquestes passejades<\/strong>, i <strong>moments d&#039;exterior<\/strong> tamb\u00e9 s\u00f3n molt necessaris per equilibrar tots aquests moments dins de casa, en fam\u00edlia, amb molta fam\u00edlia i molt enrenou, mesurar i valorar que cada dia hi hagi una estoneta d&#039;exterior, que donin ganes de tornar a casa.<\/p>\n\n\n\n<p>Finalment ja sabeu que tot<strong> el moment planta<\/strong> m&#039;encanta, i crec que tamb\u00e9 \u00e9s un bon moment per sembrar, tenir cura de les plantes que s\u00f3n a casa que semblen invisibles al llarg de la tardor per a ells, i poder cuidar-les i atendre-les durant aquests moments nadalencs com un exercici en fam\u00edlia, amb les plantes t\u00edpiques de Nadal, trasplantar-les, regar-les\u2026<\/p>\n\n\n\n<p>Per acabar m&#039;agradaria donar <strong>un petit rep\u00e0s<\/strong>, que s\u00e9 que una de les grans ansietats per als nostres nens no verbals o amb autisme \u00e9s. \u00bf<strong>Quin \u00e9s el millor regal per aquest Nadal<\/strong>? Us he portat aqu\u00ed una llista d&#039;idees perqu\u00e8 en preneu nota esperant respondre aquesta pregunta que m&#039;heu fet arribar al Webinar.<\/p>\n\n\n\n<ul class=\"wp-block-list\"><li>Catifes sensorials i l\u00edquides<\/li><li>Summe Bumper Boppers<\/li><li>Slime<\/li><li>Push Pop Fidget<\/li><li>Jocs dacci\u00f3 reacci\u00f3<\/li><li>Cubs Rubik, Tangle, cubs fidjet, temporitzador de moviment l\u00edquid<\/li><li>Galledes m\u00e0giques d&#039;arc de Sant Mart\u00ed<\/li><li>Crankity Brainteaser Toy<\/li><li>Color T\u00e0ctil a la calor<\/li><li>Circuit de bales<\/li><li>Calendari<\/li><li>Boles ajustables<\/li><li>Sorra cin\u00e8tica<\/li><\/ul>\n\n\n\n<p>Recordeu que ens podeu trobar a les nostres xarxes socials. Al nostre perfil de <a href=\"\/ca\/\"https:>Facebook<\/a>, el <a href=\"\/ca\/\"https:>grup privat de M\u00e8tode VICON<\/a> i el nostre canal de <a href=\"\/ca\/\"https:>Instagram<\/a>. A m\u00e9s aqu\u00ed us deixem altres consells de com treure m\u00e9s partit de la nostra eina a casa: Com puc ajudar el meu nen a comunicar-se i aprendre des de casa? CONSELLS per utilitzar el M\u00e8tode VIC\u00d3 <a href=\"\/ca\/\"https:>https:\/\/cristinaorozbajo.com\/consejosparausarelmetodoviconencasa\/<\/a><\/p>\n\n\n\n<p><em>Moltes gr\u00e0cies i Bon Nadal!<\/em><\/p>","protected":false},"excerpt":{"rendered":"<p>Este art\u00edculo de blog lo dedicamos al contenido que vimos en el pasado Webinar del 9 de diciembre de Navidad [&hellip;]<\/p>\n","protected":false},"author":1,"featured_media":1752,"comment_status":"open","ping_status":"open","sticky":false,"template":"","format":"standard","meta":{"site-sidebar-layout":"default","site-content-layout":"","ast-site-content-layout":"default","site-content-style":"default","site-sidebar-style":"default","ast-global-header-display":"","ast-banner-title-visibility":"","ast-main-header-display":"","ast-hfb-above-header-display":"","ast-hfb-below-header-display":"","ast-hfb-mobile-header-display":"","site-post-title":"","ast-breadcrumbs-content":"","ast-featured-img":"","footer-sml-layout":"","ast-disable-related-posts":"","theme-transparent-header-meta":"","adv-header-id-meta":"","stick-header-meta":"","header-above-stick-meta":"","header-main-stick-meta":"","header-below-stick-meta":"","astra-migrate-meta-layouts":"set","ast-page-background-enabled":"default","ast-page-background-meta":{"desktop":{"background-color":"","background-image":"","background-repeat":"repeat","background-position":"center center","background-size":"auto","background-attachment":"scroll","background-type":"","background-media":"","overlay-type":"","overlay-color":"","overlay-opacity":"","overlay-gradient":""},"tablet":{"background-color":"","background-image":"","background-repeat":"repeat","background-position":"center center","background-size":"auto","background-attachment":"scroll","background-type":"","background-media":"","overlay-type":"","overlay-color":"","overlay-opacity":"","overlay-gradient":""},"mobile":{"background-color":"","background-image":"","background-repeat":"repeat","background-position":"center center","background-size":"auto","background-attachment":"scroll","background-type":"","background-media":"","overlay-type":"","overlay-color":"","overlay-opacity":"","overlay-gradient":""}},"ast-content-background-meta":{"desktop":{"background-color":"var(--ast-global-color-5)","background-image":"","background-repeat":"repeat","background-position":"center center","background-size":"auto","background-attachment":"scroll","background-type":"","background-media":"","overlay-type":"","overlay-color":"","overlay-opacity":"","overlay-gradient":""},"tablet":{"background-color":"var(--ast-global-color-5)","background-image":"","background-repeat":"repeat","background-position":"center center","background-size":"auto","background-attachment":"scroll","background-type":"","background-media":"","overlay-type":"","overlay-color":"","overlay-opacity":"","overlay-gradient":""},"mobile":{"background-color":"var(--ast-global-color-5)","background-image":"","background-repeat":"repeat","background-position":"center center","background-size":"auto","background-attachment":"scroll","background-type":"","background-media":"","overlay-type":"","overlay-color":"","overlay-opacity":"","overlay-gradient":""}},"footnotes":""},"categories":[11,18,121],"tags":[194,195,38,93,196,179],"class_list":["post-1698","post","type-post","status-publish","format-standard","has-post-thumbnail","hentry","category-estimulacion-infantil","category-investigacion","category-metodo-vicon","tag-actividades-ninos-tea","tag-actividades-sensoriales","tag-autismo","tag-autismo-infantil","tag-consejos-para-hacer-en-navidades","tag-metodovicon"],"_links":{"self":[{"href":"https:\/\/cristinaorozbajo.com\/ca\/wp-json\/wp\/v2\/posts\/1698","targetHints":{"allow":["GET"]}}],"collection":[{"href":"https:\/\/cristinaorozbajo.com\/ca\/wp-json\/wp\/v2\/posts"}],"about":[{"href":"https:\/\/cristinaorozbajo.com\/ca\/wp-json\/wp\/v2\/types\/post"}],"author":[{"embeddable":true,"href":"https:\/\/cristinaorozbajo.com\/ca\/wp-json\/wp\/v2\/users\/1"}],"replies":[{"embeddable":true,"href":"https:\/\/cristinaorozbajo.com\/ca\/wp-json\/wp\/v2\/comments?post=1698"}],"version-history":[{"count":1,"href":"https:\/\/cristinaorozbajo.com\/ca\/wp-json\/wp\/v2\/posts\/1698\/revisions"}],"predecessor-version":[{"id":1753,"href":"https:\/\/cristinaorozbajo.com\/ca\/wp-json\/wp\/v2\/posts\/1698\/revisions\/1753"}],"wp:featuredmedia":[{"embeddable":true,"href":"https:\/\/cristinaorozbajo.com\/ca\/wp-json\/wp\/v2\/media\/1752"}],"wp:attachment":[{"href":"https:\/\/cristinaorozbajo.com\/ca\/wp-json\/wp\/v2\/media?parent=1698"}],"wp:term":[{"taxonomy":"category","embeddable":true,"href":"https:\/\/cristinaorozbajo.com\/ca\/wp-json\/wp\/v2\/categories?post=1698"},{"taxonomy":"post_tag","embeddable":true,"href":"https:\/\/cristinaorozbajo.com\/ca\/wp-json\/wp\/v2\/tags?post=1698"}],"curies":[{"name":"wp","href":"https:\/\/api.w.org\/{rel}","templated":true}]}}