{"id":191,"date":"2015-02-01T15:51:14","date_gmt":"2015-02-01T14:51:14","guid":{"rendered":"https:\/\/cristinaorozbajo.com\/que-hacer-cuando-nos-damos-cuenta-de-dificultades-en-nuestros-bebes\/"},"modified":"2015-02-01T15:51:14","modified_gmt":"2015-02-01T14:51:14","slug":"de-fer-quan-ens-adonem-de-dificultats-en-els-nostres-nadons","status":"publish","type":"post","link":"https:\/\/cristinaorozbajo.com\/ca\/de-fer-quan-ens-adonem-de-dificultats-en-els-nostres-nadons\/","title":{"rendered":"Qu\u00e8 fer quan ens adonem de dificultats als nostres nadons"},"content":{"rendered":"<p><!-- Hotjar Tracking Code for www.cristinaorozbajo.com --><script>\/\/ <![CDATA[\n(function(h,o,t,j,a,r){ h.hj=h.hj||function(){(h.hj.q=h.hj.q||[]).push(arguments)}; h._hjSettings={hjid:499717,hjsv:5}; a=o.getElementsByTagName(\\'head\\')[0]; r=o.createElement(\\'script\\');r.async=1; r.src=t+h._hjSettings.hjid+j+h._hjSettings.hjsv; a.appendChild(r); })(window,document,\\'\/\/static.hotjar.com\/c\/hotjar-\\',\\'.js?sv=\\');\n\/\/ ]]><\/script><\/p>\n<p style=\\\"text-align: justify;\\\">Como profesional me he encontrado en multitud de ocasiones con padres desesperados por atender las demandas de sus hijos, bebes en desarrollo que muestran dificultades desde sus primeros meses y que alertando a sus padres se quedan esperando una ayuda para poder desarrollarse.<\/p>\n<p style=\\\"text-align: justify;\\\">La inquietud de los padres ante la aparici\u00f3n de dificultades en sus bebes es la primera y m\u00e1s relevante se\u00f1al a atender por parte de especialistas profesionales. Esperar ante la aparici\u00f3n de s\u00edntomas o deficiencias evolutivas es el gran error presente ante la atenci\u00f3n temprana de dichos casos. El diagn\u00f3stico por supuesto en la mayor\u00eda de estos casos es imposible pero s\u00ed la atenci\u00f3n a dificultades y deficiencias en \u00e1reas f\u00edsicas, cognitiva, sociales o emocionales.<\/p>\n<p style=\\\"text-align: justify;\\\">Hay una gran tendencia a esperar hasta los 3 primeros a\u00f1os cuando es en este periodo cuando se hace m\u00e1s efectiva la atenci\u00f3n y la estimulaci\u00f3n ayudando a nuestros hijos a evolucionar de forma global y completa y acabando paralelamente con esta preocupaci\u00f3n de los padres d\u00e1ndoles recursos para, de una manera natural, puedan ayudar a sus hijos desde estos primeros estadios.<\/p>\n<p style=\\\"text-align: justify;\\\">La estimulaci\u00f3n a edades tempranas es no s\u00f3lo eficaz sino incre\u00edblemente necesaria para poder establecer una base s\u00f3lida para la posterior adquisici\u00f3n de todas las habilidades posteriores.<\/p>\n<p>Cristina Oroz Bajo<\/p>\n<p><img class=\\\"alignleft size-medium wp-image-481\\\" src=\\\"https:\/\/cristinaorozbajo.com\/wp-content\/uploads\/2017\/05\/Firma-2-300x78.png\\\" alt=\\\"Firma-2\\\" width=\\\"300\\\" height=\\\"78\\\" \/><\/p>\n","protected":false},"excerpt":{"rendered":"<p>Como profesional me he encontrado en multitud de ocasiones con padres desesperados por atender las demandas de sus hijos, bebes [&hellip;]<\/p>\n","protected":false},"author":1,"featured_media":193,"comment_status":"open","ping_status":"open","sticky":false,"template":"","format":"standard","meta":{"site-sidebar-layout":"default","site-content-layout":"","ast-site-content-layout":"default","site-content-style":"default","site-sidebar-style":"default","ast-global-header-display":"","ast-banner-title-visibility":"","ast-main-header-display":"","ast-hfb-above-header-display":"","ast-hfb-below-header-display":"","ast-hfb-mobile-header-display":"","site-post-title":"","ast-breadcrumbs-content":"","ast-featured-img":"","footer-sml-layout":"","ast-disable-related-posts":"","theme-transparent-header-meta":"","adv-header-id-meta":"","stick-header-meta":"","header-above-stick-meta":"","header-main-stick-meta":"","header-below-stick-meta":"","astra-migrate-meta-layouts":"default","ast-page-background-enabled":"default","ast-page-background-meta":{"desktop":{"background-color":"","background-image":"","background-repeat":"repeat","background-position":"center center","background-size":"auto","background-attachment":"scroll","background-type":"","background-media":"","overlay-type":"","overlay-color":"","overlay-opacity":"","overlay-gradient":""},"tablet":{"background-color":"","background-image":"","background-repeat":"repeat","background-position":"center center","background-size":"auto","background-attachment":"scroll","background-type":"","background-media":"","overlay-type":"","overlay-color":"","overlay-opacity":"","overlay-gradient":""},"mobile":{"background-color":"","background-image":"","background-repeat":"repeat","background-position":"center center","background-size":"auto","background-attachment":"scroll","background-type":"","background-media":"","overlay-type":"","overlay-color":"","overlay-opacity":"","overlay-gradient":""}},"ast-content-background-meta":{"desktop":{"background-color":"var(--ast-global-color-5)","background-image":"","background-repeat":"repeat","background-position":"center center","background-size":"auto","background-attachment":"scroll","background-type":"","background-media":"","overlay-type":"","overlay-color":"","overlay-opacity":"","overlay-gradient":""},"tablet":{"background-color":"var(--ast-global-color-5)","background-image":"","background-repeat":"repeat","background-position":"center center","background-size":"auto","background-attachment":"scroll","background-type":"","background-media":"","overlay-type":"","overlay-color":"","overlay-opacity":"","overlay-gradient":""},"mobile":{"background-color":"var(--ast-global-color-5)","background-image":"","background-repeat":"repeat","background-position":"center center","background-size":"auto","background-attachment":"scroll","background-type":"","background-media":"","overlay-type":"","overlay-color":"","overlay-opacity":"","overlay-gradient":""}},"footnotes":""},"categories":[11,29],"tags":[3,34,35,5,7,31,32,10,17,36],"class_list":["post-191","post","type-post","status-publish","format-standard","has-post-thumbnail","hentry","category-estimulacion-infantil","category-supermadres","tag-atencion-temprana","tag-bebes","tag-deficiencia","tag-deficiencias-evolutivas","tag-desarrollo-global","tag-diagnostico","tag-discapacidad","tag-estimulacion","tag-padres","tag-terapia-infantil"],"_links":{"self":[{"href":"https:\/\/cristinaorozbajo.com\/ca\/wp-json\/wp\/v2\/posts\/191","targetHints":{"allow":["GET"]}}],"collection":[{"href":"https:\/\/cristinaorozbajo.com\/ca\/wp-json\/wp\/v2\/posts"}],"about":[{"href":"https:\/\/cristinaorozbajo.com\/ca\/wp-json\/wp\/v2\/types\/post"}],"author":[{"embeddable":true,"href":"https:\/\/cristinaorozbajo.com\/ca\/wp-json\/wp\/v2\/users\/1"}],"replies":[{"embeddable":true,"href":"https:\/\/cristinaorozbajo.com\/ca\/wp-json\/wp\/v2\/comments?post=191"}],"version-history":[{"count":0,"href":"https:\/\/cristinaorozbajo.com\/ca\/wp-json\/wp\/v2\/posts\/191\/revisions"}],"wp:featuredmedia":[{"embeddable":true,"href":"https:\/\/cristinaorozbajo.com\/ca\/wp-json\/wp\/v2\/media\/193"}],"wp:attachment":[{"href":"https:\/\/cristinaorozbajo.com\/ca\/wp-json\/wp\/v2\/media?parent=191"}],"wp:term":[{"taxonomy":"category","embeddable":true,"href":"https:\/\/cristinaorozbajo.com\/ca\/wp-json\/wp\/v2\/categories?post=191"},{"taxonomy":"post_tag","embeddable":true,"href":"https:\/\/cristinaorozbajo.com\/ca\/wp-json\/wp\/v2\/tags?post=191"}],"curies":[{"name":"wp","href":"https:\/\/api.w.org\/{rel}","templated":true}]}}