{"id":2553,"date":"2026-03-11T08:00:00","date_gmt":"2026-03-11T08:00:00","guid":{"rendered":"https:\/\/cristinaorozbajo.com\/?p=2553"},"modified":"2026-03-10T15:20:07","modified_gmt":"2026-03-10T15:20:07","slug":"5-veritats-de-la-terapia-centrada-en-la-familia","status":"publish","type":"post","link":"https:\/\/cristinaorozbajo.com\/ca\/5-veritats-de-la-terapia-centrada-en-la-familia\/","title":{"rendered":"5 Veritats de la Ter\u00e0pia centrada en la fam\u00edlia"},"content":{"rendered":"<figure class=\"wp-block-image size-large\"><img fetchpriority=\"high\" decoding=\"async\" width=\"1024\" height=\"747\" src=\"https:\/\/cristinaorozbajo.com\/wp-content\/uploads\/2026\/02\/generated-image-2026-01-29-2-1024x747.png\" alt=\"\" class=\"wp-image-2555\" title=\"\" srcset=\"https:\/\/cristinaorozbajo.com\/wp-content\/uploads\/2026\/02\/generated-image-2026-01-29-2-1024x747.png 1024w, https:\/\/cristinaorozbajo.com\/wp-content\/uploads\/2026\/02\/generated-image-2026-01-29-2-300x219.png 300w, https:\/\/cristinaorozbajo.com\/wp-content\/uploads\/2026\/02\/generated-image-2026-01-29-2-768x560.png 768w, https:\/\/cristinaorozbajo.com\/wp-content\/uploads\/2026\/02\/generated-image-2026-01-29-2-16x12.png 16w, https:\/\/cristinaorozbajo.com\/wp-content\/uploads\/2026\/02\/generated-image-2026-01-29-2.png 1184w\" sizes=\"(max-width: 1024px) 100vw, 1024px\" \/><\/figure>\n\n\n\n<p>La <strong>ter\u00e0pia centrada en la fam\u00edlia<\/strong> no \u00e9s demanar-li a la fam\u00edlia que faci m\u00e9s: \u00e9s ensenyar qu\u00e8 fer, com fer-ho i com sostenir-ho sense culpa, amb un pla que c\u00e0piga en la seva vida real.<\/p>\n\n\n\n<blockquote class=\"wp-block-quote is-layout-flow wp-block-quote-is-layout-flow\">\n<p><em>Quan una fam\u00edlia ent\u00e9n el \u201cper qu\u00e8\u201d i el \u201ccom\u201d, deixa de sobreviure i comen\u00e7a a acompanyar amb direcci\u00f3.<\/em><\/p>\n<\/blockquote>\n\n\n\n<p>La <strong>ter\u00e0pia centrada en la fam\u00edlia<\/strong> funciona quan deixa de ser una idea bonica i es converteix en un sistema pr\u00e0ctic: objectius clars, <strong>rutines terap\u00e8utiques<\/strong> realistes i un <strong>acompanyament a fam\u00edlies<\/strong> que no jutja. No es tracta de carregar mares i pares amb tasques infinites, sin\u00f3 de <strong>empoderar les fam\u00edlies<\/strong> perqu\u00e8 el progr\u00e9s del nen passi on realment viu: a la <strong>ter\u00e0pia en el dia a dia<\/strong>, als esmorzars amb pressa, al bany, al parc i en aquells moments en qu\u00e8 no hi ha energia per \u201cfer ter\u00e0pia\u201d, per\u00f2 s\u00ed que hi ha vida.<\/p>\n\n\n\n<p>__________________________________________<\/p>\n\n\n\n<h2 class=\"wp-block-heading\"><a>Una escena real (i molt comuna) que ho explica tot<\/a><\/h2>\n\n\n\n<p class=\"has-text-align-right\">__________________________________________<\/p>\n\n\n\n<p>Hi ha una escena que es repeteix a molt\u00edssimes cases. Surts de sessi\u00f3 amb aquesta sensaci\u00f3 d&#039;\u201cavui s\u00ed\u201d: el teu fill et va mirar, va imitar, potser va demanar alguna cosa amb un gest, i tu tornes a casa amb esperan\u00e7a. En el trajecte et dius: \u201cD&#039;acord, ara ho fem aqu\u00ed tamb\u00e9\u201d. Com si l?aprenentatge fos una maleta que es porta de consulta i s?obre al sal\u00f3.<\/p>\n\n\n\n<p>Per\u00f2 la porta de casa s&#039;obre i entra la realitat: el germ\u00e0 que tamb\u00e9 necessita, el menjar que es refreda, l&#039;abric que desapareix (perqu\u00e8 els abrics tenen una vida secreta), el \u201cno vull\u201d que es converteix en plor. I, de cop i volta, all\u00f2 que en sessi\u00f3 semblava tan clar\u2026 a casa es torna dif\u00fas.<\/p>\n\n\n\n<p>Aqu\u00ed apareix la frase que pesa: \u201cEn ter\u00e0pia ho fa, per\u00f2 amb mi no\u201d. I fa mal. Perqu\u00e8 sona a sent\u00e8ncia. Per\u00f2 gaireb\u00e9 mai no significa \u201cno vol\u201d o \u201ctu no saps\u201d. Significa una cosa molt m\u00e9s concreta: <strong>l&#039;habilitat encara no ha viatjat d&#039;un context a un altre<\/strong>. I aquest viatge \u2014la <strong>generalitzaci\u00f3 a casa<\/strong>\u2014 no \u00e9s autom\u00e0tic. Es construeix amb repetici\u00f3, amb context i amb una mirada professional que hi acompanya.<\/p>\n\n\n\n<p>__________________________________________<\/p>\n\n\n\n<h2 class=\"wp-block-heading\"><a>Qu\u00e8 \u00e9s (i qu\u00e8 no \u00e9s) la ter\u00e0pia centrada en la fam\u00edlia?<\/a><\/h2>\n\n\n\n<p class=\"has-text-align-right\">__________________________________________<\/p>\n\n\n\n<p>La <strong>ter\u00e0pia centrada en la fam\u00edlia<\/strong> \u00e9s un enfocament en qu\u00e8 la fam\u00edlia no \u00e9s \u201cobservadora\u201d del proc\u00e9s, sin\u00f3 part activa del canvi. Per\u00f2 activa no vol dir explotada. A la pr\u00e0ctica, aix\u00f2 implica una <strong>intervenci\u00f3 centrada en la fam\u00edlia<\/strong>: el professional no treballa nom\u00e9s \u201camb el nen\u201d, sin\u00f3 amb el sistema complet (rutines, comunicaci\u00f3, regulaci\u00f3 emocional, expectatives, context escolar i recursos reals).<\/p>\n\n\n\n<p>Per aix\u00f2, <strong>no \u00e9s<\/strong> lliurar una llista d&#039;exercicis per a casa i esperar que la fam\u00edlia \u201cs&#039;apanyi\u201d. Tampoc \u00e9s convertir la llar en una consulta, ni mesurar el comprom\u00eds per la quantitat de tasques realitzades, ni fer servir la culpa com a gasolina. I, encara que soni obvi, cal dir-ho: quan una fam\u00edlia est\u00e0 esgotada, demanar \u201cm\u00e9s\u201d no sol crear progr\u00e9s; sol crear aband\u00f3.<\/p>\n\n\n\n<p>En canvi, <strong>s\u00ed \u00e9s<\/strong> traduir la intervenci\u00f3 a la vida real amb <strong>estrat\u00e8gies per a casa<\/strong> que siguin clares, petites i repetibles. \u00c9s ajustar objectius a l&#039;energia i al context d&#039;aquesta fam\u00edlia, i acompanyar tamb\u00e9 all\u00f2 emocional, perqu\u00e8 l&#039;aprenentatge se sost\u00e9 millor quan hi ha seguretat i regulaci\u00f3. La fam\u00edlia no hauria de sortir d&#039;una sessi\u00f3 pensant \u201cho he de fer tot\u201d, sin\u00f3 pensant \u201cs\u00e9 qu\u00e8 fer dem\u00e0, en dos moments concrets, i s\u00e9 com mesurar si anem b\u00e9\u201d.<\/p>\n\n\n\n<p>__________________________________________<\/p>\n\n\n\n<h2 class=\"wp-block-heading\"><a>La veritat inc\u00f2moda: una hora setmanal no generalitza sola<\/a><\/h2>\n\n\n\n<p class=\"has-text-align-right\">__________________________________________<\/p>\n\n\n\n<p>A la consulta poden passar coses meravelloses: apareix una mirada, una imitaci\u00f3, una paraula, un gest funcional. Per\u00f2 l&#039;aprenentatge no es consolida nom\u00e9s per passar en un entorn estructurat. La vida no est\u00e0 estructurada, i aqu\u00ed \u00e9s on es decideix si una habilitat es torna \u00fatil i es transforma en <strong>comunicaci\u00f3 funcional<\/strong>.<\/p>\n\n\n\n<p>La <strong>generalitzaci\u00f3 a casa<\/strong> (portar una habilitat a altres contextos) necessita repetici\u00f3 en escenaris reals: esmorzar, bany, parc, escola, visites, canvis de rutina. I aqu\u00ed la fam\u00edlia \u00e9s clau, no perqu\u00e8 \u201chagi\u201d de ser-ho, sin\u00f3 perqu\u00e8 <strong>est\u00e0<\/strong>. Est\u00e0 quan el nen necessita demanar, esperar, tolerar, triar, protestar o compartir. Si la intervenci\u00f3 no entra en aquests contextos, moltes vegades el nen apr\u00e8n a \u201cfer-ho en sessi\u00f3\u201d, per\u00f2 li costa fer-lo servir quan realment ho necessita.<\/p>\n\n\n\n<p><em>La sessi\u00f3 enc\u00e9n l&#039;espurna. La vida di\u00e0ria construeix lh\u00e0bit.<\/em><\/p>\n\n\n\n<div class=\"wp-block-media-text has-media-on-the-right is-stacked-on-mobile\" style=\"grid-template-columns:auto 39%\"><div class=\"wp-block-media-text__content\">\n<blockquote class=\"wp-block-quote is-layout-flow wp-block-quote-is-layout-flow\">\n<p>La generalitzaci\u00f3 a casa no neix de feines infinites: neix de rutines terap\u00e8utiques petites, repetibles i amb sentit. No es tracta de \u201cfer m\u00e9s\u201d, sin\u00f3 de <strong>fer el mateix amb intenci\u00f3<\/strong> en moments reals: vestir-se, menjar, sortir, guardar. Quan es repeteix una rutina, l&#039;aprenentatge deixa de dependre d&#039;un dia perfecte i es comen\u00e7a a sostenir. En una <strong>ter\u00e0pia centrada en la fam\u00edlia<\/strong>, la casa no es converteix en consulta: es converteix en el lloc on l&#039;habilitat per fi viatja i apareix on importa.<\/p>\n<\/blockquote>\n<\/div><figure class=\"wp-block-media-text__media\"><img decoding=\"async\" width=\"1024\" height=\"747\" src=\"https:\/\/cristinaorozbajo.com\/wp-content\/uploads\/2026\/02\/generated-image-2026-02-05-1-1024x747.png\" alt=\"\" class=\"wp-image-2563 size-full\" title=\"\" srcset=\"https:\/\/cristinaorozbajo.com\/wp-content\/uploads\/2026\/02\/generated-image-2026-02-05-1-1024x747.png 1024w, https:\/\/cristinaorozbajo.com\/wp-content\/uploads\/2026\/02\/generated-image-2026-02-05-1-300x219.png 300w, https:\/\/cristinaorozbajo.com\/wp-content\/uploads\/2026\/02\/generated-image-2026-02-05-1-768x560.png 768w, https:\/\/cristinaorozbajo.com\/wp-content\/uploads\/2026\/02\/generated-image-2026-02-05-1-16x12.png 16w, https:\/\/cristinaorozbajo.com\/wp-content\/uploads\/2026\/02\/generated-image-2026-02-05-1.png 1184w\" sizes=\"(max-width: 1024px) 100vw, 1024px\" \/><\/figure><\/div>\n\n\n\n<p>__________________________________________<\/p>\n\n\n\n<h2 class=\"wp-block-heading\"><a>El que realment empodera una fam\u00edlia (4 pilars)<\/a><\/h2>\n\n\n\n<p class=\"has-text-align-right\">__________________________________________<\/p>\n\n\n\n<h3 class=\"wp-block-heading\"><a>1) Objectius petits, mesurables i amb sentit<\/a><\/h3>\n\n\n\n<p>Empoderar no \u00e9s a dir \u201ctreballa el llenguatge\u201d. \u00c9s a dir: \u201caquesta setmana treballarem <strong>demanar ajuda<\/strong> amb gest o paraula en dues rutines concretes.\u201d Quan l&#039;objectiu \u00e9s petit i espec\u00edfic, la fam\u00edlia sap qu\u00e8 mirar i el nen rep un missatge coherent.<\/p>\n\n\n\n<p>A m\u00e9s, els objectius amb sentit s\u00f3n els que redueixen fricci\u00f3 a casa. No es trien per \u201call\u00f2 que toca\u201d en un programa, sin\u00f3 per all\u00f2 que millora la vida: demanar \u201cm\u00e9s\u201d, demanar \u201cajuda\u201d, esperar un torn, seguir una consigna simple, tolerar una transici\u00f3. Quan l&#039;objectiu millora el dia a dia, la fam\u00edlia el sost\u00e9 amb m\u00e9s facilitat, perqu\u00e8 en veu l&#039;impacte.<\/p>\n\n\n\n<h3 class=\"wp-block-heading\"><a>2) Rutines, no tasques<\/a><\/h3>\n\n\n\n<p>Les fam\u00edlies sostenen all\u00f2 que es repeteix. Per aix\u00f2, en comptes d&#039;enviar \u201cexercicis\u201d, la <strong>ter\u00e0pia centrada en la fam\u00edlia<\/strong> dissenya <strong><a href=\"https:\/\/cristinaorozbajo.com\/ca\/desenvolupament-del-llenguatge-infantil\/\" data-type=\"link\" data-id=\"https:\/\/cristinaorozbajo.com\/desarrollo-del-lenguaje-infantil\/\">rutines terap\u00e8utiques<\/a><\/strong>: micro-moments de 30 segons a 5 minuts integrats al que ja existeix.<\/p>\n\n\n\n<p>Per exemple, bombolla\u2013pausa\u2013mirada\u2013\u201cm\u00e9s\u201d; una can\u00e7\u00f3 curta amb pausa perqu\u00e8 completi; una caixa sorpresa (obrir\u2013esperar\u2013demanar). No \u00e9s fer m\u00e9s coses, \u00e9s fer el mateix amb intenci\u00f3: crear una oportunitat, esperar una mica, modelar si cal i refor\u00e7ar l&#039;intent. Amb el temps, aquesta repetici\u00f3 construeix seguretat, i la seguretat obre la porta a la comunicaci\u00f3.<\/p>\n\n\n\n<h3 class=\"wp-block-heading\"><a>3) Modelat professional (i feedback sense judici)<\/a><\/h3>\n\n\n\n<p>La fam\u00edlia necessita veure com es fa, no nom\u00e9s escoltar-ho. I necessita correcci\u00f3 sense vergonya. Quan el professional modela una estrat\u00e8gia en viu (o amb v\u00eddeo) i despr\u00e9s ajusta amb precisi\u00f3 \u2014\u201cespera 3 segons m\u00e9s\u201d, \u201cmodela nom\u00e9s una paraula\u201d, \u201cabaixa la demanda i apuja el refor\u00e7\u201d\u2014, la fam\u00edlia apr\u00e8n de deb\u00f2.<\/p>\n\n\n\n<p>Aqu\u00ed hi ha un detall important: el feedback no hauria de sonar a examen. Hauria de sonar a <strong>acompanyament a fam\u00edlies<\/strong>. Perqu\u00e8 moltes fam\u00edlies ja arriben amb la sensaci\u00f3 d&#039;estar \u201cfallant\u201d. Un bon professional no suma pressi\u00f3; suma claredat. I aquesta claredat \u00e9s el que converteix la intenci\u00f3 en acci\u00f3.<\/p>\n\n\n\n<h3 class=\"wp-block-heading\"><a>4) Regulaci\u00f3 emocional: sense aix\u00f2, res no se sost\u00e9<\/a><\/h3>\n\n\n\n<p>Si la fam\u00edlia est\u00e0 al l\u00edmit, qualsevol estrat\u00e8gia es trenca. Per aix\u00f2, la <strong>intervenci\u00f3 centrada en la fam\u00edlia<\/strong> ben feta inclou validaci\u00f3 (sense romantitzar l&#039;esgotament), expectatives realistes i plans \u201cm\u00ednims\u201d per a dies dif\u00edcils.<\/p>\n\n\n\n<p>Sostenir no \u00e9s estr\u00e8nyer. Sostenir \u00e9s tenir una versi\u00f3 petita del pla per quan no hi ha energia: una sola rutina, un sol objectiu, un sol moment. De vegades, l&#039;aven\u00e7 terap\u00e8utic m\u00e9s gran \u00e9s que la fam\u00edlia deixi de viure el proc\u00e9s com un examen i comenci a viure&#039;l com un cam\u00ed.<\/p>\n\n\n\n<figure class=\"wp-block-image size-large\"><img decoding=\"async\" width=\"1024\" height=\"747\" src=\"https:\/\/cristinaorozbajo.com\/wp-content\/uploads\/2026\/02\/generated-image-2026-02-06-4-1024x747.png\" alt=\"\" class=\"wp-image-2570\" title=\"\" srcset=\"https:\/\/cristinaorozbajo.com\/wp-content\/uploads\/2026\/02\/generated-image-2026-02-06-4-1024x747.png 1024w, https:\/\/cristinaorozbajo.com\/wp-content\/uploads\/2026\/02\/generated-image-2026-02-06-4-300x219.png 300w, https:\/\/cristinaorozbajo.com\/wp-content\/uploads\/2026\/02\/generated-image-2026-02-06-4-768x560.png 768w, https:\/\/cristinaorozbajo.com\/wp-content\/uploads\/2026\/02\/generated-image-2026-02-06-4-16x12.png 16w, https:\/\/cristinaorozbajo.com\/wp-content\/uploads\/2026\/02\/generated-image-2026-02-06-4.png 1184w\" sizes=\"(max-width: 1024px) 100vw, 1024px\" \/><figcaption class=\"wp-element-caption\">\u201cLa ter\u00e0pia centrada en la fam\u00edlia no es demostra en una sessi\u00f3: se sost\u00e9 quan hi ha pressa, cansament\u2026 i tot i aix\u00ed hi ha una oportunitat de comunicaci\u00f3.\u201d<\/figcaption><\/figure>\n\n\n\n<p>__________________________________________<\/p>\n\n\n\n<h2 class=\"wp-block-heading\"><a>Senyals que ho est\u00e0s fent b\u00e9 (encara que no hi hagi paraules encara)<\/a><\/h2>\n\n\n\n<p class=\"has-text-align-right\">__________________________________________<\/p>\n\n\n\n<p>De vegades el progr\u00e9s no apareix com una frase perfecta. Apareix com a intenci\u00f3. Es veu en m\u00e9s mirades compartides, m\u00e9s espera (menys impulsivitat), m\u00e9s gestos funcionals, m\u00e9s cerca de l&#039;adult per resoldre i menys frustraci\u00f3 en transicions.<\/p>\n\n\n\n<p>I hi ha un altre senyal silenci\u00f3s que val or: que tu, com a adult, comences a sentir-te amb un pla. Deixeu d&#039;improvisar tot el temps. Comences a distingir entre \u201cavui no va poder\u201d i \u201cavui no va tenir condicions\u201d. Aquesta lectura m\u00e9s amable canvia el clima de la casa i el clima tamb\u00e9 ensenya.<\/p>\n\n\n\n<p>__________________________________________<\/p>\n\n\n\n<h2 class=\"wp-block-heading\"><a>Logop\u00e8dia i fam\u00edlies sense sobrec\u00e0rrega<\/a><\/h2>\n\n\n\n<p class=\"has-text-align-right\">__________________________________________<\/p>\n\n\n\n<p>A <strong>logop\u00e8dia i fam\u00edlies<\/strong> (i tamb\u00e9 a escola o en intervenci\u00f3 cl\u00ednica), el punt d&#039;inflexi\u00f3 sol ser aquest: deixar de preguntar \u201cvan fer els exercicis?\u201d i comen\u00e7ar a dissenyar \u201cquina part del dia podem convertir en oportunitat?\u201d. Quan el pla est\u00e0 pensat per a la<a href=\"https:\/\/cristinaorozbajo.com\/ca\/7-claus-practiques-estimulacio-del-llenguatge-a-casa\/\" data-type=\"link\" data-id=\"https:\/\/cristinaorozbajo.com\/7-claves-practicas-estimulacion-del-lenguaje-en-casa\/\"> <strong>ter\u00e0pia en el dia a dia<\/strong><\/a>, la fam\u00edlia no necessita for\u00e7a de voluntat infinita: necessita claredat.<\/p>\n\n\n\n<p>Si ets professional, pensa al pla com si hagu\u00e9s de sobreviure a un dilluns real. No dilluns ideal. A aquell dilluns en qu\u00e8 hi ha somni, pressa, germans, pantalles, i un adult que fa el que pot. Si el que proposes no hi \u00e9s, no \u00e9s que la fam\u00edlia \u201cno es comprometi\u201d: \u00e9s que el pla no est\u00e0 dissenyat per a la seva vida. Dues rutines, una estrat\u00e8gia clara, un ajustament de demanda, un refor\u00e7 a temps. Aix\u00f2 \u00e9s el que se sost\u00e9. I el que se sost\u00e9, canvia.<\/p>\n\n\n\n<p><em>Si aquest article et va ajudar, comparteix-ho amb una fam\u00edlia o un professional que estigui intentant \u201cfer-ho tot\u201d i se senti esgotat. La<a href=\"https:\/\/cristinaorozbajo.com\/ca\/7-claus-practiques-estimulacio-del-llenguatge-a-casa\/\" data-type=\"link\" data-id=\"https:\/\/cristinaorozbajo.com\/7-claves-practicas-estimulacion-del-lenguaje-en-casa\/\"> <strong>ter\u00e0pia centrada en la fam\u00edlia<\/strong> <\/a>no comen\u00e7a amb m\u00e9s feines: comen\u00e7a amb un pla possible, sostingut i hum\u00e0.<\/em><\/p>\n\n\n\n<p><strong><a href=\"https:\/\/www.linkedin.com\/in\/cristina-oroz-bajo-61078736\/\" target=\"_blank\" rel=\"noreferrer noopener\">Cristina Oroz Baix<\/a><\/strong><br>Fundadora de&nbsp;<strong><a href=\"http:\/\/www.metodovicon.com\/\" target=\"_blank\" rel=\"noreferrer noopener\">M\u00e8tode VIC\u00d3<\/a><\/strong>, Presidenta de la&nbsp;<strong><a href=\"http:\/\/aand.es\/\" target=\"_blank\" rel=\"noreferrer noopener\">Associaci\u00f3 d&#039;Ajuda per a Nens amb Discapacitat (AAND)<\/a><\/strong>&nbsp;i CEO de&nbsp;<strong><a href=\"https:\/\/www.metodovicon.com\/lectura\" target=\"_blank\" rel=\"noreferrer noopener\">Jo Tamb\u00e9 Leo<\/a><\/strong>.<br><strong>Democratitzant metodologies educatives&nbsp;<a href=\"https:\/\/cristinaorozbajo.com\/ca\/tea-a-laula-lerror-perillos-de-trucar-inclusion-al-que-no-ho-es\/\">inclusives<\/a><\/strong>.<\/p>\n\n\n\n<figure class=\"wp-block-image size-full is-resized\"><img loading=\"lazy\" decoding=\"async\" width=\"557\" height=\"715\" src=\"https:\/\/cristinaorozbajo.com\/wp-content\/uploads\/2014\/05\/cristina-oroz-bajo-pedagoga-musicoterapeuta-barcelona-3.jpg\" alt=\"Cristina Oroz Baix, pedagoga, musicoterapeuta i t\u00e8cnic ABA a Barcelona.\" class=\"wp-image-253\" style=\"width:172px;height:auto\" title=\"\" srcset=\"https:\/\/cristinaorozbajo.com\/wp-content\/uploads\/2014\/05\/cristina-oroz-bajo-pedagoga-musicoterapeuta-barcelona-3.jpg 557w, https:\/\/cristinaorozbajo.com\/wp-content\/uploads\/2014\/05\/cristina-oroz-bajo-pedagoga-musicoterapeuta-barcelona-3-234x300.jpg 234w, https:\/\/cristinaorozbajo.com\/wp-content\/uploads\/2014\/05\/cristina-oroz-bajo-pedagoga-musicoterapeuta-barcelona-3-9x12.jpg 9w\" sizes=\"(max-width: 557px) 100vw, 557px\" \/><\/figure>\n\n\n\n<p><\/p>","protected":false},"excerpt":{"rendered":"<p>La terapia centrada en la familia no es pedirle a la familia que haga m\u00e1s: es ense\u00f1arle qu\u00e9 hacer, c\u00f3mo [&hellip;]<\/p>\n","protected":false},"author":2,"featured_media":2555,"comment_status":"closed","ping_status":"closed","sticky":false,"template":"","format":"standard","meta":{"site-sidebar-layout":"default","site-content-layout":"","ast-site-content-layout":"default","site-content-style":"default","site-sidebar-style":"default","ast-global-header-display":"","ast-banner-title-visibility":"","ast-main-header-display":"","ast-hfb-above-header-display":"","ast-hfb-below-header-display":"","ast-hfb-mobile-header-display":"","site-post-title":"","ast-breadcrumbs-content":"","ast-featured-img":"","footer-sml-layout":"","ast-disable-related-posts":"","theme-transparent-header-meta":"","adv-header-id-meta":"","stick-header-meta":"","header-above-stick-meta":"","header-main-stick-meta":"","header-below-stick-meta":"","astra-migrate-meta-layouts":"set","ast-page-background-enabled":"default","ast-page-background-meta":{"desktop":{"background-color":"","background-image":"","background-repeat":"repeat","background-position":"center center","background-size":"auto","background-attachment":"scroll","background-type":"","background-media":"","overlay-type":"","overlay-color":"","overlay-opacity":"","overlay-gradient":""},"tablet":{"background-color":"","background-image":"","background-repeat":"repeat","background-position":"center center","background-size":"auto","background-attachment":"scroll","background-type":"","background-media":"","overlay-type":"","overlay-color":"","overlay-opacity":"","overlay-gradient":""},"mobile":{"background-color":"","background-image":"","background-repeat":"repeat","background-position":"center center","background-size":"auto","background-attachment":"scroll","background-type":"","background-media":"","overlay-type":"","overlay-color":"","overlay-opacity":"","overlay-gradient":""}},"ast-content-background-meta":{"desktop":{"background-color":"var(--ast-global-color-5)","background-image":"","background-repeat":"repeat","background-position":"center center","background-size":"auto","background-attachment":"scroll","background-type":"","background-media":"","overlay-type":"","overlay-color":"","overlay-opacity":"","overlay-gradient":""},"tablet":{"background-color":"var(--ast-global-color-5)","background-image":"","background-repeat":"repeat","background-position":"center center","background-size":"auto","background-attachment":"scroll","background-type":"","background-media":"","overlay-type":"","overlay-color":"","overlay-opacity":"","overlay-gradient":""},"mobile":{"background-color":"var(--ast-global-color-5)","background-image":"","background-repeat":"repeat","background-position":"center center","background-size":"auto","background-attachment":"scroll","background-type":"","background-media":"","overlay-type":"","overlay-color":"","overlay-opacity":"","overlay-gradient":""}},"footnotes":""},"categories":[1,11],"tags":[252],"class_list":["post-2553","post","type-post","status-publish","format-standard","has-post-thumbnail","hentry","category-uncategorized","category-estimulacion-infantil","tag-terapia-centrada-en-la-familia"],"_links":{"self":[{"href":"https:\/\/cristinaorozbajo.com\/ca\/wp-json\/wp\/v2\/posts\/2553","targetHints":{"allow":["GET"]}}],"collection":[{"href":"https:\/\/cristinaorozbajo.com\/ca\/wp-json\/wp\/v2\/posts"}],"about":[{"href":"https:\/\/cristinaorozbajo.com\/ca\/wp-json\/wp\/v2\/types\/post"}],"author":[{"embeddable":true,"href":"https:\/\/cristinaorozbajo.com\/ca\/wp-json\/wp\/v2\/users\/2"}],"replies":[{"embeddable":true,"href":"https:\/\/cristinaorozbajo.com\/ca\/wp-json\/wp\/v2\/comments?post=2553"}],"version-history":[{"count":10,"href":"https:\/\/cristinaorozbajo.com\/ca\/wp-json\/wp\/v2\/posts\/2553\/revisions"}],"predecessor-version":[{"id":2604,"href":"https:\/\/cristinaorozbajo.com\/ca\/wp-json\/wp\/v2\/posts\/2553\/revisions\/2604"}],"wp:featuredmedia":[{"embeddable":true,"href":"https:\/\/cristinaorozbajo.com\/ca\/wp-json\/wp\/v2\/media\/2555"}],"wp:attachment":[{"href":"https:\/\/cristinaorozbajo.com\/ca\/wp-json\/wp\/v2\/media?parent=2553"}],"wp:term":[{"taxonomy":"category","embeddable":true,"href":"https:\/\/cristinaorozbajo.com\/ca\/wp-json\/wp\/v2\/categories?post=2553"},{"taxonomy":"post_tag","embeddable":true,"href":"https:\/\/cristinaorozbajo.com\/ca\/wp-json\/wp\/v2\/tags?post=2553"}],"curies":[{"name":"wp","href":"https:\/\/api.w.org\/{rel}","templated":true}]}}