{"id":2844,"date":"2026-09-02T08:00:00","date_gmt":"2026-09-02T08:00:00","guid":{"rendered":"https:\/\/cristinaorozbajo.com\/?p=2844"},"modified":"2026-08-31T13:45:39","modified_gmt":"2026-08-31T13:45:39","slug":"ninohablantetardio-trastornodellenguaje","status":"publish","type":"post","link":"https:\/\/cristinaorozbajo.com\/ca\/ninohablantetardio-trastornodellenguaje\/","title":{"rendered":"\u00bfHablante tard\u00edo o trastorno del lenguaje? C\u00f3mo diferenciarlos y qu\u00e9 hacer mientras tanto"},"content":{"rendered":"<figure class=\"wp-block-image size-large is-resized\"><img fetchpriority=\"high\" decoding=\"async\" width=\"1024\" height=\"559\" src=\"https:\/\/cristinaorozbajo.com\/wp-content\/uploads\/2026\/08\/nino-senala-1024x559.jpg\" alt=\"\" class=\"wp-image-2847\" style=\"width:1200px;height:auto\" title=\"\" srcset=\"https:\/\/cristinaorozbajo.com\/wp-content\/uploads\/2026\/08\/nino-senala-1024x559.jpg 1024w, https:\/\/cristinaorozbajo.com\/wp-content\/uploads\/2026\/08\/nino-senala-300x164.jpg 300w, https:\/\/cristinaorozbajo.com\/wp-content\/uploads\/2026\/08\/nino-senala-768x419.jpg 768w, https:\/\/cristinaorozbajo.com\/wp-content\/uploads\/2026\/08\/nino-senala-1536x838.jpg 1536w, https:\/\/cristinaorozbajo.com\/wp-content\/uploads\/2026\/08\/nino-senala-2048x1117.jpg 2048w, https:\/\/cristinaorozbajo.com\/wp-content\/uploads\/2026\/08\/nino-senala-18x10.jpg 18w\" sizes=\"(max-width: 1024px) 100vw, 1024px\" \/><\/figure>\n\n\n\n<p>Tu hijo tiene dos a\u00f1os y habla poco. O tres, y las frases todav\u00eda no llegan. Te dicen que est\u00e1 dentro de lo normal, pero algo en vos dice que no.<\/p>\n\n\n\n<p>No est\u00e1s exagerando. Est\u00e1s observando. Y observar bien es el primer paso.<\/p>\n\n\n\n<p>Hay una pregunta que muchas familias llevan meses haci\u00e9ndose sin saber muy bien c\u00f3mo buscarla: \u00bfesto es un retraso que se va a resolver solo, o hay algo m\u00e1s detr\u00e1s? \u00bfEs un hablante tard\u00edo, o es un TEL, o es un TDL?<\/p>\n\n\n\n<p>Este art\u00edculo es para responderla con honestidad, con calma y con herramientas concretas para lo que pod\u00e9s hacer hoy.<\/p>\n\n\n\n<hr class=\"wp-block-separator has-alpha-channel-opacity\"\/>\n\n\n\n<h3 class=\"wp-block-heading\">Primero: no todo retraso en el <a href=\"https:\/\/cristinaorozbajo.com\/ca\/esperalasninashablanantesquelosninosmito\/\" data-type=\"link\" data-id=\"https:\/\/cristinaorozbajo.com\/esperalasninashablanantesquelosninosmito\/\">llenguatge<\/a> es un trastorno<\/h3>\n\n\n\n<p>Es lo m\u00e1s importante y lo primero que hay que decir.<\/p>\n\n\n\n<p>Algunos ni\u00f1os empiezan a hablar m\u00e1s tarde que otros sin que haya ninguna causa neurol\u00f3gica detr\u00e1s. Su cerebro est\u00e1 procesando, acumulando, prepar\u00e1ndose. Y en alg\u00fan momento, el lenguaje aparece con una rapidez que sorprende a todos.<\/p>\n\n\n\n<p>Esos ni\u00f1os tienen un nombre en la literatura especializada: hablantes tard\u00edos. Y representan una parte importante de los ni\u00f1os que llegan a consulta por retraso en el lenguaje.<\/p>\n\n\n\n<p>Pero tambi\u00e9n es cierto lo contrario: no todo retraso que parece simple lo es. Hay casos en que detr\u00e1s del \u00abya va a hablar\u00bb hay un trastorno real que se beneficia enormemente de la intervenci\u00f3n temprana.<\/p>\n\n\n\n<p>La diferencia entre los dos escenarios importa. Y aunque solo un profesional puede confirmarla, hay se\u00f1ales que orientan.<\/p>\n\n\n\n<hr class=\"wp-block-separator has-alpha-channel-opacity\"\/>\n\n\n\n<h3 class=\"wp-block-heading\">\u00bfQu\u00e9 es un hablante tard\u00edo?<\/h3>\n\n\n\n<figure class=\"wp-block-image alignright size-large is-resized\"><img decoding=\"async\" width=\"1024\" height=\"559\" src=\"https:\/\/cristinaorozbajo.com\/wp-content\/uploads\/2026\/08\/nino-jugando-con-otros-1024x559.jpg\" alt=\"\" class=\"wp-image-2849\" style=\"width:582px;height:auto\" title=\"\" srcset=\"https:\/\/cristinaorozbajo.com\/wp-content\/uploads\/2026\/08\/nino-jugando-con-otros-1024x559.jpg 1024w, https:\/\/cristinaorozbajo.com\/wp-content\/uploads\/2026\/08\/nino-jugando-con-otros-300x164.jpg 300w, https:\/\/cristinaorozbajo.com\/wp-content\/uploads\/2026\/08\/nino-jugando-con-otros-768x419.jpg 768w, https:\/\/cristinaorozbajo.com\/wp-content\/uploads\/2026\/08\/nino-jugando-con-otros-1536x838.jpg 1536w, https:\/\/cristinaorozbajo.com\/wp-content\/uploads\/2026\/08\/nino-jugando-con-otros-2048x1117.jpg 2048w, https:\/\/cristinaorozbajo.com\/wp-content\/uploads\/2026\/08\/nino-jugando-con-otros-18x10.jpg 18w\" sizes=\"(max-width: 1024px) 100vw, 1024px\" \/><\/figure>\n\n\n\n<p>Un hablante tard\u00edo es un ni\u00f1o que a los 24 meses tiene un vocabulario expresivo por debajo de lo esperado \u2014menos de 50 palabras, sin combinaciones de dos palabras\u2014 pero cuyo desarrollo en otras \u00e1reas es t\u00edpico.<\/p>\n\n\n\n<p>Las caracter\u00edsticas que suelen acompa\u00f1ar al hablante tard\u00edo:<\/p>\n\n\n\n<ul class=\"wp-block-list\">\n<li>Comprende bien lo que se le dice, aunque no lo exprese<\/li>\n\n\n\n<li>Se comunica de otras formas: gestos, se\u00f1alamiento, expresiones faciales<\/li>\n\n\n\n<li>Imita acciones y sonidos cuando se le modela<\/li>\n\n\n\n<li>Juega de forma variada y con intenci\u00f3n<\/li>\n\n\n\n<li>Se relaciona con el entorno de forma esperada para su edad<\/li>\n\n\n\n<li>No hay se\u00f1ales de dificultades sensoriales, motoras o sociales<\/li>\n<\/ul>\n\n\n\n<p>Muchos hablantes tard\u00edos \u2014alrededor del 70% seg\u00fan la literatura\u2014 \u00abdespegan\u00bb entre los dos y los tres a\u00f1os sin intervenci\u00f3n formal. El lenguaje aparece, se consolida y el ni\u00f1o alcanza a sus pares.<\/p>\n\n\n\n<p>Pero el 30% restante no despega solo. Y distinguir a qu\u00e9 grupo pertenece tu hijo antes de que pase el tiempo es lo que hace valiosa la evaluaci\u00f3n temprana.<\/p>\n\n\n\n<hr class=\"wp-block-separator has-alpha-channel-opacity\"\/>\n\n\n\n<h3 class=\"wp-block-heading\">\u00bfQu\u00e9 es el TEL y qu\u00e9 es el TDL?<\/h3>\n\n\n\n<p>Ac\u00e1 la terminolog\u00eda puede generar confusi\u00f3n, porque los t\u00e9rminos han cambiado y conviven en los mismos contextos.<\/p>\n\n\n\n<p><strong>TEL: Trastorno Espec\u00edfico del Lenguaje<\/strong><br>Es el t\u00e9rmino m\u00e1s antiguo y todav\u00eda muy utilizado en Espa\u00f1a y Latinoam\u00e9rica. Describe dificultades significativas y persistentes en el desarrollo del lenguaje que no se explican por p\u00e9rdida auditiva, discapacidad intelectual, trastorno neurol\u00f3gico ni falta de estimulaci\u00f3n.<\/p>\n\n\n\n<p>El ni\u00f1o tiene inteligencia no verbal normal, audici\u00f3n normal, entorno estimulante. Y aun as\u00ed, el lenguaje no se desarrolla como deber\u00eda.<\/p>\n\n\n\n<p><strong>TDL: Trastorno del Desarrollo del Lenguaje<\/strong><br>Es el t\u00e9rmino m\u00e1s actual, propuesto por consenso internacional en 2017, que reemplaza al TEL en la literatura cient\u00edfica m\u00e1s reciente. Busca reducir el estigma del diagn\u00f3stico y describir mejor lo que ocurre: un trastorno del desarrollo, no una condici\u00f3n est\u00e1tica.<\/p>\n\n\n\n<p>En la pr\u00e1ctica cl\u00ednica cotidiana, muchos profesionales todav\u00eda usan TEL y TDL de forma intercambiable. Lo que importa no es el nombre, sino lo que describe: dificultades del lenguaje que persisten m\u00e1s all\u00e1 de la etapa de hablante tard\u00edo y que requieren intervenci\u00f3n especializada.<\/p>\n\n\n\n<hr class=\"wp-block-separator has-alpha-channel-opacity\"\/>\n\n\n\n<h3 class=\"wp-block-heading\">\u00bfC\u00f3mo se diferencia un hablante tard\u00edo de un TDL?<\/h3>\n\n\n\n<p>No hay una l\u00ednea perfectamente clara, y eso es parte de lo que hace dif\u00edcil esta pregunta. Pero hay se\u00f1ales que orientan.<\/p>\n\n\n\n<p><strong>Se\u00f1ales que apuntan m\u00e1s a hablante tard\u00edo:<\/strong><\/p>\n\n\n\n<ul class=\"wp-block-list\">\n<li>Comprensi\u00f3n bien desarrollada para su edad<\/li>\n\n\n\n<li>Comunicaci\u00f3n no verbal rica: se\u00f1ala, gesticula, mira, busca al adulto<\/li>\n\n\n\n<li>Imitaci\u00f3n presente, aunque limitada en la producci\u00f3n verbal<\/li>\n\n\n\n<li>Juego variado y con intenci\u00f3n simb\u00f3lica<\/li>\n\n\n\n<li>Historia familiar de habla tard\u00eda con resoluci\u00f3n espont\u00e1nea<\/li>\n\n\n\n<li>El ni\u00f1o parece \u00abtener mucho para decir\u00bb aunque no pueda decirlo<\/li>\n<\/ul>\n\n\n\n<p><strong>Se\u00f1ales que apuntan m\u00e1s a TDL:<\/strong><\/p>\n\n\n\n<ul class=\"wp-block-list\">\n<li>Dificultades tanto en comprensi\u00f3n como en expresi\u00f3n<\/li>\n\n\n\n<li>Comunicaci\u00f3n no verbal tambi\u00e9n limitada<\/li>\n\n\n\n<li>Poca o nula imitaci\u00f3n de sonidos o palabras<\/li>\n\n\n\n<li>Dificultades para seguir instrucciones simples<\/li>\n\n\n\n<li>El retraso persiste m\u00e1s all\u00e1 de los tres a\u00f1os sin cambios significativos<\/li>\n\n\n\n<li>Dificultades para aprender palabras nuevas aunque se las ense\u00f1es muchas veces<\/li>\n\n\n\n<li>La brecha con los pares no se cierra sino que se agranda<\/li>\n<\/ul>\n\n\n\n<hr class=\"wp-block-separator has-alpha-channel-opacity\"\/>\n\n\n\n<h3 class=\"wp-block-heading\">La tabla que muchas familias necesitan<\/h3>\n\n\n\n<figure class=\"wp-block-table\"><table class=\"has-fixed-layout\"><thead><tr><th><\/th><th><strong>Hablante tard\u00edo<\/strong><\/th><th><strong>TDL<\/strong><\/th><\/tr><\/thead><tbody><tr><td><strong>Comprensi\u00f3n<\/strong><\/td><td>Buena para su edad<\/td><td>Afectada tambi\u00e9n<\/td><\/tr><tr><td><strong>Comunicaci\u00f3n no verbal<\/strong><\/td><td>Rica y funcional<\/td><td>Limitada<\/td><\/tr><tr><td><strong>Imitaci\u00f3<\/strong><\/td><td>Presente<\/td><td>Escasa o ausente<\/td><\/tr><tr><td><strong>Juego<\/strong><\/td><td>Variado, con intenci\u00f3n<\/td><td>Puede ser m\u00e1s limitado<\/td><\/tr><tr><td><strong>Evoluci\u00f3n<\/strong><\/td><td>Suele despegar antes de los 3 a\u00f1os<\/td><td>Persiste m\u00e1s all\u00e1 de los 3 a\u00f1os<\/td><\/tr><tr><td><strong>Respuesta a la estimulaci\u00f3n<\/strong><\/td><td>R\u00e1pida y notable<\/td><td>M\u00e1s lenta, requiere intervenci\u00f3n espec\u00edfica<\/td><\/tr><tr><td><strong>Qu\u00e9 necesita<\/strong><\/td><td>Estimulaci\u00f3n en casa + seguimiento<\/td><td>Evaluaci\u00f3n e intervenci\u00f3n especializada<\/td><\/tr><\/tbody><\/table><\/figure>\n\n\n\n<hr class=\"wp-block-separator has-alpha-channel-opacity\"\/>\n\n\n\n<h3 class=\"wp-block-heading\">Por qu\u00e9 esperar tiene un costo real<\/h3>\n\n\n\n<p>\u00abYa va a hablar\u00bb puede ser verdad. Pero tiene un precio cuando no lo es.<\/p>\n\n\n\n<p>Las ventanas de desarrollo del lenguaje son reales. El cerebro entre los cero y los cinco a\u00f1os tiene una plasticidad que despu\u00e9s disminuye. Eso no significa que despu\u00e9s no se pueda avanzar \u2014se puede y mucho\u2014 pero s\u00ed que la intervenci\u00f3n temprana produce resultados m\u00e1s profundos con menos esfuerzo.<\/p>\n\n\n\n<p>Un ni\u00f1o con TDL que empieza intervenci\u00f3n a los dos a\u00f1os y medio no llega al mismo lugar que uno que empieza a los cuatro. No porque sea m\u00e1s o menos capaz, sino porque los andamios se construyen sobre bases, y las bases se construyen en los primeros a\u00f1os.<\/p>\n\n\n\n<p>Esperar para ver no es neutral. Tiene un costo que no siempre es visible hasta m\u00e1s tarde.<\/p>\n\n\n\n<hr class=\"wp-block-separator has-alpha-channel-opacity\"\/>\n\n\n\n<h3 class=\"wp-block-heading\">Qu\u00e9 pod\u00e9s hacer en casa mientras esper\u00e1s la evaluaci\u00f3n<\/h3>\n\n\n\n<p>La evaluaci\u00f3n profesional puede tardar. Las listas de espera existen. Y mientras tanto, el tiempo pasa.<\/p>\n\n\n\n<p>Estas estrategias no reemplazan la evaluaci\u00f3n, pero s\u00ed maximizan el aprovechamiento de ese tiempo de espera.<\/p>\n\n\n\n<figure class=\"wp-block-image alignleft size-large is-resized\"><img decoding=\"async\" width=\"1024\" height=\"559\" src=\"https:\/\/cristinaorozbajo.com\/wp-content\/uploads\/2026\/08\/nino-y-padre-cantando-1024x559.jpg\" alt=\"\" class=\"wp-image-2848\" style=\"aspect-ratio:1.8333731200763905;width:486px;height:auto\" title=\"\" srcset=\"https:\/\/cristinaorozbajo.com\/wp-content\/uploads\/2026\/08\/nino-y-padre-cantando-1024x559.jpg 1024w, https:\/\/cristinaorozbajo.com\/wp-content\/uploads\/2026\/08\/nino-y-padre-cantando-300x164.jpg 300w, https:\/\/cristinaorozbajo.com\/wp-content\/uploads\/2026\/08\/nino-y-padre-cantando-768x419.jpg 768w, https:\/\/cristinaorozbajo.com\/wp-content\/uploads\/2026\/08\/nino-y-padre-cantando-1536x838.jpg 1536w, https:\/\/cristinaorozbajo.com\/wp-content\/uploads\/2026\/08\/nino-y-padre-cantando-2048x1117.jpg 2048w, https:\/\/cristinaorozbajo.com\/wp-content\/uploads\/2026\/08\/nino-y-padre-cantando-18x10.jpg 18w\" sizes=\"(max-width: 1024px) 100vw, 1024px\" \/><\/figure>\n\n\n\n<p><strong>Cant\u00e1 todos los d\u00edas, con intenci\u00f3n<\/strong><br>La m\u00fasica es la v\u00eda de acceso al lenguaje m\u00e1s poderosa que existe para ni\u00f1os peque\u00f1os, especialmente para los que todav\u00eda no hablan. El ritmo, la melod\u00eda y la repetici\u00f3n hacen un trabajo que el habla cotidiana no puede hacer igual. Eleg\u00ed dos o tres canciones simples y repet\u00edlas hasta que el ni\u00f1o las anticipe. Es estimulaci\u00f3n real, no entretenimiento.<\/p>\n\n\n\n<p><strong>Coment\u00e1 en lugar de preguntar<\/strong><br>\u00abMira, el perro est\u00e1 corriendo\u00bb en lugar de \u00ab\u00bfqu\u00e9 hace el perro?\u00bb. El comentario modela sin presionar. La pregunta pone en situaci\u00f3n de examen a un ni\u00f1o que todav\u00eda no tiene las herramientas para responderla.<\/p>\n\n\n\n<p><strong>Cre\u00e1 pausas con intenci\u00f3n<\/strong><br>Antes de dar algo que el ni\u00f1o quiere, esper\u00e1 un momento. No con presi\u00f3n ni con cara de esperar. Solo una pausa tranquila que crea un espacio para que algo ocurra. Si el ni\u00f1o vocaliza, se\u00f1ala o hace cualquier gesto comunicativo, respond\u00e9 de inmediato con entusiasmo.<\/p>\n\n\n\n<p><strong>Segu\u00ed su mirada e inter\u00e9s<\/strong><br>Habl\u00e1 sobre lo que el ni\u00f1o ya est\u00e1 mirando, no sobre lo que vos quer\u00e9s que mire. El lenguaje que acompa\u00f1a el foco de atenci\u00f3n del ni\u00f1o se aprende mucho m\u00e1s r\u00e1pido que el que intenta redirigirlo.<\/p>\n\n\n\n<p><strong>Reduc\u00ed las pantallas en los momentos de interacci\u00f3n<\/strong><br>La televisi\u00f3n o el tel\u00e9fono de fondo reducen la cantidad y la calidad del lenguaje que el adulto dirige al ni\u00f1o. Los momentos de interacci\u00f3n cara a cara, sin pantallas, son donde ocurre el aprendizaje del lenguaje.<\/p>\n\n\n\n<p><strong>Us\u00e1 el video modeling<\/strong><br>Grab\u00e1 un video corto tuyo o del propio ni\u00f1o realizando una acci\u00f3n o diciendo una palabra en contexto real. Mirarlo juntos varias veces antes de hacer esa actividad prepara el sistema nervioso y reduce la barrera para producir. Es una de las herramientas centrales del M\u00e9todo VICON.<\/p>\n\n\n\n<hr class=\"wp-block-separator has-alpha-channel-opacity\"\/>\n\n\n\n<h3 class=\"wp-block-heading\">\ud83d\uddd3\ufe0f Desaf\u00edo de 7 d\u00edas: estimular mientras se espera<\/h3>\n\n\n\n<p>Una acci\u00f3n diferente cada d\u00eda. Sin material especial, sin presi\u00f3n de resultado.<\/p>\n\n\n\n<figure class=\"wp-block-table\"><table class=\"has-fixed-layout\"><thead><tr><th>D\u00eda<\/th><th>Propuesta<\/th><\/tr><\/thead><tbody><tr><td><strong>Lunes<\/strong><\/td><td>Eleg\u00ed dos canciones simples y cant\u00e1las en la rutina del ba\u00f1o y de dormir<\/td><\/tr><tr><td><strong>Martes<\/strong><\/td><td>Durante el juego, coment\u00e1 lo que hace el ni\u00f1o sin preguntar nada<\/td><\/tr><tr><td><strong>Mi\u00e9rcoles<\/strong><\/td><td>Cre\u00e1 tres pausas con intenci\u00f3n durante el d\u00eda y observ\u00e1 qu\u00e9 hace el ni\u00f1o<\/td><\/tr><tr><td><strong>Jueves<\/strong><\/td><td>Segu\u00ed su mirada durante 15 minutos y habl\u00e1 solo sobre lo que \u00e9l ya est\u00e1 mirando<\/td><\/tr><tr><td><strong>Viernes<\/strong><\/td><td>Apag\u00e1 las pantallas durante la comida y la hora de juego libre<\/td><\/tr><tr><td><strong>S\u00e1bado<\/strong><\/td><td>Grab\u00e1 un video corto de algo que le guste y mir\u00e1dlo juntos antes de hacerlo<\/td><\/tr><tr><td><strong>Domingo<\/strong><\/td><td>Anot\u00e1: \u00bfhubo alg\u00fan sonido nuevo, alg\u00fan gesto nuevo, alg\u00fan intento de comunicaci\u00f3n que no hab\u00edas visto antes?<\/td><\/tr><\/tbody><\/table><\/figure>\n\n\n\n<p>No es un diagn\u00f3stico en siete d\u00edas. Es una semana de observaci\u00f3n activa y estimulaci\u00f3n real.<\/p>\n\n\n\n<hr class=\"wp-block-separator has-alpha-channel-opacity\"\/>\n\n\n\n<h3 class=\"wp-block-heading\">\u00bfCu\u00e1ndo consultar con un especialista?<\/h3>\n\n\n\n<p>La respuesta corta: antes de lo que pens\u00e1s y antes de lo que te dicen.<\/p>\n\n\n\n<p>Consult\u00e1 con un fonoaudi\u00f3logo o logopeda si:<\/p>\n\n\n\n<ul class=\"wp-block-list\">\n<li>A los 18 meses no dice ninguna palabra con intenci\u00f3n comunicativa<\/li>\n\n\n\n<li>A los 24 meses tiene menos de 50 palabras o no combina dos<\/li>\n\n\n\n<li>A los 3 a\u00f1os no forma frases simples o solo las personas cercanas lo entienden<\/li>\n\n\n\n<li>Hay p\u00e9rdida de habilidades que ya ten\u00eda, por peque\u00f1a que parezca<\/li>\n\n\n\n<li>La comunicaci\u00f3n no verbal tambi\u00e9n es limitada: no se\u00f1ala, no busca al adulto, no imita<\/li>\n\n\n\n<li>Algo en el desarrollo te genera dudas, aunque no puedas explicar bien qu\u00e9<\/li>\n<\/ul>\n\n\n\n<p>Una evaluaci\u00f3n no cierra puertas. Las abre. Y si el resultado es \u00abes un hablante tard\u00edo, estimul\u00e1 en casa y revisamos en seis meses\u00bb, eso tambi\u00e9n es informaci\u00f3n valiosa.<\/p>\n\n\n\n<hr class=\"wp-block-separator has-alpha-channel-opacity\"\/>\n\n\n\n<h3 class=\"wp-block-heading\">Lo esencial<\/h3>\n\n\n\n<ul class=\"wp-block-list\">\n<li>No todo retraso en el lenguaje es un trastorno. El hablante tard\u00edo es una categor\u00eda real, con caracter\u00edsticas espec\u00edficas y buen pron\u00f3stico con estimulaci\u00f3n temprana.<\/li>\n\n\n\n<li>El TDL implica dificultades m\u00e1s persistentes y generalizadas que requieren intervenci\u00f3n especializada, no solo esperar.<\/li>\n\n\n\n<li>Las se\u00f1ales clave para orientarse: comprensi\u00f3n, comunicaci\u00f3n no verbal, imitaci\u00f3n y evoluci\u00f3n en el tiempo.<\/li>\n\n\n\n<li>Esperar para ver no es neutral: las ventanas de desarrollo son reales y el tiempo tiene un costo.<\/li>\n\n\n\n<li>Mientras se espera la evaluaci\u00f3n, la estimulaci\u00f3n en casa \u2014especialmente con m\u00fasica, modelado y pausas con intenci\u00f3n\u2014 es tiempo aprovechado, no tiempo perdido.<\/li>\n<\/ul>\n\n\n\n<hr class=\"wp-block-separator has-alpha-channel-opacity\"\/>\n\n\n\n<h3 class=\"wp-block-heading\">\u00bfQuer\u00e9s herramientas para estimular el lenguaje de tu hijo mientras esper\u00e1s?<\/h3>\n\n\n\n<p>En el M\u00e9todo VICON trabajamos con familias para construir oportunidades de comunicaci\u00f3n funcional en la rutina diaria, con estrategias adaptadas a cada perfil y acompa\u00f1amiento profesional desde casa.<\/p>\n\n\n\n<p>\ud83d\udc49 <strong>Prob\u00e1 el M\u00e9todo VICON gratis durante 7 d\u00edas<\/strong> en <a href=\"https:\/\/metodovicon.com\" target=\"_blank\" rel=\"noopener\">metodovicon.com<\/a> y empez\u00e1 a estimular el lenguaje de tu hijo con herramientas concretas mientras el sistema de salud avanza.<\/p>\n\n\n\n<hr class=\"wp-block-separator has-alpha-channel-opacity\"\/>\n\n\n\n<p><em><a href=\"https:\/\/cristinaorozbajo.com\/ca\/\" data-type=\"link\" data-id=\"https:\/\/cristinaorozbajo.com\/\">Cristina Oroz Baix<\/a> es terapeuta especializada en neurodivergencia y creadora del M\u00e9todo VICON, un abordaje integral centrado en la familia. Acompa\u00f1a a ni\u00f1os con TEA, TDAH, S\u00edndrome de Down y otras condiciones en el desarrollo de habilidades funcionales para la vida cotidiana.<\/em><\/p>\n\n\n\n<p><em>\u2014 Cristina \u00b7 M\u00e9todo VICON<\/em><\/p>\n\n\n\n<figure class=\"wp-block-image size-large is-resized\"><img loading=\"lazy\" decoding=\"async\" width=\"1024\" height=\"428\" src=\"https:\/\/cristinaorozbajo.com\/wp-content\/uploads\/2025\/05\/pedagogiea-barcelona-cristina-oroz-bajo-1024x428.jpg\" alt=\"Autismo y Familia\" class=\"wp-image-2275\" style=\"width:513px;height:auto\" title=\"\" srcset=\"https:\/\/cristinaorozbajo.com\/wp-content\/uploads\/2025\/05\/pedagogiea-barcelona-cristina-oroz-bajo-1024x428.jpg 1024w, https:\/\/cristinaorozbajo.com\/wp-content\/uploads\/2025\/05\/pedagogiea-barcelona-cristina-oroz-bajo-300x125.jpg 300w, https:\/\/cristinaorozbajo.com\/wp-content\/uploads\/2025\/05\/pedagogiea-barcelona-cristina-oroz-bajo-768x321.jpg 768w, https:\/\/cristinaorozbajo.com\/wp-content\/uploads\/2025\/05\/pedagogiea-barcelona-cristina-oroz-bajo-18x8.jpg 18w, https:\/\/cristinaorozbajo.com\/wp-content\/uploads\/2025\/05\/pedagogiea-barcelona-cristina-oroz-bajo.jpg 1140w\" sizes=\"(max-width: 1024px) 100vw, 1024px\" \/><\/figure>\n\n\n\n<p><\/p>","protected":false},"excerpt":{"rendered":"<p>Tu hijo tiene dos a\u00f1os y habla poco. O tres, y las frases todav\u00eda no llegan. Te dicen que est\u00e1 [&hellip;]<\/p>\n","protected":false},"author":2,"featured_media":2847,"comment_status":"closed","ping_status":"closed","sticky":false,"template":"","format":"standard","meta":{"site-sidebar-layout":"default","site-content-layout":"","ast-site-content-layout":"default","site-content-style":"default","site-sidebar-style":"default","ast-global-header-display":"","ast-banner-title-visibility":"","ast-main-header-display":"","ast-hfb-above-header-display":"","ast-hfb-below-header-display":"","ast-hfb-mobile-header-display":"","site-post-title":"","ast-breadcrumbs-content":"","ast-featured-img":"","footer-sml-layout":"","ast-disable-related-posts":"","theme-transparent-header-meta":"","adv-header-id-meta":"","stick-header-meta":"","header-above-stick-meta":"","header-main-stick-meta":"","header-below-stick-meta":"","astra-migrate-meta-layouts":"set","ast-page-background-enabled":"default","ast-page-background-meta":{"desktop":{"background-color":"","background-image":"","background-repeat":"repeat","background-position":"center center","background-size":"auto","background-attachment":"scroll","background-type":"","background-media":"","overlay-type":"","overlay-color":"","overlay-opacity":"","overlay-gradient":""},"tablet":{"background-color":"","background-image":"","background-repeat":"repeat","background-position":"center center","background-size":"auto","background-attachment":"scroll","background-type":"","background-media":"","overlay-type":"","overlay-color":"","overlay-opacity":"","overlay-gradient":""},"mobile":{"background-color":"","background-image":"","background-repeat":"repeat","background-position":"center center","background-size":"auto","background-attachment":"scroll","background-type":"","background-media":"","overlay-type":"","overlay-color":"","overlay-opacity":"","overlay-gradient":""}},"ast-content-background-meta":{"desktop":{"background-color":"var(--ast-global-color-5)","background-image":"","background-repeat":"repeat","background-position":"center center","background-size":"auto","background-attachment":"scroll","background-type":"","background-media":"","overlay-type":"","overlay-color":"","overlay-opacity":"","overlay-gradient":""},"tablet":{"background-color":"var(--ast-global-color-5)","background-image":"","background-repeat":"repeat","background-position":"center center","background-size":"auto","background-attachment":"scroll","background-type":"","background-media":"","overlay-type":"","overlay-color":"","overlay-opacity":"","overlay-gradient":""},"mobile":{"background-color":"var(--ast-global-color-5)","background-image":"","background-repeat":"repeat","background-position":"center center","background-size":"auto","background-attachment":"scroll","background-type":"","background-media":"","overlay-type":"","overlay-color":"","overlay-opacity":"","overlay-gradient":""}},"footnotes":""},"categories":[264],"tags":[],"class_list":["post-2844","post","type-post","status-publish","format-standard","has-post-thumbnail","hentry","category-lenguaje"],"_links":{"self":[{"href":"https:\/\/cristinaorozbajo.com\/ca\/wp-json\/wp\/v2\/posts\/2844","targetHints":{"allow":["GET"]}}],"collection":[{"href":"https:\/\/cristinaorozbajo.com\/ca\/wp-json\/wp\/v2\/posts"}],"about":[{"href":"https:\/\/cristinaorozbajo.com\/ca\/wp-json\/wp\/v2\/types\/post"}],"author":[{"embeddable":true,"href":"https:\/\/cristinaorozbajo.com\/ca\/wp-json\/wp\/v2\/users\/2"}],"replies":[{"embeddable":true,"href":"https:\/\/cristinaorozbajo.com\/ca\/wp-json\/wp\/v2\/comments?post=2844"}],"version-history":[{"count":3,"href":"https:\/\/cristinaorozbajo.com\/ca\/wp-json\/wp\/v2\/posts\/2844\/revisions"}],"predecessor-version":[{"id":2852,"href":"https:\/\/cristinaorozbajo.com\/ca\/wp-json\/wp\/v2\/posts\/2844\/revisions\/2852"}],"wp:featuredmedia":[{"embeddable":true,"href":"https:\/\/cristinaorozbajo.com\/ca\/wp-json\/wp\/v2\/media\/2847"}],"wp:attachment":[{"href":"https:\/\/cristinaorozbajo.com\/ca\/wp-json\/wp\/v2\/media?parent=2844"}],"wp:term":[{"taxonomy":"category","embeddable":true,"href":"https:\/\/cristinaorozbajo.com\/ca\/wp-json\/wp\/v2\/categories?post=2844"},{"taxonomy":"post_tag","embeddable":true,"href":"https:\/\/cristinaorozbajo.com\/ca\/wp-json\/wp\/v2\/tags?post=2844"}],"curies":[{"name":"wp","href":"https:\/\/api.w.org\/{rel}","templated":true}]}}