{"id":345,"date":"2017-05-07T21:55:28","date_gmt":"2017-05-07T20:55:28","guid":{"rendered":"https:\/\/cristinaorozbajo.com\/libro-para-padres-de-ninos-inquietos-curiosos-movidos-atrevidos\/"},"modified":"2017-05-07T21:55:28","modified_gmt":"2017-05-07T20:55:28","slug":"llibre-per-a-pares-de-nens-inquiets-curiosos-moguts-atrevits","status":"publish","type":"post","link":"https:\/\/cristinaorozbajo.com\/ca\/llibre-per-a-pares-de-nens-inquiets-curiosos-moguts-atrevits\/","title":{"rendered":"Llibre per a pares de nens inquiets, curiosos, moguts, atrevits\u2026"},"content":{"rendered":"<p><!-- Hotjar Tracking Code for www.cristinaorozbajo.com --><script>\/\/ <![CDATA[\n    (function(h,o,t,j,a,r){\n        h.hj=h.hj||function(){(h.hj.q=h.hj.q||[]).push(arguments)};\n        h._hjSettings={hjid:499717,hjsv:5};\n        a=o.getElementsByTagName(\\'head\\')[0];\n        r=o.createElement(\\'script\\');r.async=1;\n        r.src=t+h._hjSettings.hjid+j+h._hjSettings.hjsv;\n        a.appendChild(r);\n    })(window,document,\\'\/\/static.hotjar.com\/c\/hotjar-\\',\\'.js?sv=\\');\n\/\/ ]]><\/script><\/p>\n<img class=\\\"wp-image-351 size-medium\\\" src=\\\"https:\/\/cristinaorozbajo.com\/wp-content\/uploads\/2017\/05\/visd_00BBJPG00PN6-196x300.jpg\\\" alt=\\\"12 Estrategias revolucionarias para cultivar la mente en desarrollo de tu hijo.\\\" width=\\\"196\\\" height=\\\"300\\\" \/>\n<p style=\\\"text-align: justify;\\\">Un libro imprescindible para padres que busquen analizar el porqu\u00e9 los ni\u00f1os act\u00faan como act\u00faan, ni\u00f1os dirigidos por torbellinos de impulso que parece que fueran a despegar incontrolados luchando en un mar turbio. Parece que todo cobra sentido cuando entendemos el contexto donde ocurren estas situaciones, toda la serie de variables que act\u00faan en un momento dado, procesos mentales internos, externos, sociales, emocionales y f\u00edsicos que dan lugar a la expresi\u00f3n m\u00e1s pura. Deja que suceda, acoge al ni\u00f1o, acomp\u00e1\u00f1alo en este proceso para que ejerza su funci\u00f3n y sea evolutivo, rico y constructivo y acomp\u00e1\u00f1ate a ti siendo consciente de lo que provoca tu presencia, lo que aporta y enriquece ver la evoluci\u00f3n y la revoluci\u00f3n de nuestros peque\u00f1os. No te lo pierdas, s\u00e9 que no te dejar\u00e1 indiferente y querr\u00e1s m\u00e1s, y sabes qu\u00e9? hay m\u00e1s! Gracias Daniel J. Siegel y Tina Payne Bryson.<\/p>\n<p>https:\/\/www.casadellibro.com\/ebook-el-cerebro-del-nino-ebook\/9788484287308\/1999287?gclid=cj0keqjwi7vibrdpo9w8y7ct6zcbeiqa1cwv2db2vzea0nqoq7zhm0ts4kg-4f1ugwmb0m-o3do_ijqaajow8p8haq&#038;utm_source=google&#038;utm_medium=cpc&#038;utm_campaign=25417<\/p>\n","protected":false},"excerpt":{"rendered":"<p>Un libro imprescindible para padres que busquen analizar el porqu\u00e9 los ni\u00f1os act\u00faan como act\u00faan, ni\u00f1os dirigidos por torbellinos de [&hellip;]<\/p>\n","protected":false},"author":1,"featured_media":351,"comment_status":"open","ping_status":"open","sticky":false,"template":"","format":"standard","meta":{"site-sidebar-layout":"default","site-content-layout":"","ast-site-content-layout":"default","site-content-style":"default","site-sidebar-style":"default","ast-global-header-display":"","ast-banner-title-visibility":"","ast-main-header-display":"","ast-hfb-above-header-display":"","ast-hfb-below-header-display":"","ast-hfb-mobile-header-display":"","site-post-title":"","ast-breadcrumbs-content":"","ast-featured-img":"","footer-sml-layout":"","ast-disable-related-posts":"","theme-transparent-header-meta":"","adv-header-id-meta":"","stick-header-meta":"","header-above-stick-meta":"","header-main-stick-meta":"","header-below-stick-meta":"","astra-migrate-meta-layouts":"default","ast-page-background-enabled":"default","ast-page-background-meta":{"desktop":{"background-color":"","background-image":"","background-repeat":"repeat","background-position":"center center","background-size":"auto","background-attachment":"scroll","background-type":"","background-media":"","overlay-type":"","overlay-color":"","overlay-opacity":"","overlay-gradient":""},"tablet":{"background-color":"","background-image":"","background-repeat":"repeat","background-position":"center center","background-size":"auto","background-attachment":"scroll","background-type":"","background-media":"","overlay-type":"","overlay-color":"","overlay-opacity":"","overlay-gradient":""},"mobile":{"background-color":"","background-image":"","background-repeat":"repeat","background-position":"center center","background-size":"auto","background-attachment":"scroll","background-type":"","background-media":"","overlay-type":"","overlay-color":"","overlay-opacity":"","overlay-gradient":""}},"ast-content-background-meta":{"desktop":{"background-color":"var(--ast-global-color-5)","background-image":"","background-repeat":"repeat","background-position":"center center","background-size":"auto","background-attachment":"scroll","background-type":"","background-media":"","overlay-type":"","overlay-color":"","overlay-opacity":"","overlay-gradient":""},"tablet":{"background-color":"var(--ast-global-color-5)","background-image":"","background-repeat":"repeat","background-position":"center center","background-size":"auto","background-attachment":"scroll","background-type":"","background-media":"","overlay-type":"","overlay-color":"","overlay-opacity":"","overlay-gradient":""},"mobile":{"background-color":"var(--ast-global-color-5)","background-image":"","background-repeat":"repeat","background-position":"center center","background-size":"auto","background-attachment":"scroll","background-type":"","background-media":"","overlay-type":"","overlay-color":"","overlay-opacity":"","overlay-gradient":""}},"footnotes":""},"categories":[14,29],"tags":[58,59,60,61,62,63,16,64,17,65,66],"class_list":["post-345","post","type-post","status-publish","format-standard","has-post-thumbnail","hentry","category-libros","category-supermadres","tag-ayuda","tag-control","tag-descontrol","tag-inquietos","tag-madres","tag-movidos","tag-ninos","tag-orientacion","tag-padres","tag-rabietas","tag-terapeuta"],"_links":{"self":[{"href":"https:\/\/cristinaorozbajo.com\/ca\/wp-json\/wp\/v2\/posts\/345","targetHints":{"allow":["GET"]}}],"collection":[{"href":"https:\/\/cristinaorozbajo.com\/ca\/wp-json\/wp\/v2\/posts"}],"about":[{"href":"https:\/\/cristinaorozbajo.com\/ca\/wp-json\/wp\/v2\/types\/post"}],"author":[{"embeddable":true,"href":"https:\/\/cristinaorozbajo.com\/ca\/wp-json\/wp\/v2\/users\/1"}],"replies":[{"embeddable":true,"href":"https:\/\/cristinaorozbajo.com\/ca\/wp-json\/wp\/v2\/comments?post=345"}],"version-history":[{"count":0,"href":"https:\/\/cristinaorozbajo.com\/ca\/wp-json\/wp\/v2\/posts\/345\/revisions"}],"wp:featuredmedia":[{"embeddable":true,"href":"https:\/\/cristinaorozbajo.com\/ca\/wp-json\/wp\/v2\/media\/351"}],"wp:attachment":[{"href":"https:\/\/cristinaorozbajo.com\/ca\/wp-json\/wp\/v2\/media?parent=345"}],"wp:term":[{"taxonomy":"category","embeddable":true,"href":"https:\/\/cristinaorozbajo.com\/ca\/wp-json\/wp\/v2\/categories?post=345"},{"taxonomy":"post_tag","embeddable":true,"href":"https:\/\/cristinaorozbajo.com\/ca\/wp-json\/wp\/v2\/tags?post=345"}],"curies":[{"name":"wp","href":"https:\/\/api.w.org\/{rel}","templated":true}]}}