{"id":569,"date":"2017-07-11T18:22:53","date_gmt":"2017-07-11T17:22:53","guid":{"rendered":"https:\/\/cristinaorozbajo.com\/hermanita-te-he-echado-de-menos-hoy\/"},"modified":"2017-07-11T18:22:53","modified_gmt":"2017-07-11T17:22:53","slug":"germaneta-the-trobat-a-faltar-avui","status":"publish","type":"post","link":"https:\/\/cristinaorozbajo.com\/ca\/germaneta-the-trobat-a-faltar-avui\/","title":{"rendered":"Germaneta. T&#039;he trobat a faltar avui."},"content":{"rendered":"<p style=\"\\\"text-align:\" justify;\\\">A la meva germaneta,<\/p>\n<p style=\"\\\"text-align:\" justify;\\\">\u00daltimament el meu joc de germana menor ha estat apagat. B\u00e9, no darrerament. Ha passat un temps. Crec que potser us soni el que dic, per\u00f2 aix\u00f2, com tot el que passi o deixi de passar entre nosaltres, ens entenem. No em fas sentir culpable pels missatges que no tornen o les trucades telef\u00f2niques que em troben distreta a l&#039;altre extrem de la l\u00ednia quan desenganxo el iogurt del cabell del meu fill. Les nostres converses ara semblen ser arrabassades pels moments que podem treure de les nostres ocupades vides, per\u00f2 s\u00f3c dolorosament conscient que estan m\u00e9s en la meva l\u00ednia de temps que la teva. S\u00f3c dolorosament conscient que ens en vam anar i tu ets l&#039;\u00fanica, ara mateix, que m&#039;ancora a la nostra germandat.<\/p>\n<p style=\"\\\"text-align:\" justify;\\\">Aix\u00ed que volia dir algunes de les coses que mai no semble tenir temps de dir-te.<\/p>\n<p style=\"\\\"text-align:\" justify;\\\">T&#039;he trobat a faltar avui.<\/p>\n<p style=\"\\\"text-align:\" justify;\\\">Vivim la meitat d\u00b4un m\u00f3n i franges hor\u00e0ries a part amb vides molt diferents. Aqu\u00ed estic, vivint la meva fantasia dom\u00e8stica amb dos fills i un marit. V\u00f3s viviu l&#039;emocionant vida de la gran ciutat d&#039;una dona de carrera amb tantes coses i tants \u00e8xits. Fins i tot si visqu\u00e9ssim el cam\u00ed els uns dels altres, sospito que els nostres camins poques vegades es creuen, s\u00f3n tan divergents.<\/p>\n<p style=\"\\\"text-align:\" justify;\\\">Per\u00f2 tot i aix\u00ed, t&#039;he trobat a faltar avui.<\/p>\n<p style=\"\\\"text-align:\" justify;\\\">Ahir vaig trucar a la meva filla gran pel teu nom. Aix\u00f2 passa amb m\u00e9s freq\u00fc\u00e8ncia del que podries imaginar. Ella em recorda a tu, amb la seva naturalesa feli\u00e7-go-lucky, la seva fearlessness, la franquesa, la for\u00e7a de voluntat i el riure d&#039;alt voltatge. La seva capacitat per delectar-me i enfurir-me en una mesura inigualable. I d&#039;altres maneres tamb\u00e9: sento cap a ella la protecci\u00f3 que ni tan sols em vaig adonar que he passat tota la vida sentint aix\u00f2 per tu. \u00c9s magnificat ara que s\u00f3c el seu protector real en lloc de la nostra pr\u00f2pia mare, per\u00f2 el sentiment no \u00e9s nou per a mi, i aix\u00f2 \u00e9s per tu.<\/p>\n<p style=\"\\\"text-align:\" justify;\\\">Com em vaig enamorar de tu la meva germaneta. No sols per la nostra inf\u00e0ncia, sin\u00f3 tamb\u00e9 per la nostra joventut adulta. Et vaig portar amb tu, et vaig donar la meva identificaci\u00f3 i vaig tractar del meu millor esfor\u00e7 per encobrir-te quan vas fer alguna cosa entremaliada. Com a nens em va agradar com era de f\u00e0cil anar de cap al voltant, i m\u00e9s tard em vaig sentir afortunada de tenir una \u00faltima trucada incorporada al dia, una persona d&#039;anar i una dona d&#039;ala.<\/p>\n<p style=\"\\\"text-align:\" justify;\\\">L&#039;est\u00e0ndard de la germana gran es va establir molt alt, m&#039;estimaves m\u00e9s que ning\u00fa al m\u00f3n. Ho vaig sentir, ho vaig veure, ho vaig saber, i no crec que t&#039;hagis adonat de com aquest simple fet m&#039;ha donat forma. Que estrany \u00e9s que hagis d&#039;estar absent de la teva vida mentre canvio les meves atencions a dos nens petits que s\u00f3n molt semblants a nosaltres\u2026 No sentir\u00e9 pena per la meva abs\u00e8ncia per\u00f2 espero que s\u00e0pigues que ho sento tamb\u00e9.<\/p>\n<p style=\"\\\"text-align:\" justify;\\\">Espero que s\u00e0pigues que t&#039;he trobat a faltar avui.<\/p>\n<p style=\"\\\"text-align:\" justify;\\\">Mentre veig els meus dos fills\/germans ser germans junts, entenc el que ten\u00edem i tenim encara m\u00e9s que abans. No importa quant espai hi hagi entre nosaltres a les nostres vides, i no importa quantes trucades telef\u00f2niques ens faltin, la seva exist\u00e8ncia m&#039;ha fet qui s\u00f3c. La nostra uni\u00f3 no \u00e9s i mai no ha estat una elecci\u00f3 \u2013 \u00e9s inevitable, una llei de la naturalesa. Sense tu seria un yin sense yang, una esquerra sense una dreta, una nena sense la seva germana.<\/p>\n<p style=\"\\\"text-align:\" justify;\\\">Aquest cap de setmana, quan em vaig despertar amb la not\u00edcia d&#039;un altre incomprensible acte de covardia i barb\u00e0rie com\u00e8s a Londres, el meu cor es va ficar a la gola i vaig arribar abans que els meus ulls estiguessin oberts cap al meu tel\u00e8fon. Per descomptat que sabia que les possibilitats que t&#039;atrapen a l&#039;atac eren baixes, per\u00f2 fins i tot la idea de tanta viol\u00e8ncia perpetrada en un ve\u00efnat proper em congelava el meu est\u00f3mac. Hi \u00e9s i res no ho canviar\u00e0 mai.<\/p>\n<p style=\"\\\"text-align:\" justify;\\\">Aix\u00ed que la meva germana estimada \u2013 aquestes s\u00f3n les coses que mai semblen tenir temps per dir-te. Gr\u00e0cies per tot el que hem tingut entre nosaltres i per totes les coses que tindrem en el futur quan els nostres camins s&#039;acosten de nou, com no ho dubto. Gr\u00e0cies per estimar els meus dos petits tan fero\u00e7ment com tu nom\u00e9s saps fer-ho, malgrat que els tinguis tan lluny mai no em fas sentir culpable pels missatges que em van distreure i no van tornar, i per mai jutjar el cam\u00ed que he pres tot i que \u00e9s molt diferent del teu. Gr\u00e0cies per mantenir-me valorada i per enviar-me nova m\u00fasica i v\u00eddeos divertits de gats i gossos \u2013 l&#039;estima m\u00e9s del que penses. Gr\u00e0cies per ser el meu lloc suau per caure, el meu defensor m\u00e9s ferm, el meu salvador, m\u00e0 dreta, primera millor amiga, part\u00edcip d&#039;aventures, guardi\u00e0 de secrets, germaneta.<\/p>\n<p style=\"\\\"text-align:\" justify;\\\">T&#039;he trobat a faltar avui.<\/p>\n<p style=\"\\\"text-align:\" justify;\\\">Dedicat a Angela\u2026 la meva germaneta.<\/p>\n<p style=\"\\\"text-align:\" justify;\\\">\n<p style=\"\\\"text-align:\" justify;\\\">Text Adaptat per Cristina Oroz Bajo<\/p>\n<p style=\"\\\"text-align:\" justify;\\\">Font Original a <a href=\"\/ca\/\"https:>Littles Love and Sunshine.<\/a><\/p>\n<p style=\"\\\"text-align:\" justify;\\\"><img class=\"\\\"alignleft\" size-medium wp-image-481\\\" src=\"\\\"https:><\/p>\n<p>&nbsp;<\/p>","protected":false},"excerpt":{"rendered":"<p>A mi hermanita, \u00daltimamente mi juego de hermana menor ha estado apagado. Bueno, no \u00faltimamente. Ha pasado un tiempo. Creo [&hellip;]<\/p>\n","protected":false},"author":1,"featured_media":571,"comment_status":"open","ping_status":"open","sticky":false,"template":"","format":"standard","meta":{"site-sidebar-layout":"default","site-content-layout":"","ast-site-content-layout":"default","site-content-style":"default","site-sidebar-style":"default","ast-global-header-display":"","ast-banner-title-visibility":"","ast-main-header-display":"","ast-hfb-above-header-display":"","ast-hfb-below-header-display":"","ast-hfb-mobile-header-display":"","site-post-title":"","ast-breadcrumbs-content":"","ast-featured-img":"","footer-sml-layout":"","ast-disable-related-posts":"","theme-transparent-header-meta":"","adv-header-id-meta":"","stick-header-meta":"","header-above-stick-meta":"","header-main-stick-meta":"","header-below-stick-meta":"","astra-migrate-meta-layouts":"default","ast-page-background-enabled":"default","ast-page-background-meta":{"desktop":{"background-color":"","background-image":"","background-repeat":"repeat","background-position":"center center","background-size":"auto","background-attachment":"scroll","background-type":"","background-media":"","overlay-type":"","overlay-color":"","overlay-opacity":"","overlay-gradient":""},"tablet":{"background-color":"","background-image":"","background-repeat":"repeat","background-position":"center center","background-size":"auto","background-attachment":"scroll","background-type":"","background-media":"","overlay-type":"","overlay-color":"","overlay-opacity":"","overlay-gradient":""},"mobile":{"background-color":"","background-image":"","background-repeat":"repeat","background-position":"center center","background-size":"auto","background-attachment":"scroll","background-type":"","background-media":"","overlay-type":"","overlay-color":"","overlay-opacity":"","overlay-gradient":""}},"ast-content-background-meta":{"desktop":{"background-color":"var(--ast-global-color-5)","background-image":"","background-repeat":"repeat","background-position":"center center","background-size":"auto","background-attachment":"scroll","background-type":"","background-media":"","overlay-type":"","overlay-color":"","overlay-opacity":"","overlay-gradient":""},"tablet":{"background-color":"var(--ast-global-color-5)","background-image":"","background-repeat":"repeat","background-position":"center center","background-size":"auto","background-attachment":"scroll","background-type":"","background-media":"","overlay-type":"","overlay-color":"","overlay-opacity":"","overlay-gradient":""},"mobile":{"background-color":"var(--ast-global-color-5)","background-image":"","background-repeat":"repeat","background-position":"center center","background-size":"auto","background-attachment":"scroll","background-type":"","background-media":"","overlay-type":"","overlay-color":"","overlay-opacity":"","overlay-gradient":""}},"footnotes":""},"categories":[18],"tags":[],"class_list":["post-569","post","type-post","status-publish","format-standard","has-post-thumbnail","hentry","category-investigacion"],"_links":{"self":[{"href":"https:\/\/cristinaorozbajo.com\/ca\/wp-json\/wp\/v2\/posts\/569","targetHints":{"allow":["GET"]}}],"collection":[{"href":"https:\/\/cristinaorozbajo.com\/ca\/wp-json\/wp\/v2\/posts"}],"about":[{"href":"https:\/\/cristinaorozbajo.com\/ca\/wp-json\/wp\/v2\/types\/post"}],"author":[{"embeddable":true,"href":"https:\/\/cristinaorozbajo.com\/ca\/wp-json\/wp\/v2\/users\/1"}],"replies":[{"embeddable":true,"href":"https:\/\/cristinaorozbajo.com\/ca\/wp-json\/wp\/v2\/comments?post=569"}],"version-history":[{"count":0,"href":"https:\/\/cristinaorozbajo.com\/ca\/wp-json\/wp\/v2\/posts\/569\/revisions"}],"wp:featuredmedia":[{"embeddable":true,"href":"https:\/\/cristinaorozbajo.com\/ca\/wp-json\/wp\/v2\/media\/571"}],"wp:attachment":[{"href":"https:\/\/cristinaorozbajo.com\/ca\/wp-json\/wp\/v2\/media?parent=569"}],"wp:term":[{"taxonomy":"category","embeddable":true,"href":"https:\/\/cristinaorozbajo.com\/ca\/wp-json\/wp\/v2\/categories?post=569"},{"taxonomy":"post_tag","embeddable":true,"href":"https:\/\/cristinaorozbajo.com\/ca\/wp-json\/wp\/v2\/tags?post=569"}],"curies":[{"name":"wp","href":"https:\/\/api.w.org\/{rel}","templated":true}]}}