{"id":583,"date":"2017-07-18T10:29:21","date_gmt":"2017-07-18T09:29:21","guid":{"rendered":"https:\/\/cristinaorozbajo.com\/la-ninez\/"},"modified":"2017-07-18T10:29:21","modified_gmt":"2017-07-18T09:29:21","slug":"la-ninez","status":"publish","type":"post","link":"https:\/\/cristinaorozbajo.com\/ca\/la-ninez\/","title":{"rendered":"La infantesa"},"content":{"rendered":"<h5><em>La infantesa\u2026<\/em><\/h5>\n<div id=\"\\\"js-block-6909810\\\"\">\n<p><em>Aquell moment quan miraves les estrelles per trobar la teva.<\/em><\/p>\n<p><em>Quan l&#039;\u00fanic que feia mal era una esgarrinxada als genolls.<\/em><\/p>\n<p><em>Aquella \u00e8poca en qu\u00e8 per aconseguir alguna cosa nom\u00e9s cr\u00e8iem haver d&#039;imaginar-ho amb totes les nostres forces.<\/em><\/p>\n<p><em>Quan tenies la capacitat de posar-te content sense motiu i estar sempre ocupat amb alguna cosa.<\/em><\/p>\n<p><em>Ser ingenu i amant de la just\u00edcia on tot ho solucionaves abra\u00e7ant fortament el teu peluix.<\/em><\/p>\n<p><em>On un insult era treure la llengua i arrufar les celles.<\/em><\/p>\n<p><em>On mai no guardaves res per a una ocasi\u00f3 especial.<\/em><\/p>\n<p><em>On n&#039;hi havia prou amb una mentida per posar en dubte totes les teves veritats.<\/em><\/p>\n<p><em>Aquest estat de consci\u00e8ncia acaba el dia que veus un toll com un obstacle i no com una oportunitat.<\/em><\/p>\n<p><em>El dia que t&#039;adorms al sof\u00e0 i no despertes al llit.<\/em><\/p>\n<p><em>Els nens no s\u00f3n ampolles que cal emplenar sin\u00f3 focs que cal encendre <\/em><\/p>\n<p><em>en aquell moment en qu\u00e8 s&#039;obre la porta per deixar entrar el futur.<\/em><\/p>\n<p><em>Si portes la inf\u00e0ncia amb tu\u2026 mai no envellir\u00e0s.<\/em><\/p>\n<p><img class=\"\\\"alignleft\" size-medium wp-image-585\\\" src=\"\\\"https:><\/p>\n<p>Cristina Oroz Baix<\/p>\n<p><img class=\"\\\"alignleft\" size-medium wp-image-481\\\" src=\"\\\"https:><\/p>\n<\/div>","protected":false},"excerpt":{"rendered":"<p>La ni\u00f1ez&#8230; Ese momento cuando mirabas las estrellas con el fin de encontrar la tuya. Cuando\u00a0lo \u00fanico que dol\u00eda era [&hellip;]<\/p>\n","protected":false},"author":1,"featured_media":584,"comment_status":"open","ping_status":"open","sticky":false,"template":"","format":"standard","meta":{"site-sidebar-layout":"default","site-content-layout":"","ast-site-content-layout":"default","site-content-style":"default","site-sidebar-style":"default","ast-global-header-display":"","ast-banner-title-visibility":"","ast-main-header-display":"","ast-hfb-above-header-display":"","ast-hfb-below-header-display":"","ast-hfb-mobile-header-display":"","site-post-title":"","ast-breadcrumbs-content":"","ast-featured-img":"","footer-sml-layout":"","ast-disable-related-posts":"","theme-transparent-header-meta":"","adv-header-id-meta":"","stick-header-meta":"","header-above-stick-meta":"","header-main-stick-meta":"","header-below-stick-meta":"","astra-migrate-meta-layouts":"default","ast-page-background-enabled":"default","ast-page-background-meta":{"desktop":{"background-color":"","background-image":"","background-repeat":"repeat","background-position":"center center","background-size":"auto","background-attachment":"scroll","background-type":"","background-media":"","overlay-type":"","overlay-color":"","overlay-opacity":"","overlay-gradient":""},"tablet":{"background-color":"","background-image":"","background-repeat":"repeat","background-position":"center center","background-size":"auto","background-attachment":"scroll","background-type":"","background-media":"","overlay-type":"","overlay-color":"","overlay-opacity":"","overlay-gradient":""},"mobile":{"background-color":"","background-image":"","background-repeat":"repeat","background-position":"center center","background-size":"auto","background-attachment":"scroll","background-type":"","background-media":"","overlay-type":"","overlay-color":"","overlay-opacity":"","overlay-gradient":""}},"ast-content-background-meta":{"desktop":{"background-color":"var(--ast-global-color-5)","background-image":"","background-repeat":"repeat","background-position":"center center","background-size":"auto","background-attachment":"scroll","background-type":"","background-media":"","overlay-type":"","overlay-color":"","overlay-opacity":"","overlay-gradient":""},"tablet":{"background-color":"var(--ast-global-color-5)","background-image":"","background-repeat":"repeat","background-position":"center center","background-size":"auto","background-attachment":"scroll","background-type":"","background-media":"","overlay-type":"","overlay-color":"","overlay-opacity":"","overlay-gradient":""},"mobile":{"background-color":"var(--ast-global-color-5)","background-image":"","background-repeat":"repeat","background-position":"center center","background-size":"auto","background-attachment":"scroll","background-type":"","background-media":"","overlay-type":"","overlay-color":"","overlay-opacity":"","overlay-gradient":""}},"footnotes":""},"categories":[29],"tags":[90,19,20,21,22,23,91,24,25,16,26,27,28],"class_list":["post-583","post","type-post","status-publish","format-standard","has-post-thumbnail","hentry","category-supermadres","tag-acompanamiento","tag-autoconocimiento","tag-crecimiento-personal","tag-crianza","tag-crisis","tag-educacion","tag-educacion-infantil","tag-madre","tag-maternidad","tag-ninos","tag-padre","tag-paternidad","tag-psicologia-positiva"],"_links":{"self":[{"href":"https:\/\/cristinaorozbajo.com\/ca\/wp-json\/wp\/v2\/posts\/583","targetHints":{"allow":["GET"]}}],"collection":[{"href":"https:\/\/cristinaorozbajo.com\/ca\/wp-json\/wp\/v2\/posts"}],"about":[{"href":"https:\/\/cristinaorozbajo.com\/ca\/wp-json\/wp\/v2\/types\/post"}],"author":[{"embeddable":true,"href":"https:\/\/cristinaorozbajo.com\/ca\/wp-json\/wp\/v2\/users\/1"}],"replies":[{"embeddable":true,"href":"https:\/\/cristinaorozbajo.com\/ca\/wp-json\/wp\/v2\/comments?post=583"}],"version-history":[{"count":0,"href":"https:\/\/cristinaorozbajo.com\/ca\/wp-json\/wp\/v2\/posts\/583\/revisions"}],"wp:featuredmedia":[{"embeddable":true,"href":"https:\/\/cristinaorozbajo.com\/ca\/wp-json\/wp\/v2\/media\/584"}],"wp:attachment":[{"href":"https:\/\/cristinaorozbajo.com\/ca\/wp-json\/wp\/v2\/media?parent=583"}],"wp:term":[{"taxonomy":"category","embeddable":true,"href":"https:\/\/cristinaorozbajo.com\/ca\/wp-json\/wp\/v2\/categories?post=583"},{"taxonomy":"post_tag","embeddable":true,"href":"https:\/\/cristinaorozbajo.com\/ca\/wp-json\/wp\/v2\/tags?post=583"}],"curies":[{"name":"wp","href":"https:\/\/api.w.org\/{rel}","templated":true}]}}