{"id":594,"date":"2017-08-22T15:55:39","date_gmt":"2017-08-22T14:55:39","guid":{"rendered":"https:\/\/cristinaorozbajo.com\/5-dedos-que-todo-padre-tiene-en-su-mano-dime-que-no-sabes-como-hacerlo-dime-que-no-te-resuena\/"},"modified":"2017-08-22T15:55:39","modified_gmt":"2017-08-22T14:55:39","slug":"5-dits-que-tot-pare-te-a-la-ma-digues-me-que-no-saps-com-fer-ho-digues-me-que-no-et-ressona","status":"publish","type":"post","link":"https:\/\/cristinaorozbajo.com\/ca\/5-dits-que-tot-pare-te-a-la-ma-digues-me-que-no-saps-com-fer-ho-digues-me-que-no-et-ressona\/","title":{"rendered":"5 dits que tot pare t\u00e9 a la m\u00e0 per motivar els seus fills\u2026digues-me que no saps com fer-ho, digues-me que no et ressona."},"content":{"rendered":"<p style=\"\\\"text-align:\" justify;\\\"><strong>Motivaci\u00f3?! No t&#039;explicar\u00e9 res de nou, res que no s\u00e0pigues. Busques eines que ja tens, llibres d&#039;instruccions que ja vas llegir milions de vegades, treu-te la bena i digues-me que no saps com fer-ho, que no et ressona, que no vas caure en aquests 5 dits que tot pare t\u00e9 a la m\u00e0 per motivar els seus fills\u2026<\/strong><\/p>\n<ol style=\"\\\"text-align:\" justify;\\\">\n<li><strong> Coneix<\/strong> als teus fills, converteix-te en el millor observador, per\u00f2 de deb\u00f2 vinga! com a pares tendim a confondre entre ideal i realitat, hem reflexionat tant en com volem que siguin els nostres fills que hem oblidat llegir-los, con\u00e8ixer-los, cadascun \u00e9s \u00fanic, irrepetible, i t\u00e9 unes necessitats diferents, ens trobem amb nens auditius que tot els entra pel canal verbal, els visuals que s\u00f3n esponges perceptives i quinesiol\u00f2gics que necessiten fer, experimentar.<\/li>\n<\/ol>\n<ol style=\"\\\"text-align:\" justify;\\\" start=\"\\\"2\\\"\">\n<li><strong> Diversi\u00f3, <\/strong>si el teu fill es diverteix est\u00e0 motivat, aprenent i creixent d&#039;una manera global, sempre ser\u00e0 significatiu i el guardar\u00e0 a la mem\u00f2ria de les experi\u00e8ncies positives a recordar com a snacks de motivaci\u00f3 per treure en qualsevol moment. Els contes, la imaginaci\u00f3, les nostres experi\u00e8ncies com a nens, la curiositat, el misteri, la sorpresa i la m\u00e0gia tenyeixen les experi\u00e8ncies m\u00e9s motivadores. Al m\u00f3n adult amb aix\u00f2 que anomenem madurar, hem perdut moltes eines perqu\u00e8 som \u00e9ssers de rutines que no juguen, ni se sorprenen i curts d&#039;imaginaci\u00f3 aix\u00ed que agafa el vidre m\u00e9s fort que trobis i treu-te l&#039;\u00f2xid i troba tots aquests personatges que viuen dins nostre sin\u00f3 ells mai seran capa\u00e7os de veure&#039;ls.<\/li>\n<\/ol>\n<ol style=\"\\\"text-align:\" justify;\\\" start=\"\\\"3\\\"\">\n<li><strong> <img class=\"\\\"alignleft\" wp-image-596\\\" src=\"\\\"https:>Coher\u00e8ncia<\/strong> en tu, com a model no pots predicar una cosa i fer-ne una altra, sembra l&#039;actitud positiva, sempre a m\u00e0 amb el teu millor somriure reconeix l&#039;esfor\u00e7 del teu petit sense establir mai comparacions i donant tot el suport que necessiti perqu\u00e8\u2026 fa dos dies feien els seus primers passos i ara crides que vols maduresa, independ\u00e8ncia, responsabilitat, bones maneres que creguis a persona somies per a ells perqu\u00e8 encara ets a temps quan es tracta d&#039;all\u00f2 m\u00e9s important, fes que el m\u00e9s important sigui el m\u00e9s important.<\/li>\n<\/ol>\n<ol style=\"\\\"text-align:\" justify;\\\" start=\"\\\"4\\\"\">\n<li><strong> Explica<\/strong> el perqu\u00e8 de les coses, mostra l&#039;error com una oportunitat no com un frac\u00e0s, fes que decideixi, repte&#039;l a participar, a analitzar les situacions, els problemes, les dificultats, les possibles millores que faria en les din\u00e0miques familiars\u2026 Parla, parla i despr\u00e9s parla sigues el millor comunicador que hagin conegut.<\/li>\n<\/ol>\n<ol style=\"\\\"text-align:\" justify;\\\" start=\"\\\"5\\\"\">\n<li><strong> Moviment i acci\u00f3. <\/strong>Cal moure&#039;s perqu\u00e8 el moviment es demostra caminant, camina amb el teu fill sense importar el dest\u00ed, apr\u00e8n a parar-te a cada cantonada sense deixar passar oportunitats de compartir qualsevol moment, els nens en moviment s\u00f3n m\u00e0quines d&#039;imaginar, robots de con\u00e8ixer, eines d&#039;explorar i lluitem contra tot aquest ex\u00e8rcit tirant dels seus bra\u00e7os perqu\u00e8 cal arribar al dest\u00ed sense mirar del cam\u00ed, busques eines com tens com cada dia el seu model copia de nosaltres mateixos.<\/li>\n<\/ol>\n<p style=\"\\\"text-align:\" justify;\\\"><strong>\u00a0Cristina Oroz Baix<\/strong><\/p>\n<p style=\"\\\"text-align:\" justify;\\\"><img class=\"\\\"alignleft\" size-medium wp-image-481\\\" src=\"\\\"https:><\/p>","protected":false},"excerpt":{"rendered":"<p>Motivaci\u00f3n?! Nada nuevo te contar\u00e9, nada que no sepas. Buscas herramientas que ya tienes, libros de instrucciones que ya le\u00edste [&hellip;]<\/p>\n","protected":false},"author":1,"featured_media":595,"comment_status":"open","ping_status":"open","sticky":false,"template":"","format":"standard","meta":{"site-sidebar-layout":"default","site-content-layout":"","ast-site-content-layout":"default","site-content-style":"default","site-sidebar-style":"default","ast-global-header-display":"","ast-banner-title-visibility":"","ast-main-header-display":"","ast-hfb-above-header-display":"","ast-hfb-below-header-display":"","ast-hfb-mobile-header-display":"","site-post-title":"","ast-breadcrumbs-content":"","ast-featured-img":"","footer-sml-layout":"","ast-disable-related-posts":"","theme-transparent-header-meta":"","adv-header-id-meta":"","stick-header-meta":"","header-above-stick-meta":"","header-main-stick-meta":"","header-below-stick-meta":"","astra-migrate-meta-layouts":"default","ast-page-background-enabled":"default","ast-page-background-meta":{"desktop":{"background-color":"","background-image":"","background-repeat":"repeat","background-position":"center center","background-size":"auto","background-attachment":"scroll","background-type":"","background-media":"","overlay-type":"","overlay-color":"","overlay-opacity":"","overlay-gradient":""},"tablet":{"background-color":"","background-image":"","background-repeat":"repeat","background-position":"center center","background-size":"auto","background-attachment":"scroll","background-type":"","background-media":"","overlay-type":"","overlay-color":"","overlay-opacity":"","overlay-gradient":""},"mobile":{"background-color":"","background-image":"","background-repeat":"repeat","background-position":"center center","background-size":"auto","background-attachment":"scroll","background-type":"","background-media":"","overlay-type":"","overlay-color":"","overlay-opacity":"","overlay-gradient":""}},"ast-content-background-meta":{"desktop":{"background-color":"var(--ast-global-color-5)","background-image":"","background-repeat":"repeat","background-position":"center center","background-size":"auto","background-attachment":"scroll","background-type":"","background-media":"","overlay-type":"","overlay-color":"","overlay-opacity":"","overlay-gradient":""},"tablet":{"background-color":"var(--ast-global-color-5)","background-image":"","background-repeat":"repeat","background-position":"center center","background-size":"auto","background-attachment":"scroll","background-type":"","background-media":"","overlay-type":"","overlay-color":"","overlay-opacity":"","overlay-gradient":""},"mobile":{"background-color":"var(--ast-global-color-5)","background-image":"","background-repeat":"repeat","background-position":"center center","background-size":"auto","background-attachment":"scroll","background-type":"","background-media":"","overlay-type":"","overlay-color":"","overlay-opacity":"","overlay-gradient":""}},"footnotes":""},"categories":[29],"tags":[19,20,21,22,23,24,25,26,27,28],"class_list":["post-594","post","type-post","status-publish","format-standard","has-post-thumbnail","hentry","category-supermadres","tag-autoconocimiento","tag-crecimiento-personal","tag-crianza","tag-crisis","tag-educacion","tag-madre","tag-maternidad","tag-padre","tag-paternidad","tag-psicologia-positiva"],"_links":{"self":[{"href":"https:\/\/cristinaorozbajo.com\/ca\/wp-json\/wp\/v2\/posts\/594","targetHints":{"allow":["GET"]}}],"collection":[{"href":"https:\/\/cristinaorozbajo.com\/ca\/wp-json\/wp\/v2\/posts"}],"about":[{"href":"https:\/\/cristinaorozbajo.com\/ca\/wp-json\/wp\/v2\/types\/post"}],"author":[{"embeddable":true,"href":"https:\/\/cristinaorozbajo.com\/ca\/wp-json\/wp\/v2\/users\/1"}],"replies":[{"embeddable":true,"href":"https:\/\/cristinaorozbajo.com\/ca\/wp-json\/wp\/v2\/comments?post=594"}],"version-history":[{"count":0,"href":"https:\/\/cristinaorozbajo.com\/ca\/wp-json\/wp\/v2\/posts\/594\/revisions"}],"wp:featuredmedia":[{"embeddable":true,"href":"https:\/\/cristinaorozbajo.com\/ca\/wp-json\/wp\/v2\/media\/595"}],"wp:attachment":[{"href":"https:\/\/cristinaorozbajo.com\/ca\/wp-json\/wp\/v2\/media?parent=594"}],"wp:term":[{"taxonomy":"category","embeddable":true,"href":"https:\/\/cristinaorozbajo.com\/ca\/wp-json\/wp\/v2\/categories?post=594"},{"taxonomy":"post_tag","embeddable":true,"href":"https:\/\/cristinaorozbajo.com\/ca\/wp-json\/wp\/v2\/tags?post=594"}],"curies":[{"name":"wp","href":"https:\/\/api.w.org\/{rel}","templated":true}]}}