{"id":681,"date":"2018-02-23T12:59:40","date_gmt":"2018-02-23T11:59:40","guid":{"rendered":"https:\/\/cristinaorozbajo.com\/la-vida-en-ocasiones-nos-detiene-y-para-nuestros-pies-porque-olvidamos-que-tambien-podemos-utilizar-nuestras-alas\/"},"modified":"2018-02-23T12:59:40","modified_gmt":"2018-02-23T11:59:40","slug":"la-vida-de-vegades-ens-atura-i-pels-nostres-peus-perque-oblidem-que-tambe-podem-utilitzar-les-nostres-ales","status":"publish","type":"post","link":"https:\/\/cristinaorozbajo.com\/ca\/la-vida-de-vegades-ens-atura-i-pels-nostres-peus-perque-oblidem-que-tambe-podem-utilitzar-les-nostres-ales\/","title":{"rendered":"La vida de vegades ens atura i pels nostres peus perqu\u00e8 oblidem que tamb\u00e9 podem utilitzar les nostres ales."},"content":{"rendered":"<p>Descobrir el que tenim nom\u00e9s podrem fer-ho si obrim les nostres mans per veure el que hi ha dins, \u00e9s on \u00e9s tot el que est\u00e0 a m\u00e0, el que necessitem, canviant els nostres pensaments, els sentiments i sensacions que projecten al nostre entorn com un reflex en un riu. Perdem l&#039;al\u00e8 analistes sense treva del nostre entorn, del comportament i de les reaccions dels altres. Cr\u00edtics amb duresa inigualable envers all\u00f2 extern, plens de queixes i retrets creient assumint la responsabilitat recau fora de nosaltres, intocables, c\u00f2modes i aliens a tot el que passa. Tu ets l&#039;\u00fanica persona responsable de com et sents perqu\u00e8 el que penses sempre \u00e9s m\u00e9s important que el que pensin els altres. Perqu\u00e8 deixem als altres la fat\u00eddica decisi\u00f3 que determina la nostra vida?<\/p>\n<p>Estem equivocats si creiem que per arribar a dalt de tot de la muntanya cal superar els altres perqu\u00e8 l&#039;\u00fanica manera d&#039;assolir-la \u00e9s superant-nos nosaltres mateixos. La vida \u00e9s un Ress\u00f2\u2026 all\u00f2 que envies torna, all\u00f2 que sembres \u00e9s all\u00f2 que reculls i all\u00f2 que d\u00f3nes \u00e9s all\u00f2 que reps. El que veus en els altres existeix en tu, aix\u00ed que si no t&#039;agrada all\u00f2 que torna, all\u00f2 que reculls, all\u00f2 que reps comen\u00e7a a analitzar i canviar all\u00f2 que envies, all\u00f2 que sembres i all\u00f2 que d\u00f3nes. Perqu\u00e8 qui vol fer alguna cosa troba els mitjans i qui no vol fer res troba les excuses. La vida \u00e9s una guerra constant entre triar fer feli\u00e7os els altres per\u00f2 sense descuidar la teva pr\u00f2pia felicitat i aqu\u00ed \u00e9s on ens trobem generalment; descuidats, irresponsables, inactius i bloquejats volent canviar all\u00f2 que no ens competeix, all\u00f2 extern, a l&#039;altre.<\/p>\n<p>Ning\u00fa pot negar que tot \u00e9s dif\u00edcil abans de ser f\u00e0cil i que molts fracassos vitals s\u00f3n de gent que no es van adonar de com estaven de prop de l&#039;\u00e8xit quan es van rendir. Cada persona t\u00e9 la seva hist\u00f2ria i cadasc\u00fa sap quant li pesen i li fan mal les ferides per\u00f2 no podem deixar que pensin tant que ens immobilitzin i bloquegin el nostre caminar aix\u00ed que agafa les regnes de la teva vida perqu\u00e8 hi ha un dolor que et fa mal per\u00f2 tamb\u00e9 n&#039;hi ha un altre que et canvia.<\/p>\n<p>Aix\u00ed que comen\u00e7a avui, per a la teva rentadora cerebral, dirigeix els teus pensaments, aquells que lluiten i s&#039;empenyen en el teu cervell, negatius, queixosos, cr\u00edtics i ordena&#039;ls donant-los el sentit positiu, productiu i proactiu que vols que tinguin, mesura les paraules que penses, els discursos que et donis i que tinguin el missatge clar, amb tu, que no t&#039;acosta on vols estar. Obliga&#039;l a ser noble perqu\u00e8 mai humili\u00ef, a ser humil perqu\u00e8 no ofengui, ia ser fort perqu\u00e8 no destrueixi. far\u00e0 avan\u00e7ar i estar m\u00e9s a prop de la persona que realment vols ser i, en conseq\u00fc\u00e8ncia, envoltada de tot el que realment vols. No creus?<\/p>\n<p>&nbsp;<\/p>\n<p>Cristina Oroz Baix<\/p>\n<p><img class=\"\\\"alignleft\" size-medium wp-image-481\\\" src=\"\\\"https:><\/p>","protected":false},"excerpt":{"rendered":"<p>Descubrir lo que tenemos s\u00f3lo podremos hacerlo si abrimos nuestras manos para ver lo que hay dentro, es donde est\u00e1 [&hellip;]<\/p>\n","protected":false},"author":1,"featured_media":682,"comment_status":"open","ping_status":"open","sticky":false,"template":"","format":"standard","meta":{"site-sidebar-layout":"default","site-content-layout":"","ast-site-content-layout":"default","site-content-style":"default","site-sidebar-style":"default","ast-global-header-display":"","ast-banner-title-visibility":"","ast-main-header-display":"","ast-hfb-above-header-display":"","ast-hfb-below-header-display":"","ast-hfb-mobile-header-display":"","site-post-title":"","ast-breadcrumbs-content":"","ast-featured-img":"","footer-sml-layout":"","ast-disable-related-posts":"","theme-transparent-header-meta":"","adv-header-id-meta":"","stick-header-meta":"","header-above-stick-meta":"","header-main-stick-meta":"","header-below-stick-meta":"","astra-migrate-meta-layouts":"default","ast-page-background-enabled":"default","ast-page-background-meta":{"desktop":{"background-color":"","background-image":"","background-repeat":"repeat","background-position":"center center","background-size":"auto","background-attachment":"scroll","background-type":"","background-media":"","overlay-type":"","overlay-color":"","overlay-opacity":"","overlay-gradient":""},"tablet":{"background-color":"","background-image":"","background-repeat":"repeat","background-position":"center center","background-size":"auto","background-attachment":"scroll","background-type":"","background-media":"","overlay-type":"","overlay-color":"","overlay-opacity":"","overlay-gradient":""},"mobile":{"background-color":"","background-image":"","background-repeat":"repeat","background-position":"center center","background-size":"auto","background-attachment":"scroll","background-type":"","background-media":"","overlay-type":"","overlay-color":"","overlay-opacity":"","overlay-gradient":""}},"ast-content-background-meta":{"desktop":{"background-color":"var(--ast-global-color-5)","background-image":"","background-repeat":"repeat","background-position":"center center","background-size":"auto","background-attachment":"scroll","background-type":"","background-media":"","overlay-type":"","overlay-color":"","overlay-opacity":"","overlay-gradient":""},"tablet":{"background-color":"var(--ast-global-color-5)","background-image":"","background-repeat":"repeat","background-position":"center center","background-size":"auto","background-attachment":"scroll","background-type":"","background-media":"","overlay-type":"","overlay-color":"","overlay-opacity":"","overlay-gradient":""},"mobile":{"background-color":"var(--ast-global-color-5)","background-image":"","background-repeat":"repeat","background-position":"center center","background-size":"auto","background-attachment":"scroll","background-type":"","background-media":"","overlay-type":"","overlay-color":"","overlay-opacity":"","overlay-gradient":""}},"footnotes":""},"categories":[29],"tags":[20,103,87,104,105,106,107],"class_list":["post-681","post","type-post","status-publish","format-standard","has-post-thumbnail","hentry","category-supermadres","tag-crecimiento-personal","tag-determinacion","tag-felicidad","tag-pensamiento-positivo","tag-psicologia","tag-reflexion","tag-vida"],"_links":{"self":[{"href":"https:\/\/cristinaorozbajo.com\/ca\/wp-json\/wp\/v2\/posts\/681","targetHints":{"allow":["GET"]}}],"collection":[{"href":"https:\/\/cristinaorozbajo.com\/ca\/wp-json\/wp\/v2\/posts"}],"about":[{"href":"https:\/\/cristinaorozbajo.com\/ca\/wp-json\/wp\/v2\/types\/post"}],"author":[{"embeddable":true,"href":"https:\/\/cristinaorozbajo.com\/ca\/wp-json\/wp\/v2\/users\/1"}],"replies":[{"embeddable":true,"href":"https:\/\/cristinaorozbajo.com\/ca\/wp-json\/wp\/v2\/comments?post=681"}],"version-history":[{"count":0,"href":"https:\/\/cristinaorozbajo.com\/ca\/wp-json\/wp\/v2\/posts\/681\/revisions"}],"wp:featuredmedia":[{"embeddable":true,"href":"https:\/\/cristinaorozbajo.com\/ca\/wp-json\/wp\/v2\/media\/682"}],"wp:attachment":[{"href":"https:\/\/cristinaorozbajo.com\/ca\/wp-json\/wp\/v2\/media?parent=681"}],"wp:term":[{"taxonomy":"category","embeddable":true,"href":"https:\/\/cristinaorozbajo.com\/ca\/wp-json\/wp\/v2\/categories?post=681"},{"taxonomy":"post_tag","embeddable":true,"href":"https:\/\/cristinaorozbajo.com\/ca\/wp-json\/wp\/v2\/tags?post=681"}],"curies":[{"name":"wp","href":"https:\/\/api.w.org\/{rel}","templated":true}]}}