{"id":719,"date":"2018-06-21T16:35:47","date_gmt":"2018-06-21T15:35:47","guid":{"rendered":"https:\/\/cristinaorozbajo.com\/video-modeling-e-historias-sociales-en-la-ensenanza-de-habilidades-sociales-para-personas-con-discapacidad-intelectual\/"},"modified":"2018-06-21T16:35:47","modified_gmt":"2018-06-21T15:35:47","slug":"video-modeling-i-histories-socials-en-lensenyament-dhabilitats-socials-per-a-persones-amb-discapacitat-intel%c2%b7lectual","status":"publish","type":"post","link":"https:\/\/cristinaorozbajo.com\/ca\/video-modeling-i-histories-socials-en-lensenyament-dhabilitats-socials-per-a-persones-amb-discapacitat-intel%c2%b7lectual\/","title":{"rendered":"Video Modeling i Hist\u00f2ries Socials a l&#039;Ensenyament d&#039;Habilitats Socials per a persones amb Discapacitat Intel\u00b7lectual."},"content":{"rendered":"<p>&nbsp;<\/p>\n<p>El prop\u00f2sit daquest estudi va ser investigar <strong>l&#039;efectivitat del modelatge de v\u00eddeo presentat per ordinador i les hist\u00f2ries socials<\/strong> com a paquet d&#039;intervenci\u00f3 per a l&#039;ensenyament d&#039;habilitats socials a persones amb discapacitats intel\u00b7lectuals a l&#039;adultesa emergent. A m\u00e9s, fent servir un enfocament d&#039;avaluaci\u00f3 subjectiva, les dades de validesa social per a l&#039;estudi es van obtenir dels participants amb discapacitat intel\u00b7lectual a trav\u00e9s d&#039;entrevistes semiestructurades i dels professors dels participants fent servir un Q\u00fcestionari de Validesa Social.<\/p>\n<p>D&#039;acord amb les troballes de l&#039;estudi\u2026<\/p>\n<ol>\n<li>Les persones amb discapacitats intel\u00b7lectuals a l&#039;adultesa emergent havien adquirit l&#039;habilitat social desitjada com a conseq\u00fc\u00e8ncia d&#039;aquest paquet d&#039;intervenci\u00f3;<\/li>\n<li>Van poder mantenir l&#039;habilitat social adquirida una i quatre setmanes despr\u00e9s que es complet\u00e9s l&#039;estudi, i\u2026<\/li>\n<li>Generalitzaren aquesta habilitat a trav\u00e9s d&#039;entorns, condicions i persones.<\/li>\n<\/ol>\n<p>&nbsp;<\/p>\n<p>Les troballes de <strong>validesa social<\/strong> recopilats a trav\u00e9s de l&#039;enfocament d&#039;avaluaci\u00f3 subjectiva van revelar que els participants i els professors dels participants tenien opinions positives sobre l&#039;habilitat objectiu, els paquets d&#039;intervenci\u00f3 i els resultats de l&#039;estudi en dues formes: criteris emp\u00edrics i criteris cl\u00ednics. intervenci\u00f3 va ser efectiu en l&#039;ensenyament d&#039;habilitats socials espec\u00edfiques als participants. Aquesta troballa compleix amb les troballes a l&#039;estudi que va investigar l&#039;efectivitat del modelatge de v\u00eddeo, hist\u00f2ries socials i intervencions combinades que presenten models de v\u00eddeo i hist\u00f2ries socials junts sobre habilitats socials (Cigrand, 2011; Kagohara et al., 201 2012; Ol\u00e7ay-G\u00fcl \u200b\u200bi Vuran, 2010; Sansosti i Powell-Smith, 2008; v\u00eddeo presentat per ordinador i hist\u00f2ries socials) i caracter\u00edstiques del model de parells (el model de parells) tamb\u00e9 va tenir discapacitat intel\u00b7lectual) Per tant, es considera que lestudi contribueix a la literatura gr\u00e0cies a aquestes caracter\u00edstiques.<\/p>\n<p>&nbsp;<\/p>\n<p>A m\u00e9s, es creu que l&#039;estudi pot guiar les fam\u00edlies, mestres i experts en termes de mostrar que els estudiants en edat adulta no poden beneficiar-se de les oportunitats naturals d&#039;aprenentatge de les expressions socials que generalment senten a la vida quotidiana; experts en termes de mostrar que un individu pot aprendre conductes i habilitats apropiades no nom\u00e9s dels seus companys amb desenvolupament t\u00edpic sin\u00f3 tamb\u00e9 dels seus parells amb discapacitat intel\u00b7lectual.<\/p>\n<p>&nbsp;<\/p>\n<p>Les dades de <strong>manteniment<\/strong> es van recollir una i quatre setmanes despr\u00e9s que es va completar lestudi. Les dades de manteniment van revelar que les habilitats socials objectiu adquirides pels participants s&#039;havien mantingut despr\u00e9s de la finalitzaci\u00f3 de la intervenci\u00f3. Les dades de manteniment recopilades de molts estudis que van examinar l&#039;efectivitat de les intervencions usant video modeling, Social Stories, o la combinaci\u00f3 de tots dos van mostrar que els participants havien mantingut les habilitats adquirides despr\u00e9s que va finalitzar la intervenci\u00f3 (Akmano\u011flu &amp; Tekin-\u0130ftar 2011; Bidwell &amp; Rehfeldt, 2004, 2004; 2003; 2003; 2003; Sansosti i Powell-Smith, 2008; Schenider i Goldstein, 2004; Washburn, 2006; Les troballes de manteniment d&#039;aquest estudi van ser semblants a les troballes d&#039;altres investigacions; aix\u00f2 recolza les troballes a la literatura. La intervenci\u00f3 no va finalitzar despr\u00e9s d&#039;assolir el primer criteri, sin\u00f3 que va continuar fins que es va observar que es mantenia el comportament. Aquesta situaci\u00f3 es considera efectiva per garantir-ne el manteniment. A m\u00e9s, fer la intervenci\u00f3 en entorns naturals i utilitzar antecedent i conseq\u00fc\u00e8ncies naturals pot contribuir a mantenir les habilitats adquirides.<\/p>\n<p>Les dades de <strong>generalitzaci\u00f3<\/strong> tamb\u00e9 es van recollir dels participants durant lestudi. A les sessions de generalitzaci\u00f3 realitzades amb els participants, es van recopilar les dades de les proves pr\u00e8vies i posteriors a la prova en relaci\u00f3 amb si els participants havien generalitzat les seves habilitats adquirides en entorns, condicions i persones. D&#039;acord amb les troballes de l&#039;estudi, els participants havien generalitzat les habilitats adquirides amb una precisi\u00f3 del 100%. Aquesta troballa compleix les troballes de generalitzaci\u00f3 obtingudes de l&#039;estudi en qu\u00e8 es va utilitzar un v\u00eddeo modelat, hist\u00f2ria social o model de v\u00eddeo combinat i hist\u00f2ria social (Akmano\u011flu i Tekin-\u0130ftar 2011, Bernad-Ripoll, 2007; Delano, 2003; Delano &amp; Snell, 2005; 2003; 2007; 2008; Smith, 2001). Un altre punt relacionat amb les dades de generalitzaci\u00f3 obtingudes va ser l&#039;\u00fas d&#039;iteracions naturals a l&#039;estudi (Tekin-\u0130ftar, 2012c). L&#039;estudi es va fer amb reiteracions naturals, i el seu efecte es va mesurar en participants individuals i en tots els participants. A m\u00e9s, les intervencions de lestudi es van dur a terme davant de diferents persones. Aquesta situaci\u00f3 tamb\u00e9 es considera efica\u00e7 per generalitzar les habilitats adquirides entre diferents persones. A causa de tot aix\u00f2, les caracter\u00edstiques de generalitzaci\u00f3 i les troballes de l&#039;estudi es poden considerar punts forts de l&#039;estudi, i aquestes troballes donen suport a la literatura relacionada.<\/p>\n<p>Com es va esmentar anteriorment, les dades de lestudi tamb\u00e9 es van avaluar en termes de criteris cl\u00ednics. En els mesuraments de criteris cl\u00ednics, la import\u00e0ncia de l&#039;efecte obtingut per la intervenci\u00f3 en termes tant dels participants com de les persones al seu voltant es va avaluar mitjan\u00e7ant la recopilaci\u00f3 de dades de <strong>validesa social<\/strong>. Les troballes de validesa social recopilades dels professors i els participants tamb\u00e9 van revelar que els participants i els docents havien considerat que les habilitats que s&#039;ensenyaven a l&#039;estudi eren significatives i \u00fatils. D\u201facord amb les dades de validesa social recopilades dels participants relacionats amb el paquet d\u201fintervenci\u00f3 de l\u201festudi, els participants van declarar que havien trobat el paquet d\u201fintervenci\u00f3 emprat durant l\u201fentrenament entretingut; els va agradar molt el paquet dintervenci\u00f3 i volien aprendre diferents habilitats utilitzant la mateixa estrat\u00e8gia. Les dades de validesa social recopilades dels mestres van revelar que els mestres van considerar que el paquet dintervenci\u00f3 era f\u00e0cil dutilitzar, rendible i entretingut per als estudiants.<\/p>\n<p>Per tant, les opinions tant dels participants com dels docents relacionades amb els resultats de l&#039;estudi van ser positives. Aquesta troballa compleix les troballes de validesa social obtingudes d&#039;altres investigacions realitzades que van utilitzar l&#039;enfocament d&#039;avaluaci\u00f3 subjectiva sobre aquest tema (Akmano\u011flu &amp; Tekin-\u0130ftar, 2011; Croizer &amp; Tincani, 2006; Delano, 2003; Dodd et al., 2008; 2008; 2003; Nikopoulos i Keenan, 2003; Tot i aix\u00f2, les dades nom\u00e9s s&#039;han recopilat dels professors i les fam\u00edlies dels participants en aquests estudis utilitzant l&#039;enfocament d&#039;avaluaci\u00f3 subjectiva. Per tant, es pot dir que la recopilaci\u00f3 de dades de validesa social dels participants contribueix a la literatura, i es pot dir que les troballes de validesa social d&#039;aquest estudi enforteixen la literatura relativa.<\/p>\n<p>Tenint en compte tant l&#039;estudi actual com l&#039;anterior, es poden discernir els resultats seg\u00fcents. Els paquets dintervenci\u00f3 de modelatge de v\u00eddeo presentat per ordinador i Hist\u00f2ries socials es poden utilitzar de manera efectiva per ensenyar habilitats socials a persones amb discapacitats intel\u00b7lectuals. Es podria dir que aquest paquet d&#039;intervenci\u00f3 va ser una estrat\u00e8gia entretinguda i de temps efectiu quan es van considerar les caracter\u00edstiques seg\u00fcents:<\/p>\n<p>(a) les intervencions van durar aproximadament 5 minuts. Per tant, van ser molt efectius en termes de temps, considerant que les persones amb discapacitats del desenvolupament reben capacitaci\u00f3 individualitzada dues hores a la setmana a centres d&#039;educaci\u00f3 especial i rehabilitaci\u00f3 i que cada sessi\u00f3 dura 50 minuts de mitjana. At\u00e8s que se&#039;ls educa en diferents camps de desenvolupament i habilitats dins aquest per\u00edode de temps, la capacitaci\u00f3 que es pot oferir en una finestra de 5 minuts \u00e9s important en termes de garantir l&#039;\u00fas efica\u00e7 de l&#039;hora de l&#039;educaci\u00f3.<\/p>\n<p>(b) Tant els participants com els mestres van expressar que el paquet dintervenci\u00f3 va ser entretingut pels estudiants. Per tant, el paquet dintervenci\u00f3 pot ser gaudit per persones amb discapacitats.<\/p>\n<p>(c) Un cop es prepara un v\u00eddeo, es pot fer servir una vegada i una altra, aix\u00ed com tamb\u00e9 amb altres persones amb discapacitats.<\/p>\n<p>A m\u00e9s d&#039;aix\u00f2, es van trobar algunes limitacions en realitzar l&#039;estudi. La limitaci\u00f3 m\u00e9s significativa va ser que es requeria preparaci\u00f3 abans de l&#039;entrenament. El proc\u00e9s de preparaci\u00f3 del v\u00eddeo va requerir molt temps i va requerir coneixements t\u00e8cnics. 20 minuts. En altres paraules, es van necessitar 2.5 hores perqu\u00e8 el v\u00eddeo estigui llest per a l&#039;ensenyament. No obstant aix\u00f2, aquesta limitaci\u00f3 pot considerar-se m\u00ednima i l&#039;efectivitat de l&#039;estrat\u00e8gia \u00e9s m\u00e9s gran gr\u00e0cies a la repetibilitat dels v\u00eddeos preparats per a diferents individus. per ordinador i Hist\u00f2ries socials per ensenyar habilitats en diferents camps de desenvolupament, aix\u00ed com l\u00fas de companys amb discapacitats com a models es poden recomanar a membres de la fam\u00edlia, experts en el camp i professors.<\/p>\n<p>Pel que fa a la recerca futura, l&#039;efic\u00e0cia de les intervencions de modelatge de v\u00eddeo presentat per ordinador i Hist\u00f2ries socials en l&#039;ensenyament de diferents habilitats socials (autocura, vida quotidiana, habilitats per a la vida independent) es pot recomanar per a la recerca amb diferents persones (per exemple, professor, company) i en diferents configuracions (per exemple, casa); aquestes intervencions haurien d&#039;incloure&#039;s en estudis sobre l&#039;efectivitat en l&#039;ensenyament d&#039;habilitats socials usant un arranjament d&#039;ensenyament en grups petits, i l&#039;efectivitat de les intervencions en qu\u00e8 els v\u00eddeos es presenten usant eines tecnol\u00f2giques com un iPad o tauleta en lloc d&#039;un ordinador. A m\u00e9s, es pot planificar la investigaci\u00f3 on es recopilen dades de validesa social utilitzant l&#039;enfocament de comparaci\u00f3 social juntament amb l&#039;enfocament d&#039;avaluaci\u00f3 subjectiva.<\/p>\n<p><em>G\u00fcl, SO (2016). Combina l&#039;\u00fas de Video Modeling i Social Stories en Teacher Social Skills for Individuals with Intellectual Disability. Educational Sciences: Theory and Practice, 16(1), 83-107.<\/em><\/p>\n<p>Tradu\u00eft parcialment de:\u00a0<a href=\"\/ca\/\"https:>http:\/\/journals.sagepub.com\/\u2026\/\u2026\/10.1177\/10983007060080020201<\/a><\/p>\n<p><img class=\"\\\"alignleft\" size-medium wp-image-481\\\" src=\"\\\"https:><\/p>\n<p>&nbsp;<\/p>\n<p>&nbsp;<\/p>","protected":false},"excerpt":{"rendered":"<p>&nbsp; El prop\u00f3sito de este estudio fue investigar la efectividad del modelado de video presentado por computadora y las historias [&hellip;]<\/p>\n","protected":false},"author":1,"featured_media":720,"comment_status":"open","ping_status":"open","sticky":false,"template":"","format":"standard","meta":{"site-sidebar-layout":"default","site-content-layout":"","ast-site-content-layout":"default","site-content-style":"default","site-sidebar-style":"default","ast-global-header-display":"","ast-banner-title-visibility":"","ast-main-header-display":"","ast-hfb-above-header-display":"","ast-hfb-below-header-display":"","ast-hfb-mobile-header-display":"","site-post-title":"","ast-breadcrumbs-content":"","ast-featured-img":"","footer-sml-layout":"","ast-disable-related-posts":"","theme-transparent-header-meta":"","adv-header-id-meta":"","stick-header-meta":"","header-above-stick-meta":"","header-main-stick-meta":"","header-below-stick-meta":"","astra-migrate-meta-layouts":"default","ast-page-background-enabled":"default","ast-page-background-meta":{"desktop":{"background-color":"","background-image":"","background-repeat":"repeat","background-position":"center center","background-size":"auto","background-attachment":"scroll","background-type":"","background-media":"","overlay-type":"","overlay-color":"","overlay-opacity":"","overlay-gradient":""},"tablet":{"background-color":"","background-image":"","background-repeat":"repeat","background-position":"center center","background-size":"auto","background-attachment":"scroll","background-type":"","background-media":"","overlay-type":"","overlay-color":"","overlay-opacity":"","overlay-gradient":""},"mobile":{"background-color":"","background-image":"","background-repeat":"repeat","background-position":"center center","background-size":"auto","background-attachment":"scroll","background-type":"","background-media":"","overlay-type":"","overlay-color":"","overlay-opacity":"","overlay-gradient":""}},"ast-content-background-meta":{"desktop":{"background-color":"var(--ast-global-color-5)","background-image":"","background-repeat":"repeat","background-position":"center center","background-size":"auto","background-attachment":"scroll","background-type":"","background-media":"","overlay-type":"","overlay-color":"","overlay-opacity":"","overlay-gradient":""},"tablet":{"background-color":"var(--ast-global-color-5)","background-image":"","background-repeat":"repeat","background-position":"center center","background-size":"auto","background-attachment":"scroll","background-type":"","background-media":"","overlay-type":"","overlay-color":"","overlay-opacity":"","overlay-gradient":""},"mobile":{"background-color":"var(--ast-global-color-5)","background-image":"","background-repeat":"repeat","background-position":"center center","background-size":"auto","background-attachment":"scroll","background-type":"","background-media":"","overlay-type":"","overlay-color":"","overlay-opacity":"","overlay-gradient":""}},"footnotes":""},"categories":[95,11],"tags":[72,32,116,96,76,13,100,117,118],"class_list":["post-719","post","type-post","status-publish","format-standard","has-post-thumbnail","hentry","category-comunidad-de-ninos-sin-limites","category-estimulacion-infantil","tag-aprendizaje","tag-discapacidad","tag-generalizacion","tag-habilidades-sociales","tag-intervencion","tag-intervencion-terapeutica","tag-socializacion","tag-validez-social","tag-video-modeling"],"_links":{"self":[{"href":"https:\/\/cristinaorozbajo.com\/ca\/wp-json\/wp\/v2\/posts\/719","targetHints":{"allow":["GET"]}}],"collection":[{"href":"https:\/\/cristinaorozbajo.com\/ca\/wp-json\/wp\/v2\/posts"}],"about":[{"href":"https:\/\/cristinaorozbajo.com\/ca\/wp-json\/wp\/v2\/types\/post"}],"author":[{"embeddable":true,"href":"https:\/\/cristinaorozbajo.com\/ca\/wp-json\/wp\/v2\/users\/1"}],"replies":[{"embeddable":true,"href":"https:\/\/cristinaorozbajo.com\/ca\/wp-json\/wp\/v2\/comments?post=719"}],"version-history":[{"count":0,"href":"https:\/\/cristinaorozbajo.com\/ca\/wp-json\/wp\/v2\/posts\/719\/revisions"}],"wp:featuredmedia":[{"embeddable":true,"href":"https:\/\/cristinaorozbajo.com\/ca\/wp-json\/wp\/v2\/media\/720"}],"wp:attachment":[{"href":"https:\/\/cristinaorozbajo.com\/ca\/wp-json\/wp\/v2\/media?parent=719"}],"wp:term":[{"taxonomy":"category","embeddable":true,"href":"https:\/\/cristinaorozbajo.com\/ca\/wp-json\/wp\/v2\/categories?post=719"},{"taxonomy":"post_tag","embeddable":true,"href":"https:\/\/cristinaorozbajo.com\/ca\/wp-json\/wp\/v2\/tags?post=719"}],"curies":[{"name":"wp","href":"https:\/\/api.w.org\/{rel}","templated":true}]}}