{"id":740,"date":"2018-08-14T04:31:17","date_gmt":"2018-08-14T03:31:17","guid":{"rendered":"https:\/\/cristinaorozbajo.com\/madre-mentora-del-mundo\/"},"modified":"2018-08-14T04:31:17","modified_gmt":"2018-08-14T03:31:17","slug":"mare-mentora-del-mon","status":"publish","type":"post","link":"https:\/\/cristinaorozbajo.com\/ca\/mare-mentora-del-mon\/","title":{"rendered":"Mare\u2026 mentora del m\u00f3n."},"content":{"rendered":"<div>Mai no seran suficients els \u201cgr\u00e0cies\u201d que puguin compensar el teu sacrifici, aquest sacrifici que evoca naturalesa en el teu caminar, en el teu caminar i en el teu fer sempre en pro dels teus fills que poblen el m\u00f3n i viuen aliens a aquesta m\u00e0 que es va deixar anar el dia que van aprendre a caminar.<\/div>\n<div>\n<div><\/div>\n<div>Mai cesses en la teva fortalesa, decidida, disposada i predisposada a emp\u00e8nyer a les teves espatlles aquest m\u00f3n. Sempre posant el cor per bandera, p\u00e0tria i religi\u00f3. Pacient, constructiva i valenta. De vegades ferida, amb els cops m\u00e9s forts i el des\u00e0nim m\u00e9s latent\u2026 per\u00f2 mai t&#039;atures.<\/div>\n<div><\/div>\n<div>Mai no es podr\u00e0 entendre com l&#039;est\u00f3mac t&#039;empeny a exercir la maternitat amb tanta perfecci\u00f3, no hi ha model igual, \u00e9s inimitable, no hi ha empatia que arribi a entendre la teva condici\u00f3, mai no n&#039;hi haur\u00e0 sin\u00f3 des de la pr\u00f2pia condici\u00f3 d&#039;una altra mare, aquella que s&#039;identifica amb la for\u00e7a d&#039;un lle\u00f3, el sigil i la sensibilitat d&#039;un gat.<\/div>\n<div><\/div>\n<div>Mai no hi hauria fam\u00edlia com avui l&#039;entenem, enforteixes els seus lla\u00e7os i atens i entens els teus vibrant amb la seva mateixa sang aquella que bull a la dist\u00e0ncia, a l&#039;abs\u00e8ncia ia la indifer\u00e8ncia d&#039;individus que no miren enrere per veure qui els va emp\u00e8nyer en caminar. Mare, Germana i \u00c0via.<\/div>\n<div><\/div>\n<div>No deixes mai de buscar camins, de construir ponts i d&#039;enfonsar banderes blanques. Amb mil habilitats que semblen totes invisibles per la pr\u00f2pia manera subtil de realitzar-les com si fossin part de l&#039;atrezzo vital de l&#039;individu en n\u00e9ixer, en extensi\u00f3 al cord\u00f3 umbilical que no van poder tallar i ens mant\u00e9 lligats per sempre.<\/div>\n<div><\/div>\n<div>Mai sense tu, mare.<\/div>\n<\/div>\n<div><\/div>\n<div>Cristina Oroz Baix<\/div>\n<div><img class=\"\\\"alignleft\" size-medium wp-image-481\\\" src=\"\\\"https:><\/div>\n<div><\/div>","protected":false},"excerpt":{"rendered":"<p>Nunca ser\u00e1n suficientes los \u201cgracias\\\u00bb que puedan compensar tu sacrificio, ese sacrificio que evoca naturaleza en tu andar, en tu [&hellip;]<\/p>\n","protected":false},"author":1,"featured_media":741,"comment_status":"open","ping_status":"open","sticky":false,"template":"","format":"standard","meta":{"site-sidebar-layout":"default","site-content-layout":"","ast-site-content-layout":"default","site-content-style":"default","site-sidebar-style":"default","ast-global-header-display":"","ast-banner-title-visibility":"","ast-main-header-display":"","ast-hfb-above-header-display":"","ast-hfb-below-header-display":"","ast-hfb-mobile-header-display":"","site-post-title":"","ast-breadcrumbs-content":"","ast-featured-img":"","footer-sml-layout":"","ast-disable-related-posts":"","theme-transparent-header-meta":"","adv-header-id-meta":"","stick-header-meta":"","header-above-stick-meta":"","header-main-stick-meta":"","header-below-stick-meta":"","astra-migrate-meta-layouts":"default","ast-page-background-enabled":"default","ast-page-background-meta":{"desktop":{"background-color":"","background-image":"","background-repeat":"repeat","background-position":"center center","background-size":"auto","background-attachment":"scroll","background-type":"","background-media":"","overlay-type":"","overlay-color":"","overlay-opacity":"","overlay-gradient":""},"tablet":{"background-color":"","background-image":"","background-repeat":"repeat","background-position":"center center","background-size":"auto","background-attachment":"scroll","background-type":"","background-media":"","overlay-type":"","overlay-color":"","overlay-opacity":"","overlay-gradient":""},"mobile":{"background-color":"","background-image":"","background-repeat":"repeat","background-position":"center center","background-size":"auto","background-attachment":"scroll","background-type":"","background-media":"","overlay-type":"","overlay-color":"","overlay-opacity":"","overlay-gradient":""}},"ast-content-background-meta":{"desktop":{"background-color":"var(--ast-global-color-5)","background-image":"","background-repeat":"repeat","background-position":"center center","background-size":"auto","background-attachment":"scroll","background-type":"","background-media":"","overlay-type":"","overlay-color":"","overlay-opacity":"","overlay-gradient":""},"tablet":{"background-color":"var(--ast-global-color-5)","background-image":"","background-repeat":"repeat","background-position":"center center","background-size":"auto","background-attachment":"scroll","background-type":"","background-media":"","overlay-type":"","overlay-color":"","overlay-opacity":"","overlay-gradient":""},"mobile":{"background-color":"var(--ast-global-color-5)","background-image":"","background-repeat":"repeat","background-position":"center center","background-size":"auto","background-attachment":"scroll","background-type":"","background-media":"","overlay-type":"","overlay-color":"","overlay-opacity":"","overlay-gradient":""}},"footnotes":""},"categories":[29],"tags":[19,112,113,114,24,26,115],"class_list":["post-740","post","type-post","status-publish","format-standard","has-post-thumbnail","hentry","category-supermadres","tag-autoconocimiento","tag-convivencia","tag-diferencias","tag-inteligencia-emocional","tag-madre","tag-padre","tag-salud-emocional"],"_links":{"self":[{"href":"https:\/\/cristinaorozbajo.com\/ca\/wp-json\/wp\/v2\/posts\/740","targetHints":{"allow":["GET"]}}],"collection":[{"href":"https:\/\/cristinaorozbajo.com\/ca\/wp-json\/wp\/v2\/posts"}],"about":[{"href":"https:\/\/cristinaorozbajo.com\/ca\/wp-json\/wp\/v2\/types\/post"}],"author":[{"embeddable":true,"href":"https:\/\/cristinaorozbajo.com\/ca\/wp-json\/wp\/v2\/users\/1"}],"replies":[{"embeddable":true,"href":"https:\/\/cristinaorozbajo.com\/ca\/wp-json\/wp\/v2\/comments?post=740"}],"version-history":[{"count":0,"href":"https:\/\/cristinaorozbajo.com\/ca\/wp-json\/wp\/v2\/posts\/740\/revisions"}],"wp:featuredmedia":[{"embeddable":true,"href":"https:\/\/cristinaorozbajo.com\/ca\/wp-json\/wp\/v2\/media\/741"}],"wp:attachment":[{"href":"https:\/\/cristinaorozbajo.com\/ca\/wp-json\/wp\/v2\/media?parent=740"}],"wp:term":[{"taxonomy":"category","embeddable":true,"href":"https:\/\/cristinaorozbajo.com\/ca\/wp-json\/wp\/v2\/categories?post=740"},{"taxonomy":"post_tag","embeddable":true,"href":"https:\/\/cristinaorozbajo.com\/ca\/wp-json\/wp\/v2\/tags?post=740"}],"curies":[{"name":"wp","href":"https:\/\/api.w.org\/{rel}","templated":true}]}}