{"id":780,"date":"2018-09-19T14:46:06","date_gmt":"2018-09-19T13:46:06","guid":{"rendered":"https:\/\/cristinaorozbajo.com\/gimnasia-para-el-habla\/"},"modified":"2018-09-19T14:46:06","modified_gmt":"2018-09-19T13:46:06","slug":"gimnastica-per-a-la-parla","status":"publish","type":"post","link":"https:\/\/cristinaorozbajo.com\/ca\/gimnastica-per-a-la-parla\/","title":{"rendered":"Gimn\u00e0stica per al \u00abParla\u00bb."},"content":{"rendered":"<p>Si busquem al diccionari que s\u00f3n les praxies bucofonat\u00f2ries, tan conegudes al m\u00f3n de la logop\u00e8dia, no trobem cap resultat. La resposta m\u00e9s propera i encertada que trobem a la literatura \u00e9s la de praxi que es defineix com el \u201csistema de moviments coordinats en funci\u00f3 d&#039;un resultat o d&#039;una intenci\u00f3\u201d (Cortes i Soprano, 1991).<\/p>\n<p>Cal tenir en compte que els \u00f2rgans bucofonatoris s\u00f3n els \u00f2rgans que intervenen en la parla: la llengua, els llavis, les galtes, la mand\u00edbula o el vel del paladar. Aquests \u00f2rgans s\u00f3n m\u00fasculs i tenen la necessitat de ser exercitats per aconseguir la tonicitat, agilitat, mobilitat, coordinaci\u00f3 i for\u00e7a id\u00f2nies per aconseguir desenvolupar una parla correcta.<\/p>\n<p>Quan un nen presenta problemes per articular correctament algun so, ens diuen qu\u00e8 \u00e9s perqu\u00e8 no fa correctament les pr\u00e0xies bucofonat\u00f2ries. I nosaltres, desentesos del camp, ens preguntem, qu\u00e8 vol dir aix\u00f2.<\/p>\n<p>Aix\u00ed, doncs, podem entendre que, per aconseguir una parla \u00f2ptima, \u00e9s important posseir una agilitat i coordinaci\u00f3 dels \u00f2rgans bucofonatoris i entenem que les praxies tan anhelades, s\u00f3n els diferents moviments conscients, voluntaris i dirigits que una persona ha de dur a terme, per estimular, aprendre o millorar els moviments que una persona empra per parlar, all\u00f2 que s&#039;ent\u00e9n.<\/p>\n<p>I com hem de fer per practicar correctament les pr\u00e0ctiques? El m\u00e9s important \u00e9s deixar-nos assessorar per un logopeda, que \u00e9s el terapeuta especialitzat. Tanmateix, un cop hem ent\u00e8s els moviments necessaris i adequats, aquests s&#039;hauran de fer en l&#039;\u00e0mbit familiar i de manera continuada.<\/p>\n<p>D&#039;aquesta manera exercitarem i agilitzarem pr\u00e8viament els \u00f2rgans que intervenen en una articulaci\u00f3 correcta. Per aquest motiu, l&#039;adult i el nen s&#039;haurien de col\u00b7locar davant d&#039;un mirall, per facilitar l&#039;observaci\u00f3 dels moviments que es duran a terme i poder comparar-los i ajustar els models. Gr\u00e0cies a aquesta posici\u00f3, el petit podr\u00e0 veure com evoluciona a mesura que va adquirint m\u00e9s agilitat, coordinaci\u00f3 i for\u00e7a, aconseguint els punts articulatoris desitjats.<\/p>\n<p>\u00c9s important que aquests exercicis siguin de curta durada, per evitar tant la fatiga muscular com el cansament i la manca de motivaci\u00f3 per part del nen. A m\u00e9s, s&#039;haurien de fer diferents repeticions, ja que aix\u00ed aconseguirem les associacions necess\u00e0ries entre el so exacte d&#039;un fonema i els moviments corresponents, elaborant aix\u00ed les correlacions pertinents de l&#039;articulaci\u00f3 dels fonemes treballats.<\/p>\n<p><strong>Mariona Alsed\u00e0 Florensa<\/strong><\/p>\n<p>Logopeda, mestra d&#039;educaci\u00f3 especial i psicopedagogia.<\/p>\n<p>Fonts i enlla\u00e7os d&#039;inter\u00e8s:<\/p>\n<p>Tallis J i Soprano M (1991), Neuropediatria. Neuropsicologia i aprenentatge.<\/p>\n<p><a href=\"\/ca\/\"http:>http:\/\/www.hablemosdeneurociencia.com\/praxias-tipos-y-procesos\/<\/a><\/p>\n<p><a href=\"\/ca\/\"https:>https:\/\/www.bebesymas.com\/desarrollo\/que-son-las-praxias<\/a><\/p>\n<p><a href=\"\/ca\/\"http:>Qu\u00e8 s\u00f3n les praxis bucofonat\u00f2ries i en qu\u00e8 et poden ajudar?<\/a><\/p>\n<p><a href=\"\/ca\/\"https:>https:\/\/www.espaciologopedico.com\/recursos\/glosariodet.php?Id=234<\/a><\/p>","protected":false},"excerpt":{"rendered":"<p>Si buscamos al diccionario que son las\u00a0praxias bucofonatorias, tan conocidas en el mundo de la logopedia, no encontramos ning\u00fan resultado. [&hellip;]<\/p>\n","protected":false},"author":1,"featured_media":781,"comment_status":"open","ping_status":"open","sticky":false,"template":"","format":"standard","meta":{"site-sidebar-layout":"default","site-content-layout":"","ast-site-content-layout":"default","site-content-style":"default","site-sidebar-style":"default","ast-global-header-display":"","ast-banner-title-visibility":"","ast-main-header-display":"","ast-hfb-above-header-display":"","ast-hfb-below-header-display":"","ast-hfb-mobile-header-display":"","site-post-title":"","ast-breadcrumbs-content":"","ast-featured-img":"","footer-sml-layout":"","ast-disable-related-posts":"","theme-transparent-header-meta":"","adv-header-id-meta":"","stick-header-meta":"","header-above-stick-meta":"","header-main-stick-meta":"","header-below-stick-meta":"","astra-migrate-meta-layouts":"default","ast-page-background-enabled":"default","ast-page-background-meta":{"desktop":{"background-color":"","background-image":"","background-repeat":"repeat","background-position":"center center","background-size":"auto","background-attachment":"scroll","background-type":"","background-media":"","overlay-type":"","overlay-color":"","overlay-opacity":"","overlay-gradient":""},"tablet":{"background-color":"","background-image":"","background-repeat":"repeat","background-position":"center center","background-size":"auto","background-attachment":"scroll","background-type":"","background-media":"","overlay-type":"","overlay-color":"","overlay-opacity":"","overlay-gradient":""},"mobile":{"background-color":"","background-image":"","background-repeat":"repeat","background-position":"center center","background-size":"auto","background-attachment":"scroll","background-type":"","background-media":"","overlay-type":"","overlay-color":"","overlay-opacity":"","overlay-gradient":""}},"ast-content-background-meta":{"desktop":{"background-color":"var(--ast-global-color-5)","background-image":"","background-repeat":"repeat","background-position":"center center","background-size":"auto","background-attachment":"scroll","background-type":"","background-media":"","overlay-type":"","overlay-color":"","overlay-opacity":"","overlay-gradient":""},"tablet":{"background-color":"var(--ast-global-color-5)","background-image":"","background-repeat":"repeat","background-position":"center center","background-size":"auto","background-attachment":"scroll","background-type":"","background-media":"","overlay-type":"","overlay-color":"","overlay-opacity":"","overlay-gradient":""},"mobile":{"background-color":"var(--ast-global-color-5)","background-image":"","background-repeat":"repeat","background-position":"center center","background-size":"auto","background-attachment":"scroll","background-type":"","background-media":"","overlay-type":"","overlay-color":"","overlay-opacity":"","overlay-gradient":""}},"footnotes":""},"categories":[18],"tags":[],"class_list":["post-780","post","type-post","status-publish","format-standard","has-post-thumbnail","hentry","category-investigacion"],"_links":{"self":[{"href":"https:\/\/cristinaorozbajo.com\/ca\/wp-json\/wp\/v2\/posts\/780","targetHints":{"allow":["GET"]}}],"collection":[{"href":"https:\/\/cristinaorozbajo.com\/ca\/wp-json\/wp\/v2\/posts"}],"about":[{"href":"https:\/\/cristinaorozbajo.com\/ca\/wp-json\/wp\/v2\/types\/post"}],"author":[{"embeddable":true,"href":"https:\/\/cristinaorozbajo.com\/ca\/wp-json\/wp\/v2\/users\/1"}],"replies":[{"embeddable":true,"href":"https:\/\/cristinaorozbajo.com\/ca\/wp-json\/wp\/v2\/comments?post=780"}],"version-history":[{"count":0,"href":"https:\/\/cristinaorozbajo.com\/ca\/wp-json\/wp\/v2\/posts\/780\/revisions"}],"wp:featuredmedia":[{"embeddable":true,"href":"https:\/\/cristinaorozbajo.com\/ca\/wp-json\/wp\/v2\/media\/781"}],"wp:attachment":[{"href":"https:\/\/cristinaorozbajo.com\/ca\/wp-json\/wp\/v2\/media?parent=780"}],"wp:term":[{"taxonomy":"category","embeddable":true,"href":"https:\/\/cristinaorozbajo.com\/ca\/wp-json\/wp\/v2\/categories?post=780"},{"taxonomy":"post_tag","embeddable":true,"href":"https:\/\/cristinaorozbajo.com\/ca\/wp-json\/wp\/v2\/tags?post=780"}],"curies":[{"name":"wp","href":"https:\/\/api.w.org\/{rel}","templated":true}]}}