{"id":804,"date":"2018-09-25T15:23:03","date_gmt":"2018-09-25T14:23:03","guid":{"rendered":"https:\/\/cristinaorozbajo.com\/la-comunicacion-bimodal-una-ayuda-para-el-desarrollo-del-lenguaje-y-de-la-comunicacion\/"},"modified":"2018-09-25T15:23:03","modified_gmt":"2018-09-25T14:23:03","slug":"la-comunicacio-bimodal-una-ajuda-per-al-desenvolupament-del-llenguatge-i-de-la-comunicacio","status":"publish","type":"post","link":"https:\/\/cristinaorozbajo.com\/ca\/la-comunicacio-bimodal-una-ajuda-per-al-desenvolupament-del-llenguatge-i-de-la-comunicacio\/","title":{"rendered":"LA COMUNICACI\u00d3 BIMODAL: UNA AJUDA PER AL DESENVOLUPAMENT DEL LLENGUATGE I DE LA COMUNICACI\u00d3"},"content":{"rendered":"<p>L&#039;article que va escriure Marc Monfort, ja fa un temps, ens explica sobre aquesta comunicaci\u00f3. Donada la seva extensi\u00f3 i densitat, hem decidit dividir-lo en tres parts per facilitar-ne la lectura. A la primera part definirem la Comunicaci\u00f3 Bimodal (CB), el seu objectiu principal i les diferents modalitats daplicaci\u00f3. M\u00e9s endavant, s\u201fanalitzar\u00e0 la naturalesa de l\u201fefecte facilitador posterior sobre el desenvolupament de la parla. I finalment, es comentaran els beneficis de l&#039;\u00fas de la CB i les dificultats que se&#039;n poden trobar.<\/p>\n<p><img class=\"\\\"alignleft\" wp-image-803\\\" src=\"\\\"https:><\/p>\n<p>&nbsp;<\/p>\n<p>&nbsp;<\/p>\n<p>&nbsp;<\/p>\n<p>&nbsp;<\/p>\n<p>&nbsp;<\/p>\n<p>&nbsp;<\/p>\n<p><strong>DEFINICI\u00d3, OBJECTIU I MODAL<\/strong><strong>ITATS D&#039;APLICACI\u00d3<\/strong><\/p>\n<p>Podem definir la Comunicaci\u00f3 Bimodal com el sistema augmentatiu de comunicaci\u00f3 m\u00e9s utilitzat en poblacions de nens amb Discapacitat Intel\u00b7lectual, Trastorn Especifico del Llenguatge i Trastorn de l\u00b4Espectre Autista, amb llenguatge oral esc\u00e0s o nul. Consisteix que les persones del seu entorn usin de forma paral\u00b7lela a la parla, uns signes manuals que visualitzen cadascuna de les paraules que diuen. Aquests solen ser extrets de la Llengua de Signes, usats per la comunitat sorda. \u00c9s possible que h\u00e0gim d&#039;adaptar els signes originals a causa de les possibles dificultats de motricitat que presenti cada individu, creant dialectes signats individuals per a cada persona.<\/p>\n<p>&nbsp;<\/p>\n<p>En conseq\u00fc\u00e8ncia, el concepte Comunicaci\u00f3 Bimodal no es refereix a un conjunt fix de signes ni una metodologia pr\u00f2pia d\u201fimplementaci\u00f3, sin\u00f3 que \u00e9s un tipus d\u201festrat\u00e8gia comunicativa, que sol s\u201fadapta en funci\u00f3 de la persona. \u00c9s, doncs, un concepte gen\u00e8ric que engloba qualsevol programa que fusioni l&#039;\u00fas de signes manuals amb el llenguatge, aix\u00ed com les possibles adaptacions de les estrat\u00e8gies.<\/p>\n<p>L&#039;objectiu principal \u00e9s evitar que el desfasament inevitable entre l&#039;edat i les seves capacitats d&#039;usar el llenguatge oral en perjudiqui el desenvolupament, recorrent a un sistema comunicatiu que asseguri una integraci\u00f3 social i afectiva millor, que permeti avan\u00e7ar els aprenentatges i que, alhora, acceleri l&#039;aparici\u00f3 del llenguatge oral.<\/p>\n<p>Les persones que presenten discapacitat intel\u00b7lectual lleu o moderada, sense alteracions en el comportament o la personalitat, tamb\u00e9 pacients amb TEL o discapacitat motora solen seguir un model molt funcional a partir de l&#039;\u00fas natural de la comunicaci\u00f3 bimodal per part dels adults de l&#039;entorn, estimulant-ne la imitaci\u00f3 i l&#039;\u00fas expressiu com es fa per a l&#039;adquisici\u00f3 del llenguatge oral.<\/p>\n<p>En cas de limitacions importants de la coordinaci\u00f3 motriu, sovint cal afegir procediments d&#039;emmotllament f\u00edsic i\/o preveure un entrenament paral\u00b7lel de les destreses motores necess\u00e0ries per realitzar els signes.<\/p>\n<p>Si la capacitat cognitiva del pacient es troba m\u00e9s limitada o si n&#039;est\u00e0 afectat tamb\u00e9 el comportament social (com en el cas del Trastorn Espectre Autista), cal passar per una primera fase m\u00e9s directiva, m\u00e9s basada en el condicionament i l&#039;emmotllament.<\/p>\n<p>&nbsp;<\/p>\n<p><strong>Text adaptat per MARIONA ALSED\u00c0 FLORENSA - Logopeda, Mestra d&#039;Educaci\u00f3 Especial i Psicopedagoga<\/strong><\/p>\n<p><img class=\"\\\"alignleft\" wp-image-798\\\" src=\"\\\"https:><\/p>\n<p>&nbsp;<\/p>\n<p>&nbsp;<\/p>\n<p>&nbsp;<\/p>\n<p>&nbsp;<\/p>\n<p>Font:<a href=\"\/ca\/\"http:><strong>http:\/\/www.asociacionalanda.org\/pdf\/articulos\/LA%20COMUNICACION_BIMODAL_MONFORT.pdf<\/strong><\/a><\/p>","protected":false},"excerpt":{"rendered":"<p>El art\u00edculo que escribi\u00f3 Marc Monfort, hace ya un tiempo, nos explica sobre dicha comunicaci\u00f3n. Dada su extensi\u00f3n y densidad, [&hellip;]<\/p>\n","protected":false},"author":1,"featured_media":805,"comment_status":"open","ping_status":"open","sticky":false,"template":"","format":"standard","meta":{"site-sidebar-layout":"default","site-content-layout":"","ast-site-content-layout":"default","site-content-style":"default","site-sidebar-style":"default","ast-global-header-display":"","ast-banner-title-visibility":"","ast-main-header-display":"","ast-hfb-above-header-display":"","ast-hfb-below-header-display":"","ast-hfb-mobile-header-display":"","site-post-title":"","ast-breadcrumbs-content":"","ast-featured-img":"","footer-sml-layout":"","ast-disable-related-posts":"","theme-transparent-header-meta":"","adv-header-id-meta":"","stick-header-meta":"","header-above-stick-meta":"","header-main-stick-meta":"","header-below-stick-meta":"","astra-migrate-meta-layouts":"default","ast-page-background-enabled":"default","ast-page-background-meta":{"desktop":{"background-color":"","background-image":"","background-repeat":"repeat","background-position":"center center","background-size":"auto","background-attachment":"scroll","background-type":"","background-media":"","overlay-type":"","overlay-color":"","overlay-opacity":"","overlay-gradient":""},"tablet":{"background-color":"","background-image":"","background-repeat":"repeat","background-position":"center center","background-size":"auto","background-attachment":"scroll","background-type":"","background-media":"","overlay-type":"","overlay-color":"","overlay-opacity":"","overlay-gradient":""},"mobile":{"background-color":"","background-image":"","background-repeat":"repeat","background-position":"center center","background-size":"auto","background-attachment":"scroll","background-type":"","background-media":"","overlay-type":"","overlay-color":"","overlay-opacity":"","overlay-gradient":""}},"ast-content-background-meta":{"desktop":{"background-color":"var(--ast-global-color-5)","background-image":"","background-repeat":"repeat","background-position":"center center","background-size":"auto","background-attachment":"scroll","background-type":"","background-media":"","overlay-type":"","overlay-color":"","overlay-opacity":"","overlay-gradient":""},"tablet":{"background-color":"var(--ast-global-color-5)","background-image":"","background-repeat":"repeat","background-position":"center center","background-size":"auto","background-attachment":"scroll","background-type":"","background-media":"","overlay-type":"","overlay-color":"","overlay-opacity":"","overlay-gradient":""},"mobile":{"background-color":"var(--ast-global-color-5)","background-image":"","background-repeat":"repeat","background-position":"center center","background-size":"auto","background-attachment":"scroll","background-type":"","background-media":"","overlay-type":"","overlay-color":"","overlay-opacity":"","overlay-gradient":""}},"footnotes":""},"categories":[18],"tags":[],"class_list":["post-804","post","type-post","status-publish","format-standard","has-post-thumbnail","hentry","category-investigacion"],"_links":{"self":[{"href":"https:\/\/cristinaorozbajo.com\/ca\/wp-json\/wp\/v2\/posts\/804","targetHints":{"allow":["GET"]}}],"collection":[{"href":"https:\/\/cristinaorozbajo.com\/ca\/wp-json\/wp\/v2\/posts"}],"about":[{"href":"https:\/\/cristinaorozbajo.com\/ca\/wp-json\/wp\/v2\/types\/post"}],"author":[{"embeddable":true,"href":"https:\/\/cristinaorozbajo.com\/ca\/wp-json\/wp\/v2\/users\/1"}],"replies":[{"embeddable":true,"href":"https:\/\/cristinaorozbajo.com\/ca\/wp-json\/wp\/v2\/comments?post=804"}],"version-history":[{"count":0,"href":"https:\/\/cristinaorozbajo.com\/ca\/wp-json\/wp\/v2\/posts\/804\/revisions"}],"wp:featuredmedia":[{"embeddable":true,"href":"https:\/\/cristinaorozbajo.com\/ca\/wp-json\/wp\/v2\/media\/805"}],"wp:attachment":[{"href":"https:\/\/cristinaorozbajo.com\/ca\/wp-json\/wp\/v2\/media?parent=804"}],"wp:term":[{"taxonomy":"category","embeddable":true,"href":"https:\/\/cristinaorozbajo.com\/ca\/wp-json\/wp\/v2\/categories?post=804"},{"taxonomy":"post_tag","embeddable":true,"href":"https:\/\/cristinaorozbajo.com\/ca\/wp-json\/wp\/v2\/tags?post=804"}],"curies":[{"name":"wp","href":"https:\/\/api.w.org\/{rel}","templated":true}]}}