{"id":842,"date":"2018-11-21T12:05:02","date_gmt":"2018-11-21T11:05:02","guid":{"rendered":"https:\/\/cristinaorozbajo.com\/autismo-infantil-y-neuronas-en-espejo\/"},"modified":"2018-11-21T12:05:02","modified_gmt":"2018-11-21T11:05:02","slug":"autisme-infantil-i-neurones-en-mirall","status":"publish","type":"post","link":"https:\/\/cristinaorozbajo.com\/ca\/autisme-infantil-i-neurones-en-mirall\/","title":{"rendered":"Autisme infantil i neurones en mirall."},"content":{"rendered":"<p><span class=\"\\\"resumen\\\"\">L&#039;autisme infantil \u00e9s un trastorn caracteritzat per una alteraci\u00f3 a les interaccions socials rec\u00edproques, anomalies de la comunicaci\u00f3 verbal i no verbal, pobra activitat imaginativa i un repertori d&#039;activitats i interessos restringits. Les causes de l&#039;autisme es desconeixen, per\u00f2 hi ha diferents abordatges que intenten explicar les causes neurobiol\u00f2giques d&#039;aquesta s\u00edndrome. Recentment, s&#039;ha estudiat la teoria d&#039;una disfunci\u00f3 del sistema de neurones en mirall (SNE).<\/p>\n<p>L&#039;SNE \u00e9s un complex neuronal, descrit originalment en micos i tamb\u00e9 trobat en humans, que es relaciona amb els nostres moviments i que respon de manera espec\u00edfica als moviments i les intencions de moviment d&#039;altres subjectes. Aix\u00ed mateix, es creu que aquest sistema es troba a la base dels processos d&#039;imitaci\u00f3 i en la realitzaci\u00f3 de formes d&#039;aprenentatge per imitaci\u00f3. Es pensa tamb\u00e9 que participa en l&#039;adquisici\u00f3 del llenguatge, en l&#039;expressi\u00f3 emocional, en la comprensi\u00f3 del que passa als altres i en l&#039;empatia. Com que aquestes funcions estan alterades en els nens amb autisme, es creu que hi ha una disfunci\u00f3 de l&#039;SNE en els autistes que podria explicar la simptomatologia que s&#039;observa als nens amb autisme.<\/span><\/p>\n<p>JO Corneli-N\u00e9to<\/p>\n<p><a href=\"\/ca\/\"https:>Llegir article complet.<\/a><\/p>\n<p>Font: <a href=\"\/ca\/\"https:>Revista de Neurologia_ Autisme infantil i les neurones en mirall.<\/a><\/p>\n<p>&nbsp;<\/p>\n<p>&nbsp;<\/p>","protected":false},"excerpt":{"rendered":"<p>El autismo infantil es un trastorno caracterizado por una alteraci\u00f3n en las interacciones sociales rec\u00edprocas, anomal\u00edas de la comunicaci\u00f3n verbal [&hellip;]<\/p>\n","protected":false},"author":1,"featured_media":843,"comment_status":"open","ping_status":"open","sticky":false,"template":"","format":"standard","meta":{"site-sidebar-layout":"default","site-content-layout":"","ast-site-content-layout":"default","site-content-style":"default","site-sidebar-style":"default","ast-global-header-display":"","ast-banner-title-visibility":"","ast-main-header-display":"","ast-hfb-above-header-display":"","ast-hfb-below-header-display":"","ast-hfb-mobile-header-display":"","site-post-title":"","ast-breadcrumbs-content":"","ast-featured-img":"","footer-sml-layout":"","ast-disable-related-posts":"","theme-transparent-header-meta":"","adv-header-id-meta":"","stick-header-meta":"","header-above-stick-meta":"","header-main-stick-meta":"","header-below-stick-meta":"","astra-migrate-meta-layouts":"default","ast-page-background-enabled":"default","ast-page-background-meta":{"desktop":{"background-color":"","background-image":"","background-repeat":"repeat","background-position":"center center","background-size":"auto","background-attachment":"scroll","background-type":"","background-media":"","overlay-type":"","overlay-color":"","overlay-opacity":"","overlay-gradient":""},"tablet":{"background-color":"","background-image":"","background-repeat":"repeat","background-position":"center center","background-size":"auto","background-attachment":"scroll","background-type":"","background-media":"","overlay-type":"","overlay-color":"","overlay-opacity":"","overlay-gradient":""},"mobile":{"background-color":"","background-image":"","background-repeat":"repeat","background-position":"center center","background-size":"auto","background-attachment":"scroll","background-type":"","background-media":"","overlay-type":"","overlay-color":"","overlay-opacity":"","overlay-gradient":""}},"ast-content-background-meta":{"desktop":{"background-color":"var(--ast-global-color-5)","background-image":"","background-repeat":"repeat","background-position":"center center","background-size":"auto","background-attachment":"scroll","background-type":"","background-media":"","overlay-type":"","overlay-color":"","overlay-opacity":"","overlay-gradient":""},"tablet":{"background-color":"var(--ast-global-color-5)","background-image":"","background-repeat":"repeat","background-position":"center center","background-size":"auto","background-attachment":"scroll","background-type":"","background-media":"","overlay-type":"","overlay-color":"","overlay-opacity":"","overlay-gradient":""},"mobile":{"background-color":"var(--ast-global-color-5)","background-image":"","background-repeat":"repeat","background-position":"center center","background-size":"auto","background-attachment":"scroll","background-type":"","background-media":"","overlay-type":"","overlay-color":"","overlay-opacity":"","overlay-gradient":""}},"footnotes":""},"categories":[18],"tags":[],"class_list":["post-842","post","type-post","status-publish","format-standard","has-post-thumbnail","hentry","category-investigacion"],"_links":{"self":[{"href":"https:\/\/cristinaorozbajo.com\/ca\/wp-json\/wp\/v2\/posts\/842","targetHints":{"allow":["GET"]}}],"collection":[{"href":"https:\/\/cristinaorozbajo.com\/ca\/wp-json\/wp\/v2\/posts"}],"about":[{"href":"https:\/\/cristinaorozbajo.com\/ca\/wp-json\/wp\/v2\/types\/post"}],"author":[{"embeddable":true,"href":"https:\/\/cristinaorozbajo.com\/ca\/wp-json\/wp\/v2\/users\/1"}],"replies":[{"embeddable":true,"href":"https:\/\/cristinaorozbajo.com\/ca\/wp-json\/wp\/v2\/comments?post=842"}],"version-history":[{"count":0,"href":"https:\/\/cristinaorozbajo.com\/ca\/wp-json\/wp\/v2\/posts\/842\/revisions"}],"wp:featuredmedia":[{"embeddable":true,"href":"https:\/\/cristinaorozbajo.com\/ca\/wp-json\/wp\/v2\/media\/843"}],"wp:attachment":[{"href":"https:\/\/cristinaorozbajo.com\/ca\/wp-json\/wp\/v2\/media?parent=842"}],"wp:term":[{"taxonomy":"category","embeddable":true,"href":"https:\/\/cristinaorozbajo.com\/ca\/wp-json\/wp\/v2\/categories?post=842"},{"taxonomy":"post_tag","embeddable":true,"href":"https:\/\/cristinaorozbajo.com\/ca\/wp-json\/wp\/v2\/tags?post=842"}],"curies":[{"name":"wp","href":"https:\/\/api.w.org\/{rel}","templated":true}]}}