{"id":1092,"date":"2019-12-05T12:37:19","date_gmt":"2019-12-05T11:37:19","guid":{"rendered":"https:\/\/cristinaorozbajo.com\/metodo-vicon-cree-en-la-posibilidad-de-mejorar-los-sintomas-del-autismo-desde-las-neuronas-espejo-en-los-primeros-anos-de-vida\/"},"modified":"2019-12-05T12:37:19","modified_gmt":"2019-12-05T11:37:19","slug":"vicon-method-believes-in-the-possibility-of-improving-the-symptoms-of-autism-from-mirror-neurons-in-the-first-years-of-life","status":"publish","type":"post","link":"https:\/\/cristinaorozbajo.com\/en\/vicon-method-believes-in-the-possibility-of-improving-the-symptoms-of-autism-from-mirror-neurons-in-the-first-years-of-life\/","title":{"rendered":"The VICON Method believes in the possibility of improving autism symptoms through mirror neurons in the first years of life."},"content":{"rendered":"\n<p>El M\u00e9todo VICON se basa en la creencia de que el sistema neuronal que nos lleva de la imitaci\u00f3n a la empat\u00eda tiene capacidad de mejorar y evolucionar con una atenci\u00f3n temprana, intensiva, efectiva y profesional. Un m\u00e9todo intensivo, evolutivo y online se propone pionero para la intervenci\u00f3n basada en las neuronas espejo para mejorar los s\u00edntomas de los ni\u00f1os con autismo en sus primeros a\u00f1os de vida.<\/p>\n\n\n\n<p>\u201cRamachandran escribi\u00f3 un art\u00edculo fant\u00e1stico sobre el \u00abespejo roto\u00bb. Pero el sistema especular nunca est\u00e1 roto del todo, siempre se puede mejorar si el diagn\u00f3stico es temprano\u201d. Lo dec\u00eda Giacomo Rizzolatti, que hace veinte a\u00f1os descubri\u00f3 las neuronas espejo. Estuvo en Madrid, invitado por la&nbsp;<a rel=\\\"noreferrer noopener\\\" href=\\\"http:\/\/www.fundaciontatianapgb.org\/\\\" target=\\\"_blank\\\">Fundaci\u00f3n Tatiana P\u00e9rez de Guzm\u00e1n el Bueno<\/a>, donde el pasado 15 de febrero explic\u00f3 c\u00f3mo fue aquel descubrimiento y las importantes implicaciones que ha tenido, ante un p\u00fablico muy joven, en su mayor\u00eda estudiantes universitarios, que abarrotaban la sala de la Fundaci\u00f3n. Con el t\u00edtulo: \u201c<strong>20 a\u00f1os de las neuronas espejo: de la imitaci\u00f3n a la empat\u00eda<\/strong>\u201c, el di\u00e1logo fue coordinado por la C\u00e1tedra de Neurociencia de la Universidad Aut\u00f3noma de Madrid-Fundaci\u00f3n Tatiana P\u00e9rez, que dirige la doctora Carmen Cavada.<\/p>\n\n\n\n<p>Rizzolatti, galardonado con el premio&nbsp;<a rel=\\\"noreferrer noopener\\\" href=\\\"http:\/\/www.fpa.es\/es\/premios-princesa-de-asturias\/premiados\/2011-joseph-altman-arturo-alvarez-buylla-y-giacomo-rizzolatti.html?texto=trayectoria&amp;especifica=0\\\" target=\\\"_blank\\\">Pr\u00edncipe de Asturias de investigaci\u00f3n en 2011<\/a>, destac\u00f3 las aplicaciones pr\u00e1cticas de su descubrimiento sobre el sistema especular, en dos \u00e1reas importantes, la rehabilitaci\u00f3n y la intervenci\u00f3n temprana en los trastornos del espectro autista (TAE). El autismo visto desde la perspectiva de las neuronas espejo<strong>&nbsp;abre la esperanzadora posibilidad de corregir los s\u00edntomas en los primeros meses de vida<\/strong>, como ya sugieren algunos estudios de intervenci\u00f3n temprana.<\/p>\n\n\n\n<p>Pero,&nbsp;<strong>\u00bfqu\u00e9 es el sistema especular?<\/strong>&nbsp;As\u00ed lo explic\u00f3 Rizzolatti en&nbsp;<a href=\\\"http:\/\/www.ncbi.nlm.nih.gov\/pubmed\/19129788\\\">Nature Clinical Practice en Neurology<\/a>: \u201cLa esencia de este mecanismo de \u201cespejo\u201d es la siguiente: cuando las personas observan una acci\u00f3n realizada por otra persona, un conjunto de las neuronas que codifican [el patr\u00f3n de movimientos] para esa acci\u00f3n se activa en el sistema motor de los observadores. Dado que los observadores est\u00e1n al tanto de los resultados de sus [propios] actos motores, pueden entender lo que la otra persona est\u00e1 haciendo sin la necesidad de poner en marcha un proceso cognitivo [para averiguar la intenci\u00f3n de los otros]\u201d.<\/p>\n\n\n\n<p>\u201cEl autismo afecta a una gran variedad de estructuras nerviosas, desde la corteza cerebral al cerebelo y el tronco cerebral. Sin embargo, en un contexto m\u00e1s amplio del d\u00e9ficit del neurodesarrollo, un conjunto de s\u00edntomas de los TEA (deterioro de la comunicaci\u00f3n, del lenguaje y la emoci\u00f3n, as\u00ed como en la capacidad para comprender a los otros) parece coincidir con las funciones mediadas por el mecanismo de espejo. Una hip\u00f3tesis es que este conjunto de d\u00e9ficits podr\u00eda depender de un deterioro del mecanismo &nbsp;de espejo, y cada vez hay m\u00e1s pruebas para apoyar este punto de vista\u201d, contin\u00faa Rizzolatti.<\/p>\n\n\n\n<p><strong>El autismo visto desde las neuronas espejo<\/strong><\/p>\n\n\n\n<p><strong>Esta nueva visi\u00f3n sobre los trastornos del espectro autista<\/strong>, sostiene el neurocient\u00edfico de la Universidad de Parma, podr\u00eda utilizarse para establecer nuevas estrategias de rehabilitaci\u00f3n basadas en un enfoque motor. El fundamento de este enfoque es que si se mejora el conocimiento motor de las personas con TEA, su conocimiento social y el comportamiento tambi\u00e9n mejorar\u00eda.<\/p>\n\n\n\n<p>Lo aclara con un ejemplo: Se pidi\u00f3 a ni\u00f1os con TEA y a otros con un desarrollo normal que cogieran un alimento para comerlo o para colocarlo en un contendor. En ambos casos, se med\u00eda la actividad del m\u00fasculo milohioideo, que forma el suelo de la boca. &nbsp;En los ni\u00f1os sin TEA, ese m\u00fasculo se activaba tan pronto como mov\u00edan el brazo para coger la comida. Por el contrario, no hubo ninguna activaci\u00f3n en los ni\u00f1os con TEA. En este caso, la activaci\u00f3n del m\u00fasculo era evidente s\u00f3lo cuando se llevaban la comida a la boca. Estos datos indican que los ni\u00f1os con TEA no s\u00f3lo son incapaces de organizar sus propios actos motores en una acci\u00f3n unitaria caracterizada por una intenci\u00f3n espec\u00edfica, sino que tambi\u00e9n muestran un d\u00e9ficit en el mecanismo de espejo, como se refleja en la ausencia de activaci\u00f3n de los m\u00fasculos implicados en una acci\u00f3n observada.<\/p>\n\n\n\n<p>Y es en este punto donde Rizzolatti no est\u00e1 de acuerdo con&nbsp;<a href=\\\"http:\/\/www.investigacionyciencia.es\/revistas\/investigacion-y-ciencia\/numero\/364\/espejos-rotos-una-teora-del-autismo-6040\\\">la teor\u00eda del espejo roto de Ramachandran<\/a>. Porque, asegura, el sistema especular deteriorado, que no roto, se puede mejorar actuando en un momento muy temprano, en una ventana cr\u00edtica. Y cita los trabajos de&nbsp;<strong>Sally Rogers, de Denver<\/strong>, \u201cuna de las&nbsp;<strong>defensoras m\u00e1s fuertes del diagn\u00f3stico y la intervenci\u00f3n temprana<\/strong>, en el primer a\u00f1o de vida\u201d, explica.&nbsp;<a href=\\\"http:\/\/www.ncbi.nlm.nih.gov\/pubmed\/26088663\\\">Los trabajos de Roger<\/a>, con ni\u00f1os de seis a quince meses, en los que se detectan los primeros s\u00edntomas (como la disminuci\u00f3n de contacto con los ojos, de inter\u00e9s social, patrones de movimiento repetitivos, y la falta de comunicaci\u00f3n intencional) indican que puede mejorarse su retraso en el desarrollo. Y que esa mejor\u00eda se mantiene en el tiempo.<\/p>\n\n\n\n<p>M\u00e9todo VICON se presenta empujando a las terapias convencionales hacia un m\u00e9todo innovador basado en las preferencias de los ni\u00f1o con autismo por el mundo tecnol\u00f3gico siendo una alternativa ideal para las familias con log\u00edsticas y realidades marcadas por estos ni\u00f1os que requieren de tanta y tan costosa estimulaci\u00f3n.<\/p>\n\n\n\n<p><a href=\\\"http:\/\/www.abc.es\/ciencia\/abci-sueno-aplicar-neuronas-espejo-rehabilitacion-201602290203_noticia.html\\\">La entrevista con Rizzollatti pude leerse en aqu\u00ed<\/a><\/p>\n\n\n\n<p>Extra\u00eddo de<a href=\\\"https:\/\/abcblogs.abc.es\/cosas-cerebro\/otros-temas\/el-autismo-visto-desde-las-neuronas-espejo.html\\\"> ABC Blogs<\/a><\/p>\n\n\n\n<figure class=\\\"wp-block-image size-large\\\"><img src=\\\"https:\/\/cristinaorozbajo.com\/wp-content\/uploads\/2018\/09\/35196977_851738581678809_625273837306511360_o-1024x390.png\\\" alt=\\\"M\u00e9todo VICON\\\" class=\\\"wp-image-763\\\"\/><figcaption>Programa de desarrollo del lenguaje en ni\u00f1os con autismo<\/figcaption><\/figure>\n","protected":false},"excerpt":{"rendered":"<p>El M\u00e9todo VICON se basa en la creencia de que el sistema neuronal que nos lleva de la imitaci\u00f3n a [&hellip;]<\/p>\n","protected":false},"author":1,"featured_media":1093,"comment_status":"open","ping_status":"open","sticky":false,"template":"","format":"standard","meta":{"site-sidebar-layout":"default","site-content-layout":"","ast-site-content-layout":"default","site-content-style":"default","site-sidebar-style":"default","ast-global-header-display":"","ast-banner-title-visibility":"","ast-main-header-display":"","ast-hfb-above-header-display":"","ast-hfb-below-header-display":"","ast-hfb-mobile-header-display":"","site-post-title":"","ast-breadcrumbs-content":"","ast-featured-img":"","footer-sml-layout":"","ast-disable-related-posts":"","theme-transparent-header-meta":"","adv-header-id-meta":"","stick-header-meta":"","header-above-stick-meta":"","header-main-stick-meta":"","header-below-stick-meta":"","astra-migrate-meta-layouts":"default","ast-page-background-enabled":"default","ast-page-background-meta":{"desktop":{"background-color":"","background-image":"","background-repeat":"repeat","background-position":"center center","background-size":"auto","background-attachment":"scroll","background-type":"","background-media":"","overlay-type":"","overlay-color":"","overlay-opacity":"","overlay-gradient":""},"tablet":{"background-color":"","background-image":"","background-repeat":"repeat","background-position":"center center","background-size":"auto","background-attachment":"scroll","background-type":"","background-media":"","overlay-type":"","overlay-color":"","overlay-opacity":"","overlay-gradient":""},"mobile":{"background-color":"","background-image":"","background-repeat":"repeat","background-position":"center center","background-size":"auto","background-attachment":"scroll","background-type":"","background-media":"","overlay-type":"","overlay-color":"","overlay-opacity":"","overlay-gradient":""}},"ast-content-background-meta":{"desktop":{"background-color":"var(--ast-global-color-5)","background-image":"","background-repeat":"repeat","background-position":"center center","background-size":"auto","background-attachment":"scroll","background-type":"","background-media":"","overlay-type":"","overlay-color":"","overlay-opacity":"","overlay-gradient":""},"tablet":{"background-color":"var(--ast-global-color-5)","background-image":"","background-repeat":"repeat","background-position":"center center","background-size":"auto","background-attachment":"scroll","background-type":"","background-media":"","overlay-type":"","overlay-color":"","overlay-opacity":"","overlay-gradient":""},"mobile":{"background-color":"var(--ast-global-color-5)","background-image":"","background-repeat":"repeat","background-position":"center center","background-size":"auto","background-attachment":"scroll","background-type":"","background-media":"","overlay-type":"","overlay-color":"","overlay-opacity":"","overlay-gradient":""}},"footnotes":""},"categories":[18],"tags":[],"class_list":["post-1092","post","type-post","status-publish","format-standard","has-post-thumbnail","hentry","category-investigacion"],"_links":{"self":[{"href":"https:\/\/cristinaorozbajo.com\/en\/wp-json\/wp\/v2\/posts\/1092","targetHints":{"allow":["GET"]}}],"collection":[{"href":"https:\/\/cristinaorozbajo.com\/en\/wp-json\/wp\/v2\/posts"}],"about":[{"href":"https:\/\/cristinaorozbajo.com\/en\/wp-json\/wp\/v2\/types\/post"}],"author":[{"embeddable":true,"href":"https:\/\/cristinaorozbajo.com\/en\/wp-json\/wp\/v2\/users\/1"}],"replies":[{"embeddable":true,"href":"https:\/\/cristinaorozbajo.com\/en\/wp-json\/wp\/v2\/comments?post=1092"}],"version-history":[{"count":0,"href":"https:\/\/cristinaorozbajo.com\/en\/wp-json\/wp\/v2\/posts\/1092\/revisions"}],"wp:featuredmedia":[{"embeddable":true,"href":"https:\/\/cristinaorozbajo.com\/en\/wp-json\/wp\/v2\/media\/1093"}],"wp:attachment":[{"href":"https:\/\/cristinaorozbajo.com\/en\/wp-json\/wp\/v2\/media?parent=1092"}],"wp:term":[{"taxonomy":"category","embeddable":true,"href":"https:\/\/cristinaorozbajo.com\/en\/wp-json\/wp\/v2\/categories?post=1092"},{"taxonomy":"post_tag","embeddable":true,"href":"https:\/\/cristinaorozbajo.com\/en\/wp-json\/wp\/v2\/tags?post=1092"}],"curies":[{"name":"wp","href":"https:\/\/api.w.org\/{rel}","templated":true}]}}