{"id":1151,"date":"2020-01-28T15:38:46","date_gmt":"2020-01-28T14:38:46","guid":{"rendered":"https:\/\/cristinaorozbajo.com\/la-incidencia-de-alumnos-con-autismo-en-las-aulas-ha-aumentado-un-118-en-los-ultimos-5-anos\/"},"modified":"2020-01-28T15:38:46","modified_gmt":"2020-01-28T14:38:46","slug":"the-incidence-of-students-with-autism-in-classrooms-has-increased-by-118-in-the-last-5-years","status":"publish","type":"post","link":"https:\/\/cristinaorozbajo.com\/en\/the-incidence-of-students-with-autism-in-classrooms-has-increased-by-118-in-the-last-5-years\/","title":{"rendered":"The incidence of students with autism in classrooms has increased by 118% in the last 5 years."},"content":{"rendered":"<p>Today, January 24th, is celebrated <strong>International Day of Education<\/strong> and, for this reason, Autismo Espa\u00f1a reminds that, according to official data (IMSERSO, INE, Ministry of Education and Vocational Training, Education Councils of the Autonomous Communities...),\u00a0<strong>Of the more than 200,000 students with specific educational support needs, nearly 40,000 have a diagnosis of autism spectrum disorder (ASD).<\/strong>, a figure that could be higher if we consider the significant deficiencies in the detection and diagnostic systems in Spain.<\/p>\n\n\n\n<p>Taking into account these data, as well as the sociodemographic registry being carried out by Autismo Espa\u00f1a (and which currently has an analyzed sample of 2,116 people with ASD), the Confederation has found a&nbsp;<strong>considerable increase in the number of students enrolled with identified ASD&nbsp;<\/strong><strong>in the last five years<\/strong>&nbsp;(of more than 118% between the 2011-12 and 2017-2018 academic years), as well as&nbsp;<strong>dropout rates&nbsp;<\/strong><strong>significant of these students at the end of Secondary Education,&nbsp;<\/strong>compared to the continuation rates of the rest of the students enrolled in non-university education.<\/p>\n\n\n\n<p><strong>Autism Spain Lawsuits<\/strong><\/p>\n\n\n\n<p>For all these reasons, at Autismo Espa\u00f1a we advocate for guaranteeing the right to education for students with ASD, making existing educational offerings more flexible and innovative so that they respond to individual needs and maximize educational success, personal development, and social inclusion, while ensuring the specialized support each individual requires based on their specific needs.<\/p>\n\n\n\n<p>In this sense we also want to highlight that, as stated in the&nbsp;<em>Report of the Investigation related to Spain under Article 6 of the Optional Protocol<\/em>, \u201c<strong>It was often misinterpreted, including in official statistics, that the inclusion of students with disabilities in mainstream schools, but without the required reasonable adjustments, constituted inclusive education.<\/strong>.<\/p>\n\n\n\n<p>Article extracted from <a href=\"\/en\/\"http:>Autism.org<\/a> (click here to access the source)<\/p>\n\n\n\n<p>Cristina Oroz Bajo<\/p>\n\n\n\n<figure class=\"\\\"wp-block-image\" size-large\\\"><img src=\"\\\"https:><figcaption>Specialist in child and youth care and family care and supervision of professionals.<\/figcaption><\/figure>","protected":false},"excerpt":{"rendered":"<p>Hoy d\u00eda 24 de enero se celebra el D\u00eda Internacional de la Educaci\u00f3n y, por este motivo, Autismo Espa\u00f1a recuerda [&hellip;]<\/p>\n","protected":false},"author":1,"featured_media":1152,"comment_status":"open","ping_status":"open","sticky":false,"template":"","format":"standard","meta":{"site-sidebar-layout":"default","site-content-layout":"","ast-site-content-layout":"default","site-content-style":"default","site-sidebar-style":"default","ast-global-header-display":"","ast-banner-title-visibility":"","ast-main-header-display":"","ast-hfb-above-header-display":"","ast-hfb-below-header-display":"","ast-hfb-mobile-header-display":"","site-post-title":"","ast-breadcrumbs-content":"","ast-featured-img":"","footer-sml-layout":"","ast-disable-related-posts":"","theme-transparent-header-meta":"","adv-header-id-meta":"","stick-header-meta":"","header-above-stick-meta":"","header-main-stick-meta":"","header-below-stick-meta":"","astra-migrate-meta-layouts":"default","ast-page-background-enabled":"default","ast-page-background-meta":{"desktop":{"background-color":"","background-image":"","background-repeat":"repeat","background-position":"center center","background-size":"auto","background-attachment":"scroll","background-type":"","background-media":"","overlay-type":"","overlay-color":"","overlay-opacity":"","overlay-gradient":""},"tablet":{"background-color":"","background-image":"","background-repeat":"repeat","background-position":"center center","background-size":"auto","background-attachment":"scroll","background-type":"","background-media":"","overlay-type":"","overlay-color":"","overlay-opacity":"","overlay-gradient":""},"mobile":{"background-color":"","background-image":"","background-repeat":"repeat","background-position":"center center","background-size":"auto","background-attachment":"scroll","background-type":"","background-media":"","overlay-type":"","overlay-color":"","overlay-opacity":"","overlay-gradient":""}},"ast-content-background-meta":{"desktop":{"background-color":"var(--ast-global-color-5)","background-image":"","background-repeat":"repeat","background-position":"center center","background-size":"auto","background-attachment":"scroll","background-type":"","background-media":"","overlay-type":"","overlay-color":"","overlay-opacity":"","overlay-gradient":""},"tablet":{"background-color":"var(--ast-global-color-5)","background-image":"","background-repeat":"repeat","background-position":"center center","background-size":"auto","background-attachment":"scroll","background-type":"","background-media":"","overlay-type":"","overlay-color":"","overlay-opacity":"","overlay-gradient":""},"mobile":{"background-color":"var(--ast-global-color-5)","background-image":"","background-repeat":"repeat","background-position":"center center","background-size":"auto","background-attachment":"scroll","background-type":"","background-media":"","overlay-type":"","overlay-color":"","overlay-opacity":"","overlay-gradient":""}},"footnotes":""},"categories":[18],"tags":[],"class_list":["post-1151","post","type-post","status-publish","format-standard","has-post-thumbnail","hentry","category-investigacion"],"_links":{"self":[{"href":"https:\/\/cristinaorozbajo.com\/en\/wp-json\/wp\/v2\/posts\/1151","targetHints":{"allow":["GET"]}}],"collection":[{"href":"https:\/\/cristinaorozbajo.com\/en\/wp-json\/wp\/v2\/posts"}],"about":[{"href":"https:\/\/cristinaorozbajo.com\/en\/wp-json\/wp\/v2\/types\/post"}],"author":[{"embeddable":true,"href":"https:\/\/cristinaorozbajo.com\/en\/wp-json\/wp\/v2\/users\/1"}],"replies":[{"embeddable":true,"href":"https:\/\/cristinaorozbajo.com\/en\/wp-json\/wp\/v2\/comments?post=1151"}],"version-history":[{"count":0,"href":"https:\/\/cristinaorozbajo.com\/en\/wp-json\/wp\/v2\/posts\/1151\/revisions"}],"wp:featuredmedia":[{"embeddable":true,"href":"https:\/\/cristinaorozbajo.com\/en\/wp-json\/wp\/v2\/media\/1152"}],"wp:attachment":[{"href":"https:\/\/cristinaorozbajo.com\/en\/wp-json\/wp\/v2\/media?parent=1151"}],"wp:term":[{"taxonomy":"category","embeddable":true,"href":"https:\/\/cristinaorozbajo.com\/en\/wp-json\/wp\/v2\/categories?post=1151"},{"taxonomy":"post_tag","embeddable":true,"href":"https:\/\/cristinaorozbajo.com\/en\/wp-json\/wp\/v2\/tags?post=1151"}],"curies":[{"name":"wp","href":"https:\/\/api.w.org\/{rel}","templated":true}]}}