{"id":1156,"date":"2020-02-03T21:24:58","date_gmt":"2020-02-03T20:24:58","guid":{"rendered":"https:\/\/cristinaorozbajo.com\/plan-estrategico-para-el-2020-2025-de-autismo-espana-tu-opinion-cuenta\/"},"modified":"2020-02-03T21:24:58","modified_gmt":"2020-02-03T20:24:58","slug":"strategic-plan-for-autism-in-spain-for-2020-2025-your-opinion-counts","status":"publish","type":"post","link":"https:\/\/cristinaorozbajo.com\/en\/strategic-plan-for-autism-in-spain-for-2020-2025-your-opinion-counts\/","title":{"rendered":"Autism Spain&#039;s Strategic Plan for 2020-2025: Your opinion counts!"},"content":{"rendered":"<p>The <a href=\"\/en\/\"http:>Autism Confederation of Spain<\/a> is immersed in the development of a <strong>new Strategic Plan<\/strong>, which will govern its actions in the period 2020-2025. In addition to internal consultations and with interest groups, we want to open this important process to the <strong>participation of all citizens<\/strong>, especially to those people who collaborate in some way with the autism association movement.&nbsp;<\/p>\n\n\n\n<p>To do so, they&#039;ve developed a short questionnaire, which we ask you to complete. It won&#039;t take more than five minutes. Because your opinion counts and is very important to us.<\/p>\n\n\n\n<p>Access the form by clicking &nbsp;<strong><a rel=\"\\\"noreferrer\" noopener\\\" href=\"\/en\/\"https:>here<\/a><\/strong><\/p>\n\n\n\n<p><\/p>\n\n\n\n<p>Thank you very much in advance for your collaboration!<\/p>\n\n\n\n<p>Source extracted from: <a href=\"\/en\/\"http:>http:\/\/www.autismo.org.es\/<\/a><\/p>\n\n\n\n<p><\/p>\n\n\n\n<p>Cristina Oroz Bajo<\/p>\n\n\n\n<figure class=\"\\\"wp-block-image\" size-large\\\"><img src=\"\\\"https:><figcaption>Specialist in child and youth care and family care and supervision of professionals.<\/figcaption><\/figure>\n\n\n\n<figure class=\"\\\"wp-block-image\" size-large\\\"><img src=\"\\\"https:><figcaption>Language development programme for children with autism<\/figcaption><\/figure>","protected":false},"excerpt":{"rendered":"<p>La Confederaci\u00f3n Autismo Espa\u00f1a se encuentra inmersa en la elaboraci\u00f3n de un nuevo Plan Estrat\u00e9gico, por el que se regir\u00e1n [&hellip;]<\/p>\n","protected":false},"author":1,"featured_media":1157,"comment_status":"open","ping_status":"open","sticky":false,"template":"","format":"standard","meta":{"site-sidebar-layout":"default","site-content-layout":"","ast-site-content-layout":"default","site-content-style":"default","site-sidebar-style":"default","ast-global-header-display":"","ast-banner-title-visibility":"","ast-main-header-display":"","ast-hfb-above-header-display":"","ast-hfb-below-header-display":"","ast-hfb-mobile-header-display":"","site-post-title":"","ast-breadcrumbs-content":"","ast-featured-img":"","footer-sml-layout":"","ast-disable-related-posts":"","theme-transparent-header-meta":"","adv-header-id-meta":"","stick-header-meta":"","header-above-stick-meta":"","header-main-stick-meta":"","header-below-stick-meta":"","astra-migrate-meta-layouts":"default","ast-page-background-enabled":"default","ast-page-background-meta":{"desktop":{"background-color":"","background-image":"","background-repeat":"repeat","background-position":"center center","background-size":"auto","background-attachment":"scroll","background-type":"","background-media":"","overlay-type":"","overlay-color":"","overlay-opacity":"","overlay-gradient":""},"tablet":{"background-color":"","background-image":"","background-repeat":"repeat","background-position":"center center","background-size":"auto","background-attachment":"scroll","background-type":"","background-media":"","overlay-type":"","overlay-color":"","overlay-opacity":"","overlay-gradient":""},"mobile":{"background-color":"","background-image":"","background-repeat":"repeat","background-position":"center center","background-size":"auto","background-attachment":"scroll","background-type":"","background-media":"","overlay-type":"","overlay-color":"","overlay-opacity":"","overlay-gradient":""}},"ast-content-background-meta":{"desktop":{"background-color":"var(--ast-global-color-5)","background-image":"","background-repeat":"repeat","background-position":"center center","background-size":"auto","background-attachment":"scroll","background-type":"","background-media":"","overlay-type":"","overlay-color":"","overlay-opacity":"","overlay-gradient":""},"tablet":{"background-color":"var(--ast-global-color-5)","background-image":"","background-repeat":"repeat","background-position":"center center","background-size":"auto","background-attachment":"scroll","background-type":"","background-media":"","overlay-type":"","overlay-color":"","overlay-opacity":"","overlay-gradient":""},"mobile":{"background-color":"var(--ast-global-color-5)","background-image":"","background-repeat":"repeat","background-position":"center center","background-size":"auto","background-attachment":"scroll","background-type":"","background-media":"","overlay-type":"","overlay-color":"","overlay-opacity":"","overlay-gradient":""}},"footnotes":""},"categories":[18],"tags":[],"class_list":["post-1156","post","type-post","status-publish","format-standard","has-post-thumbnail","hentry","category-investigacion"],"_links":{"self":[{"href":"https:\/\/cristinaorozbajo.com\/en\/wp-json\/wp\/v2\/posts\/1156","targetHints":{"allow":["GET"]}}],"collection":[{"href":"https:\/\/cristinaorozbajo.com\/en\/wp-json\/wp\/v2\/posts"}],"about":[{"href":"https:\/\/cristinaorozbajo.com\/en\/wp-json\/wp\/v2\/types\/post"}],"author":[{"embeddable":true,"href":"https:\/\/cristinaorozbajo.com\/en\/wp-json\/wp\/v2\/users\/1"}],"replies":[{"embeddable":true,"href":"https:\/\/cristinaorozbajo.com\/en\/wp-json\/wp\/v2\/comments?post=1156"}],"version-history":[{"count":0,"href":"https:\/\/cristinaorozbajo.com\/en\/wp-json\/wp\/v2\/posts\/1156\/revisions"}],"wp:featuredmedia":[{"embeddable":true,"href":"https:\/\/cristinaorozbajo.com\/en\/wp-json\/wp\/v2\/media\/1157"}],"wp:attachment":[{"href":"https:\/\/cristinaorozbajo.com\/en\/wp-json\/wp\/v2\/media?parent=1156"}],"wp:term":[{"taxonomy":"category","embeddable":true,"href":"https:\/\/cristinaorozbajo.com\/en\/wp-json\/wp\/v2\/categories?post=1156"},{"taxonomy":"post_tag","embeddable":true,"href":"https:\/\/cristinaorozbajo.com\/en\/wp-json\/wp\/v2\/tags?post=1156"}],"curies":[{"name":"wp","href":"https:\/\/api.w.org\/{rel}","templated":true}]}}