{"id":360,"date":"2017-05-10T09:39:50","date_gmt":"2017-05-10T08:39:50","guid":{"rendered":"https:\/\/cristinaorozbajo.com\/aumenta-la-inteligencia-de-tu-hijo-con-la-estimulacion-temprana\/"},"modified":"2017-05-10T09:39:50","modified_gmt":"2017-05-10T08:39:50","slug":"increase-your-childs-intelligence-with-early-stimulation","status":"publish","type":"post","link":"https:\/\/cristinaorozbajo.com\/en\/increase-your-childs-intelligence-with-early-stimulation\/","title":{"rendered":"Early Stimulation Program &quot;Increase Your Child&#039;s Intelligence&quot;"},"content":{"rendered":"<p><!-- Hotjar Tracking Code for www.cristinaorozbajo.com --><script>\/\/ <![CDATA[\n    (function(h,o,t,j,a,r){\n        h.hj=h.hj||function(){(h.hj.q=h.hj.q||[]).push(arguments)};\n        h._hjSettings={hjid:499717,hjsv:5};\n        a=o.getElementsByTagName(\\'head\\')[0];\n        r=o.createElement(\\'script\\');r.async=1;\n        r.src=t+h._hjSettings.hjid+j+h._hjSettings.hjsv;\n        a.appendChild(r);\n    })(window,document,\\'\/\/static.hotjar.com\/c\/hotjar-\\',\\'.js?sv=\\');\n\/\/ ]]><\/script><\/p>\n<div class=\\\"et_pb_row\\\">\n<div class=\\\"et_pb_column et_pb_column_4_4\\\">\n<div class=\\\"et_pb_text et_pb_bg_layout_light et_pb_text_align_center\\\">\n<h2>PROGRAMA DE ESTIMULACI\u00d3N TEMPRANA (N\u00faria Ferr\u00e9s)<\/h2>\n<p><a href=\\\"http:\/\/402b0-yp3psip2z8f4yh5fcpcc.hop.clickbank.net\/\\\" target=\\\"_top\\\">Click Here!<\/a><\/p>\n<\/div>\n<\/div>\n<\/div>\n<div class=\\\"et_pb_row\\\"><\/div>\n<p><strong>Participa activamente<\/strong> en su desarrollo,\u00a0nadie va a tener una influencia afectiva mayor que t\u00fa sobre tu hijo. \u00c9l te necesita para poder\u00a0<strong>desarrollar su potencial<\/strong>\u00a0con facilidad y felizmente,\u00a0<strong>cuanto antes y con amor<\/strong>.<\/p>\n<p>Adem\u00e1s es una <strong>misi\u00f3n maravillosa<\/strong>, no la delegues\u2026 es demasiado importante. El cerebro se desarrolla con el uso y esto puede realizarse a lo largo de toda la vida, sin embargo, nunca ser\u00e1 tan f\u00e1cil hacerlo y tan duraderos sus resultados como en los primeros a\u00f1os de vida.<\/p>\n<p>&nbsp;<\/p>\n<div class=\\\"et_pb_row\\\">\n<div class=\\\"et_pb_column et_pb_column_1_2\\\">\n<div class=\\\"et_pb_text et_pb_bg_layout_light et_pb_text_align_center\\\">\n<div class=\\\"et_pb_section et_section_regular\\\">\n<div class=\\\"et_pb_row\\\">\n<div class=\\\"et_pb_column et_pb_column_4_4\\\">\n<div class=\\\"et_pb_text et_pb_bg_layout_light et_pb_text_align_left\\\">\n<p><strong>AQU\u00cd DEJO EL ENLACE DONDE PODR\u00c9IS ADQUIRIR EL MATERIAL. NO OS DEJAR\u00c1 INDIFERENTES.<\/strong><\/p>\n<\/div>\n<\/div>\n<\/div>\n<\/div>\n<\/div>\n<\/div>\n<\/div>\n<p><a href=\\\"http:\/\/402b0-yp3psip2z8f4yh5fcpcc.hop.clickbank.net\/\\\">http:\/\/402b0-yp3psip2z8f4yh5fcpcc.hop.clickbank.net\/<\/a><\/p>\n<p>&nbsp;<\/p>\n<div class=\\\"et_pb_row\\\">\n<div class=\\\"et_pb_column et_pb_column_1_2\\\">\n<div class=\\\"et_pb_text et_pb_bg_layout_light et_pb_text_align_left\\\">\n<p><img class=\\\"alignleft wp-image-95\\\" src=\\\"http:\/\/aumentalainteligenciadetuhijo.com\/estimulaciontemprana\/wp-content\/uploads\/2014\/05\/ser-padres-1.jpg\\\" alt=\\\"Estimulaci\u00f3n Temprana | Crecimientos y desarrollo del ni\u00f1o\\\" width=\\\"160\\\" height=\\\"193\\\" \/>\u00a0Para ayudarte durante todo el proceso, el curso <strong>Aumenta La Inteligencia De Tu Hijo<\/strong>\u00a0te va a llevar de la mano con un programa organizado y completo para que puedas ir directo al grano.<\/p>\n<p>Adem\u00e1s de los siete m\u00f3dulos de los que consta el curso dispondr\u00e1s de un servicio de consultor\u00eda en el que podr\u00e1s planter cualquier duda o consejo que necesites. Est\u00e1 dise\u00f1ado para aplicarlo en ni\u00f1os entre los 0 y los 6 a\u00f1os aproximadamente. Puedes empezar en cualquier momento dentro de esta franja de edad, pero cuanto antes\u2026\u00a0 mejor.<\/p>\n<\/div>\n<\/div>\n<div class=\\\"et_pb_column et_pb_column_1_2\\\">\n<div class=\\\"et_pb_text et_pb_bg_layout_light et_pb_text_align_center\\\">\n<p>Los\u00a0<strong>siete m\u00f3dulos<\/strong>\u00a0que forman el programa est\u00e1n cuidadosamente seleccionados para que contengan las actividades clave que m\u00e1s van a\u00a0<strong>favorecer el desarrollo intelectual y f\u00edsico de tu hijo<\/strong>.<\/p>\n<p><img class=\\\"alignleft wp-image-245 size-full\\\" src=\\\"http:\/\/aumentalainteligenciadetuhijo.com\/estimulaciontemprana\/wp-content\/uploads\/2014\/09\/aumenta-package.jpg\\\" alt=\\\"aumenta-package\\\" width=\\\"227\\\" height=\\\"205\\\" \/><\/p>\n<p>Todo el material del programa es en formato digital: v\u00eddeos explicativos y demostrativos, libros electr\u00f3nicos, material para la ense\u00f1anza en forma de presentaciones\u2026<\/p>\n<p>El acceso a este material se realiza a trav\u00e9s de un \u00e1rea de miembros mediante un nombre de usuario y una contrase\u00f1a que se eligen en el momento de la adquisici\u00f3n. El acceso a la membres\u00eda es para siempre y todo el material lo puedes descargar a tu ordenador. Cada semana dispondr\u00e1s de m\u00e1s material hasta completar los 7 m\u00f3dulos en 7 meses. El acceso a la primera semana del primero m\u00f3dulo es inmediato\u2026<\/p>\n<p>&nbsp;<\/p>\n<div class=\\\"et_pb_section et_section_regular\\\">\n<div class=\\\"et_pb_row\\\">\n<div class=\\\"et_pb_column et_pb_column_4_4\\\">\n<div class=\\\"et_pb_text et_pb_bg_layout_light et_pb_text_align_center\\\">\n<h2><\/h2>\n<h2>7 m\u00f3dulos para desarrollar la capacidad intelectual y f\u00edsica de tu hijo<\/h2>\n<\/div>\n<\/div>\n<\/div>\n<div class=\\\"et_pb_row\\\">\n<div class=\\\"et_pb_column et_pb_column_4_4\\\">\n<div class=\\\"et_pb_text et_pb_bg_layout_light et_pb_text_align_left\\\">\n<p><img class=\\\"alignleft wp-image-150\\\" src=\\\"http:\/\/aumentalainteligenciadetuhijo.com\/estimulaciontemprana\/wp-content\/uploads\/2014\/08\/lectura.jpg\\\" alt=\\\"\\\" width=\\\"35\\\" height=\\\"35\\\" \/><\/p>\n<h4>\u00a0Lectura<\/h4>\n<\/div>\n<div id=\\\"Lectura\\\" class=\\\"et_pb_toggle et_pb_toggle_close\\\">\n<h5 class=\\\"et_pb_toggle_title\\\">M\u00f3dulo 1 &#8211; Programa de Lectura<\/h5>\n<\/div>\n<\/div>\n<\/div>\n<div class=\\\"et_pb_row\\\">\n<div class=\\\"et_pb_column et_pb_column_4_4\\\">\n<div class=\\\"et_pb_text et_pb_bg_layout_light et_pb_text_align_left\\\">\n<p><img class=\\\"alignleft wp-image-155\\\" src=\\\"http:\/\/aumentalainteligenciadetuhijo.com\/estimulaciontemprana\/wp-content\/uploads\/2014\/08\/ConocGen1.jpg\\\" alt=\\\"ConocGen1\\\" width=\\\"35\\\" height=\\\"35\\\" \/><\/p>\n<h4>\u00a0Conocimientos Generales<\/h4>\n<\/div>\n<div class=\\\"et_pb_toggle et_pb_toggle_close\\\">\n<h5 class=\\\"et_pb_toggle_title\\\">M\u00f3dulo 2 &#8211; Programa de Conocimientos Generales<\/h5>\n<\/div>\n<\/div>\n<\/div>\n<div class=\\\"et_pb_row\\\">\n<div class=\\\"et_pb_column et_pb_column_4_4\\\">\n<div class=\\\"et_pb_text et_pb_bg_layout_light et_pb_text_align_left\\\">\n<h4>\u00a0<img class=\\\"alignleft wp-image-149\\\" src=\\\"http:\/\/aumentalainteligenciadetuhijo.com\/estimulaciontemprana\/wp-content\/uploads\/2014\/08\/Mates.jpg\\\" alt=\\\"Mates\\\" width=\\\"35\\\" height=\\\"35\\\" \/>\u00a0Matem\u00e1ticas<\/h4>\n<\/div>\n<div class=\\\"et_pb_toggle et_pb_toggle_close\\\">\n<h5 class=\\\"et_pb_toggle_title\\\">M\u00f3dulo 3 &#8211; Programa de Matem\u00e1ticas<\/h5>\n<\/div>\n<\/div>\n<\/div>\n<div class=\\\"et_pb_row\\\">\n<div class=\\\"et_pb_column et_pb_column_4_4\\\">\n<div class=\\\"et_pb_text et_pb_bg_layout_light et_pb_text_align_left\\\">\n<p><img class=\\\"alignleft wp-image-148\\\" src=\\\"http:\/\/aumentalainteligenciadetuhijo.com\/estimulaciontemprana\/wp-content\/uploads\/2014\/08\/ProgFisico.jpg\\\" alt=\\\"ProgFisico\\\" width=\\\"35\\\" height=\\\"35\\\" \/><\/p>\n<h4>\u00a0Programa F\u00edsico<\/h4>\n<\/div>\n<div class=\\\"et_pb_toggle et_pb_toggle_close\\\">\n<h5 class=\\\"et_pb_toggle_title\\\">M\u00f3dulo 4 &#8211; Programa F\u00edsico<\/h5>\n<\/div>\n<\/div>\n<\/div>\n<div class=\\\"et_pb_row\\\">\n<div class=\\\"et_pb_column et_pb_column_4_4\\\">\n<div class=\\\"et_pb_text et_pb_bg_layout_light et_pb_text_align_left\\\">\n<p><img class=\\\"alignleft wp-image-151\\\" src=\\\"http:\/\/aumentalainteligenciadetuhijo.com\/estimulaciontemprana\/wp-content\/uploads\/2014\/08\/Idiomas.jpg\\\" alt=\\\"Idiomas\\\" width=\\\"35\\\" height=\\\"35\\\" \/><\/p>\n<h4>\u00a0Idiomas<\/h4>\n<\/div>\n<div class=\\\"et_pb_toggle et_pb_toggle_close\\\">\n<h5 class=\\\"et_pb_toggle_title\\\">M\u00f3dulo 5 &#8211; Programa de Idiomas<\/h5>\n<\/div>\n<\/div>\n<\/div>\n<div class=\\\"et_pb_row\\\">\n<div class=\\\"et_pb_column et_pb_column_4_4\\\">\n<div class=\\\"et_pb_text et_pb_bg_layout_light et_pb_text_align_left\\\">\n<p><img class=\\\"alignleft wp-image-152\\\" src=\\\"http:\/\/aumentalainteligenciadetuhijo.com\/estimulaciontemprana\/wp-content\/uploads\/2014\/08\/Escritura.jpg\\\" alt=\\\"Escritura\\\" width=\\\"35\\\" height=\\\"35\\\" \/><\/p>\n<h4>\u00a0Escritura<\/h4>\n<\/div>\n<div class=\\\"et_pb_toggle et_pb_toggle_close\\\">\n<h5 class=\\\"et_pb_toggle_title\\\">M\u00f3dulo 6 &#8211; Programa de Escritura<\/h5>\n<\/div>\n<\/div>\n<\/div>\n<div class=\\\"et_pb_row\\\">\n<div class=\\\"et_pb_column et_pb_column_4_4\\\">\n<div class=\\\"et_pb_text et_pb_bg_layout_light et_pb_text_align_left\\\">\n<h4>\u00a0Dibujo<img class=\\\"alignleft wp-image-153\\\" src=\\\"http:\/\/aumentalainteligenciadetuhijo.com\/estimulaciontemprana\/wp-content\/uploads\/2014\/08\/Dibujo.jpg\\\" alt=\\\"Dibujo\\\" width=\\\"35\\\" height=\\\"35\\\" \/><\/h4>\n<\/div>\n<div class=\\\"et_pb_toggle et_pb_toggle_close\\\">\n<h5 class=\\\"et_pb_toggle_title\\\">M\u00f3dulo 7 &#8211; Programa de Dibujo<\/h5>\n<\/div>\n<\/div>\n<\/div>\n<\/div>\n<div class=\\\"et_pb_section et_section_regular\\\">\n<div class=\\\"et_pb_row\\\">\n<div class=\\\"et_pb_column et_pb_column_4_4\\\">\n<div class=\\\"et_pb_text et_pb_bg_layout_light et_pb_text_align_center\\\">\n<h2>Nuria Ferr\u00e9s, autora del Programa Aumenta La Inteligencia De Tu Hijo<\/h2>\n<\/div>\n<\/div>\n<\/div>\n<div class=\\\"et_pb_row\\\">\n<div class=\\\"et_pb_column et_pb_column_4_4\\\">\n<div class=\\\"et_pb_text et_pb_bg_layout_light et_pb_text_align_left\\\">\n<p><img class=\\\"alignleft wp-image-280\\\" src=\\\"http:\/\/aumentalainteligenciadetuhijo.com\/estimulaciontemprana\/wp-content\/uploads\/2014\/05\/Nuria-Ferres-round-246x300.png\\\" alt=\\\"Nuria-Ferres-round\\\" width=\\\"205\\\" height=\\\"250\\\" \/><strong>Madre y<\/strong>\u00a0<strong>experta en e<\/strong><strong>stimulaci\u00f3n temprana, master en neurociencias, doctorando en Biomedicina<\/strong>.<\/p>\n<p>Formada\u00a0en Filadelfia en \u201cThe Institutes for the Achievement of Human Potential\u201d para el desarrollo cerebral en la infancia por Glenn Doman (miembros de \u201cThe International Academy for Child Brain Development (IACBD)\u201d.<\/p>\n<div id=\\\"attachment_108\\\" class=\\\"wp-caption alignright\\\">\n<p><img class=\\\"wp-image-108 size-medium\\\" src=\\\"http:\/\/aumentalainteligenciadetuhijo.com\/estimulaciontemprana\/wp-content\/uploads\/2014\/05\/Glenn-Doman-Nuria-Ferres-Katie-Doman-estimulaciontemprana-300x225.jpg\\\" alt=\\\"Glenn Doman - Nuria Ferr\u00e9s - Katie Doman\\\" width=\\\"300\\\" height=\\\"225\\\" \/><\/p>\n<p class=\\\"wp-caption-text\\\">Glenn Doman \u2013 Nuria Ferr\u00e9s \u2013 Katie Doman<\/p>\n<\/div>\n<p>En los Institutos con\u00a0<strong>Glenn Doman y sus hijos<\/strong>\u00a0<strong>Janet Doman<\/strong>\u00a0y\u00a0<strong>Douglas Doman<\/strong>, curs\u00e9 sus estudios.\u00a0Tras ello\u00a0dediqu\u00e9 los siguientes\u00a0<strong>7 a\u00f1os<\/strong>\u00a0de mi vida en cuerpo y alma a la\u00a0<strong>estimulaci\u00f3n temprana de mis hijos<\/strong>, ampli\u00e9 el programa con m\u00e9todos y consejos de personas maravillosas, como\u00a0<strong>Schini Suzuki<\/strong>, que han dedicado su vida a potenciar\u00a0<strong>el talento de los ni\u00f1os<\/strong>\u00a0porque saben que lo tienen y conf\u00edan en ellos y en el amor de sus padres para poder desarrollarlo.<\/p>\n<p>La formaci\u00f3n en el campo de la neurociencia me ha permitido aplicar y explicar\u00a0t\u00e9cnicas correctas de estimulaci\u00f3n temprana, con rigor cient\u00edfico, tanto en beb\u00e9s desde su nacimiento, como en ni\u00f1os hasta los 6 o 7 a\u00f1os de edad. Los resultados, entre otros, abarcan mejoras en su concentraci\u00f3n, inteligencia, memoria, estado de \u00e1nimo, comportamiento, capacidad f\u00edsica, reducci\u00f3n de s\u00edntomas en s\u00edndromes como el trastorno por d\u00e9ficit de atenci\u00f3n con hiperactividad, etc.<\/p>\n<p>La formaci\u00f3n continua es esencial y m\u00e1s en un \u00e1mbito que est\u00e1 avanzando tanto en los \u00faltimos a\u00f1os como la neurociencia y para m\u00ed es un orgullo formar parte de la investigaci\u00f3n cient\u00edfica en este \u00e1rea. La realizaci\u00f3n de un doctorado en Biomedicina culmina dicha formaci\u00f3n al m\u00e1s alto nivel con la intenci\u00f3n de proporcionar informaci\u00f3n y consejos con rigor cient\u00edfico pero de la forma m\u00e1s entendedora posible a padres, formadores y a todo aqu\u00e9l que le pueda interesar el desarrollo de la inteligencia y el talento personal.<\/p>\n<p>Actualmente formo parte del equipo de investigaci\u00f3n cient\u00edfica en el CBC (Center for Brain and Cognition) de la Universidad Pompeu Fabra y ofrezco servicios de consultor\u00eda\u00a0para el desarrollo del talento en la infancia en escuelas, con charlas para padres, cursos para padres y dise\u00f1o de curr\u00edculum personalizado\u00a0para el ciclo infantil.<\/p>\n<p>&nbsp;<\/p>\n<\/div>\n<\/div>\n<\/div>\n<\/div>\n<\/div>\n<\/div>\n<\/div>\n<p><a href=\\\"http:\/\/402b0-yp3psip2z8f4yh5fcpcc.hop.clickbank.net\/\\\" target=\\\"_top\\\">Click Here!<\/a><\/p>\n","protected":false},"excerpt":{"rendered":"<p>PROGRAMA DE ESTIMULACI\u00d3N TEMPRANA (N\u00faria Ferr\u00e9s) Click Here! Participa activamente en su desarrollo,\u00a0nadie va a tener una influencia afectiva mayor [&hellip;]<\/p>\n","protected":false},"author":1,"featured_media":361,"comment_status":"open","ping_status":"open","sticky":false,"template":"","format":"standard","meta":{"site-sidebar-layout":"default","site-content-layout":"","ast-site-content-layout":"default","site-content-style":"default","site-sidebar-style":"default","ast-global-header-display":"","ast-banner-title-visibility":"","ast-main-header-display":"","ast-hfb-above-header-display":"","ast-hfb-below-header-display":"","ast-hfb-mobile-header-display":"","site-post-title":"","ast-breadcrumbs-content":"","ast-featured-img":"","footer-sml-layout":"","ast-disable-related-posts":"","theme-transparent-header-meta":"","adv-header-id-meta":"","stick-header-meta":"","header-above-stick-meta":"","header-main-stick-meta":"","header-below-stick-meta":"","astra-migrate-meta-layouts":"default","ast-page-background-enabled":"default","ast-page-background-meta":{"desktop":{"background-color":"","background-image":"","background-repeat":"repeat","background-position":"center center","background-size":"auto","background-attachment":"scroll","background-type":"","background-media":"","overlay-type":"","overlay-color":"","overlay-opacity":"","overlay-gradient":""},"tablet":{"background-color":"","background-image":"","background-repeat":"repeat","background-position":"center center","background-size":"auto","background-attachment":"scroll","background-type":"","background-media":"","overlay-type":"","overlay-color":"","overlay-opacity":"","overlay-gradient":""},"mobile":{"background-color":"","background-image":"","background-repeat":"repeat","background-position":"center center","background-size":"auto","background-attachment":"scroll","background-type":"","background-media":"","overlay-type":"","overlay-color":"","overlay-opacity":"","overlay-gradient":""}},"ast-content-background-meta":{"desktop":{"background-color":"var(--ast-global-color-5)","background-image":"","background-repeat":"repeat","background-position":"center center","background-size":"auto","background-attachment":"scroll","background-type":"","background-media":"","overlay-type":"","overlay-color":"","overlay-opacity":"","overlay-gradient":""},"tablet":{"background-color":"var(--ast-global-color-5)","background-image":"","background-repeat":"repeat","background-position":"center center","background-size":"auto","background-attachment":"scroll","background-type":"","background-media":"","overlay-type":"","overlay-color":"","overlay-opacity":"","overlay-gradient":""},"mobile":{"background-color":"var(--ast-global-color-5)","background-image":"","background-repeat":"repeat","background-position":"center center","background-size":"auto","background-attachment":"scroll","background-type":"","background-media":"","overlay-type":"","overlay-color":"","overlay-opacity":"","overlay-gradient":""}},"footnotes":""},"categories":[11],"tags":[72,73,74,75,23,10,40,76,25,16,77],"class_list":["post-360","post","type-post","status-publish","format-standard","has-post-thumbnail","hentry","category-estimulacion-infantil","tag-aprendizaje","tag-claves","tag-curso","tag-desarrollo","tag-educacion","tag-estimulacion","tag-estimulacion-infantil","tag-intervencion","tag-maternidad","tag-ninos","tag-programa"],"_links":{"self":[{"href":"https:\/\/cristinaorozbajo.com\/en\/wp-json\/wp\/v2\/posts\/360","targetHints":{"allow":["GET"]}}],"collection":[{"href":"https:\/\/cristinaorozbajo.com\/en\/wp-json\/wp\/v2\/posts"}],"about":[{"href":"https:\/\/cristinaorozbajo.com\/en\/wp-json\/wp\/v2\/types\/post"}],"author":[{"embeddable":true,"href":"https:\/\/cristinaorozbajo.com\/en\/wp-json\/wp\/v2\/users\/1"}],"replies":[{"embeddable":true,"href":"https:\/\/cristinaorozbajo.com\/en\/wp-json\/wp\/v2\/comments?post=360"}],"version-history":[{"count":0,"href":"https:\/\/cristinaorozbajo.com\/en\/wp-json\/wp\/v2\/posts\/360\/revisions"}],"wp:featuredmedia":[{"embeddable":true,"href":"https:\/\/cristinaorozbajo.com\/en\/wp-json\/wp\/v2\/media\/361"}],"wp:attachment":[{"href":"https:\/\/cristinaorozbajo.com\/en\/wp-json\/wp\/v2\/media?parent=360"}],"wp:term":[{"taxonomy":"category","embeddable":true,"href":"https:\/\/cristinaorozbajo.com\/en\/wp-json\/wp\/v2\/categories?post=360"},{"taxonomy":"post_tag","embeddable":true,"href":"https:\/\/cristinaorozbajo.com\/en\/wp-json\/wp\/v2\/tags?post=360"}],"curies":[{"name":"wp","href":"https:\/\/api.w.org\/{rel}","templated":true}]}}