{"id":84,"date":"2014-07-16T14:26:59","date_gmt":"2014-07-16T13:26:59","guid":{"rendered":"https:\/\/cristinaorozbajo.com\/la-importancia-de-la-atencion-temprana\/"},"modified":"2014-07-16T14:26:59","modified_gmt":"2014-07-16T13:26:59","slug":"the-importance-of-early-care","status":"publish","type":"post","link":"https:\/\/cristinaorozbajo.com\/en\/the-importance-of-early-care\/","title":{"rendered":"The importance of early care"},"content":{"rendered":"<p style=\\\"text-align: justify;\\\"><!-- Hotjar Tracking Code for www.cristinaorozbajo.com --><script>\/\/ <![CDATA[\n(function(h,o,t,j,a,r){ h.hj=h.hj||function(){(h.hj.q=h.hj.q||[]).push(arguments)}; h._hjSettings={hjid:499717,hjsv:5}; a=o.getElementsByTagName(\\'head\\')[0]; r=o.createElement(\\'script\\');r.async=1; r.src=t+h._hjSettings.hjid+j+h._hjSettings.hjsv; a.appendChild(r); })(window,document,\\'\/\/static.hotjar.com\/c\/hotjar-\\',\\'.js?sv=\\');\n\/\/ ]]><\/script><br \/>\nLa importancia de la Atenci\u00f3n Temprana de los 0 a 6 a\u00f1os es inefable, el cerebro de un beb\u00e9 reci\u00e9n nacido tiene de un 30 a un 60 por ciento m\u00e1s de neuronas que el de un adulto. Adem\u00e1s las sinopsis (las conexiones neuronales) son m\u00e1s abundantes y alcanzan su densidad m\u00e1xima en los primeros 15 meses de vida, motivo por el cual resulta fundamental aprovechar este per\u00edodo para promover su estimulaci\u00f3n.<\/p>\n<p style=\\\"text-align: justify;\\\"><strong>La Atenci\u00f3n Temprana<\/strong> (AT) <strong>es el conjunto de acciones dirigidas al ni\u00f1o de 0 a 6 a\u00f1os con alteraciones en el desarrollo<\/strong> (motoras, cognitivas, sensoriales, comunicativas, emocionales\u2026) <strong>o riesgo de padecerlas, a su familia y a su entorno.<\/strong> El objetivo es dar respuesta lo m\u00e1s pronto posible a las necesidades transitorias o permanentes que presente el ni\u00f1o para facilitar su evoluci\u00f3n en todas las facetas, respetando su propio ritmo y fundamentando la intervenci\u00f3n tanto en principios cient\u00edficos, como en aspectos relacionales, l\u00fadicos y funcionales.<\/p>\n<p style=\\\"text-align: justify;\\\">Otro objetivo fundamental de la intervenci\u00f3n es conseguir que la familia conozca y comprenda la realidad de su hijo, sus capacidades y sus limitaciones, actuando como agente potenciador del desarrollo del ni\u00f1o, adecuando su entorno a sus necesidades f\u00edsicas, mentales y sociales, procurando su bienestar y facilitando su integraci\u00f3n social.<\/p>\n<p style=\\\"text-align: justify;\\\">\n<p style=\\\"text-align: justify;\\\"><strong>OBJETIVOS<\/strong><\/p>\n<ul style=\\\"text-align: justify;\\\">\n<li>Reducir los efectos de una deficiencia o d\u00e9ficit sobre el conjunto global del desarrollo del ni\u00f1o.<\/li>\n<li>Optimizar, en la medida de lo posible, el curso del desarrollo del ni\u00f1o.<\/li>\n<li>Introducir los mecanismos necesarios de compensaci\u00f3n, eliminaci\u00f3n de barreras y adaptaci\u00f3n a necesidades espec\u00edficas.<\/li>\n<li>Evitar o reducir la aparici\u00f3n de efectos o d\u00e9ficits secundarios o asociados producidos por un trastorno o situaci\u00f3n de alto riesgo.<\/li>\n<li>Atender y cubrir las necesidades y demandas de la familia y el entorno en el que vive el ni\u00f1o.<\/li>\n<li>Considerar al ni\u00f1o como sujeto activo de la intervenci\u00f3n.<\/li>\n<\/ul>\n<p style=\\\"text-align: justify;\\\">\n<p style=\\\"text-align: justify;\\\">La intervenci\u00f3n va dirigida a los ni\u00f1os que presentan trastornos en su desarrollo y debe iniciarse en el momento en que se detecta la existencia de una desviaci\u00f3n en su desarrollo. La intervenci\u00f3n debe ser planificada con car\u00e1cter global y de forma interdisciplinar, considerando las capacidades y dificultades del ni\u00f1o en los distintos \u00e1mbitos del desarrollo, su historia y proceso evolutivo, as\u00ed como las posibilidades y necesidades de los dem\u00e1s miembros de la familia y los recursos de que se dispone y el conocimiento y actuaci\u00f3n sobre el entorno social.<\/p>\n<p style=\\\"text-align: justify;\\\"><em>(Grupo de Atenci\u00f3n Temprana. (2.000). Libro Blanco de la Atenci\u00f3n Temprana. Edita: Real Patronato de Prevenci\u00f3n y Atenci\u00f3n a Personas con Minusval\u00eda.)<\/em><\/p>\n<p style=\\\"text-align: justify;\\\">Cristina Oroz Bajo<\/p>\n<p style=\\\"text-align: justify;\\\"><img class=\\\"size-medium wp-image-481\\\" src=\\\"https:\/\/cristinaorozbajo.com\/wp-content\/uploads\/2017\/05\/Firma-2-300x78.png\\\" alt=\\\"Firma-2\\\" width=\\\"300\\\" height=\\\"78\\\" \/><\/p>\n","protected":false},"excerpt":{"rendered":"<p>La importancia de la Atenci\u00f3n Temprana de los 0 a 6 a\u00f1os es inefable, el cerebro de un beb\u00e9 reci\u00e9n [&hellip;]<\/p>\n","protected":false},"author":1,"featured_media":89,"comment_status":"open","ping_status":"open","sticky":false,"template":"","format":"standard","meta":{"site-sidebar-layout":"default","site-content-layout":"","ast-site-content-layout":"default","site-content-style":"default","site-sidebar-style":"default","ast-global-header-display":"","ast-banner-title-visibility":"","ast-main-header-display":"","ast-hfb-above-header-display":"","ast-hfb-below-header-display":"","ast-hfb-mobile-header-display":"","site-post-title":"","ast-breadcrumbs-content":"","ast-featured-img":"","footer-sml-layout":"","ast-disable-related-posts":"","theme-transparent-header-meta":"","adv-header-id-meta":"","stick-header-meta":"","header-above-stick-meta":"","header-main-stick-meta":"","header-below-stick-meta":"","astra-migrate-meta-layouts":"default","ast-page-background-enabled":"default","ast-page-background-meta":{"desktop":{"background-color":"","background-image":"","background-repeat":"repeat","background-position":"center center","background-size":"auto","background-attachment":"scroll","background-type":"","background-media":"","overlay-type":"","overlay-color":"","overlay-opacity":"","overlay-gradient":""},"tablet":{"background-color":"","background-image":"","background-repeat":"repeat","background-position":"center center","background-size":"auto","background-attachment":"scroll","background-type":"","background-media":"","overlay-type":"","overlay-color":"","overlay-opacity":"","overlay-gradient":""},"mobile":{"background-color":"","background-image":"","background-repeat":"repeat","background-position":"center center","background-size":"auto","background-attachment":"scroll","background-type":"","background-media":"","overlay-type":"","overlay-color":"","overlay-opacity":"","overlay-gradient":""}},"ast-content-background-meta":{"desktop":{"background-color":"var(--ast-global-color-5)","background-image":"","background-repeat":"repeat","background-position":"center center","background-size":"auto","background-attachment":"scroll","background-type":"","background-media":"","overlay-type":"","overlay-color":"","overlay-opacity":"","overlay-gradient":""},"tablet":{"background-color":"var(--ast-global-color-5)","background-image":"","background-repeat":"repeat","background-position":"center center","background-size":"auto","background-attachment":"scroll","background-type":"","background-media":"","overlay-type":"","overlay-color":"","overlay-opacity":"","overlay-gradient":""},"mobile":{"background-color":"var(--ast-global-color-5)","background-image":"","background-repeat":"repeat","background-position":"center center","background-size":"auto","background-attachment":"scroll","background-type":"","background-media":"","overlay-type":"","overlay-color":"","overlay-opacity":"","overlay-gradient":""}},"footnotes":""},"categories":[11,29],"tags":[3,30,31,32,12,13,33],"class_list":["post-84","post","type-post","status-publish","format-standard","has-post-thumbnail","hentry","category-estimulacion-infantil","category-supermadres","tag-atencion-temprana","tag-deficits","tag-diagnostico","tag-discapacidad","tag-familia","tag-intervencion-terapeutica","tag-necesidades-especiales"],"_links":{"self":[{"href":"https:\/\/cristinaorozbajo.com\/en\/wp-json\/wp\/v2\/posts\/84","targetHints":{"allow":["GET"]}}],"collection":[{"href":"https:\/\/cristinaorozbajo.com\/en\/wp-json\/wp\/v2\/posts"}],"about":[{"href":"https:\/\/cristinaorozbajo.com\/en\/wp-json\/wp\/v2\/types\/post"}],"author":[{"embeddable":true,"href":"https:\/\/cristinaorozbajo.com\/en\/wp-json\/wp\/v2\/users\/1"}],"replies":[{"embeddable":true,"href":"https:\/\/cristinaorozbajo.com\/en\/wp-json\/wp\/v2\/comments?post=84"}],"version-history":[{"count":0,"href":"https:\/\/cristinaorozbajo.com\/en\/wp-json\/wp\/v2\/posts\/84\/revisions"}],"wp:featuredmedia":[{"embeddable":true,"href":"https:\/\/cristinaorozbajo.com\/en\/wp-json\/wp\/v2\/media\/89"}],"wp:attachment":[{"href":"https:\/\/cristinaorozbajo.com\/en\/wp-json\/wp\/v2\/media?parent=84"}],"wp:term":[{"taxonomy":"category","embeddable":true,"href":"https:\/\/cristinaorozbajo.com\/en\/wp-json\/wp\/v2\/categories?post=84"},{"taxonomy":"post_tag","embeddable":true,"href":"https:\/\/cristinaorozbajo.com\/en\/wp-json\/wp\/v2\/tags?post=84"}],"curies":[{"name":"wp","href":"https:\/\/api.w.org\/{rel}","templated":true}]}}